{"id":52718,"date":"2025-04-25T21:24:12","date_gmt":"2025-04-25T21:24:12","guid":{"rendered":"https:\/\/www.europesays.com\/fr\/52718\/"},"modified":"2025-04-25T21:24:12","modified_gmt":"2025-04-25T21:24:12","slug":"lafd-premier-parti-dallemagne-friedrich-merz-deja-sous-pression-2","status":"publish","type":"post","link":"https:\/\/www.europesays.com\/fr\/52718\/","title":{"rendered":"L\u2019AfD premier parti d\u2019Allemagne, Friedrich Merz d\u00e9j\u00e0 sous pression"},"content":{"rendered":"<p>AFP Videos &#8211; France<\/p>\n<p><a class=\"Td(n) C($inherit) LineClamp(2,45px) D(f) rapidnofollow\" data-uuid=\"53906591-91fc-3912-b520-c5ee8d58bc60\" href=\"https:\/\/fr.news.yahoo.com\/recevant-zelensky-lafrique-sud-change-154938862.html\" data-ylk=\"elm:hdln;itc:0;pos:1;sec:strm;subsec:moreforyou;cpos:24;ct:video;g:53906591-91fc-3912-b520-c5ee8d58bc60\" data-hosted-type=\"HOSTED\" rel=\"nofollow noopener\" target=\"_blank\">En recevant Zelensky, l&rsquo;Afrique du Sud change son cap jug\u00e9 prorusse<\/a><\/p>\n<p class=\"M(0) C($summaryColor) Fz(14px) Lh(1.43em) LineClamp(3,60px)\">Signe du changement de ton de l&rsquo;Afrique du Sud sur le conflit en Ukraine, le pr\u00e9sident Volodymyr Zelensky s&rsquo;est rendu jeudi pour la premi\u00e8re fois \u00e0 Pretoria, qui a longtemps affich\u00e9 des positions prorusses.Cons\u00e9quence des frappes russes meurtri\u00e8res sur Kiev dans la nuit, cette premi\u00e8re visite du chef d&rsquo;Etat ukrainien en Afrique a \u00e9t\u00e9 \u00e9court\u00e9e.Mais elle intervient deux mois apr\u00e8s le vote in\u00e9dit par l&rsquo;Afrique du Sud d&rsquo;une r\u00e9solution de l&rsquo;ONU qualifiant la guerre \u00ab\u00a0d&rsquo;invasion totale de l&rsquo;Ukraine\u00a0\u00bb par la Russie et \u00ab\u00a0r\u00e9affirmant son attachement\u00a0\u00bb \u00e0 l'\u00a0\u00bbint\u00e9grit\u00e9 territoriale\u00a0\u00bb du pays.Le revirement est frappant pour l&rsquo;Afrique du Sud, dont le pr\u00e9sident Cyril Ramaphosa qualifiait encore Moscou d'\u00a0\u00bballi\u00e9 et ami pr\u00e9cieux\u00a0\u00bb au sommet des Brics en octobre 2024.Cette proximit\u00e9 affich\u00e9e a valu des accusations de livraisons d&rsquo;armes \u00e0 un cargo russe, le Lady R, ayant mouill\u00e9 au Cap en d\u00e9cembre 2022. Des accusations lanc\u00e9es par l&rsquo;ex-ambassadeur des Etats-Unis.\u00a0\u00bbL&rsquo;Afrique du Sud a \u00e9t\u00e9 critiqu\u00e9e pour avoir adopt\u00e9 une position assez ambigu\u00eb sur la fa\u00e7on de d\u00e9finir le conflit\u00a0\u00bb en Ukraine, observe Priyal Singh, chercheur \u00e0 l&rsquo;Institut pour les \u00e9tudes de s\u00e9curit\u00e9 \u00e0 Pretoria, pour qui le vote de la r\u00e9solution \u00ab\u00a0a mis les choses au clair\u00a0\u00bb.La pr\u00e9sidence sud-africaine d\u00e9ment tout changement, qualifiant la visite de \u00ab\u00a0poursuite des efforts pour tenter d&rsquo;apporter une solution pacifique\u00a0\u00bb, comme \u00ab\u00a0depuis le d\u00e9but\u00a0\u00bb, selon son porte-parole.- Cibles de Trump -Les deux hommes ont en commun d&rsquo;\u00eatre des cibles r\u00e9currentes de Donald Trump. Il a qualifi\u00e9 Volodymyr Zelensky de \u00ab\u00a0dictateur\u00a0\u00bb, accus\u00e9 Pretoria de commettre un \u00ab\u00a0g\u00e9nocide\u00a0\u00bb contre les Blancs et critiqu\u00e9 la plainte pour g\u00e9nocide d\u00e9pos\u00e9e par l&rsquo;Afrique du Sud contre Isra\u00ebl devant la Cour internationale de justice.Vu \u00ab\u00a0la d\u00e9t\u00e9rioration tr\u00e8s rapide des relations entre Pretoria et Washington, l&rsquo;Afrique du Sud essaie assur\u00e9ment de trouver un terrain d&rsquo;entente avec ses partenaires europ\u00e9ens\u00a0\u00bb, l&rsquo;UE \u00e9tant son premier partenaire commercial, analyse Priyal Singh.\u00a0\u00bbLa contradiction entre la position de l&rsquo;Afrique du Sud sur Gaza et celle sur l&rsquo;Ukraine a \u00e9videmment tendu les relations\u00a0\u00bb, ajoute-t-il, rappelant son positionnement d&#8217;embl\u00e9e \u00ab\u00a0tr\u00e8s clair et de principe\u00a0\u00bb sur les bombardements de l&rsquo;enclave palestinienne par Isra\u00ebl.L&rsquo;inflexion est remarqu\u00e9e c\u00f4t\u00e9 europ\u00e9en: \u00ab\u00a0Il s&rsquo;agit d&rsquo;une \u00e9tape positive\u00a0\u00bb, juge \u00e0 propos de la visite ukrainienne le chef de mission adjoint de l&rsquo;UE en Afrique du Sud, Fulgencio Garrido Ruiz.Pretoria est devenu \u00ab\u00a0beaucoup plus coh\u00e9rent\u00a0\u00bb dans \u00ab\u00a0ses positions d&rsquo;appel au dialogue et de m\u00e9diation\u00a0\u00bb, estime Gustavo de Carvalho, chercheur \u00e0 l&rsquo;Institut sud-africain des Affaires internationales, qui fait remonter l&rsquo;\u00e9volution \u00e0 2023.Il y a pr\u00e8s de deux ans, Cyril Ramaphosa avait men\u00e9 une d\u00e9l\u00e9gation de chefs d&rsquo;Etat africains \u00e0 Saint-P\u00e9tersbourg (Russie) puis Kiev, pour appeler les deux c\u00f4t\u00e9s \u00e0 la n\u00e9gociation.- \u00ab\u00a0Vision na\u00efve\u00a0\u00bb -Cette posture n&rsquo;est \u00ab\u00a0pas simplement une vision na\u00efve\u00a0\u00bb, explique Gustavo de Carvalho, mais le fruit de \u00ab\u00a0l&rsquo;exp\u00e9rience de la transition plut\u00f4t douce en Afrique du Sud dans les ann\u00e9es 1990\u00a0\u00bb \u00e0 l&rsquo;issue de l&rsquo;apartheid.La visite s&rsquo;inscrit aussi dans une riposte de Kiev \u00e0 la \u00ab\u00a0strat\u00e9gie de communication tr\u00e8s agressive de la Russie en Afrique\u00a0\u00bb, souigne Fulgencio Garrido Ruiz, rappelant les ouvertures de nouvelles ambassades ukrainiennes sur le continent.\u00a0\u00bbPoutine n&rsquo;aime pas la pr\u00e9sence de l&rsquo;Ukraine en Afrique\u00a0\u00bb, a lanc\u00e9 Volodymyr Zelensky jeudi. \u00ab\u00a0Il ne veut surtout pas que l&rsquo;Ukraine \u00e9tablisse de bonnes relations, humaines mais aussi \u00e9conomiques, avec les pays de votre continent. Ils veulent \u00eatre les seuls pr\u00e9sents dans votre pays, comme ailleurs. C&rsquo;est leur politique.\u00a0\u00bbLoin de tourner le dos \u00e0 Moscou, Cyril Ramaphosa avait appel\u00e9 lundi son homologue russe Vladimir Poutine pour \u00ab\u00a0affirmer les solides relations\u00a0\u00bb entre les deux pays.Ce lien persistant s&rsquo;explique, selon Priyal Singh, par l'\u00a0\u00bbinternationalisme progressiste\u00a0\u00bb au coeur de la politique \u00e9trang\u00e8re sud-africaine, qui est d&rsquo;apr\u00e8s lui une \u00ab\u00a0vision tr\u00e8s binaire du monde\u00a0\u00bb distinguant \u00ab\u00a0les puissances imp\u00e9riales et tous les autres opprim\u00e9s\u00a0\u00bb.\u00a0Sur la base de ce logiciel, \u00ab\u00a0pas mis \u00e0 jour depuis les ann\u00e9es 1980\u00a0\u00bb et \u00ab\u00a0enracin\u00e9 dans la guerre froide\u00a0\u00bb, \u00ab\u00a0l&rsquo;ANC (le parti au pouvoir en Afrique du Sud) ne verra jamais la Russie comme une puissance imp\u00e9riale\u00a0\u00bb.clv\/ger\/blb<\/p>\n","protected":false},"excerpt":{"rendered":"AFP Videos &#8211; France En recevant Zelensky, l&rsquo;Afrique du Sud change son cap jug\u00e9 prorusse Signe du changement&hellip;\n","protected":false},"author":2,"featured_media":52719,"comment_status":"","ping_status":"","sticky":false,"template":"","format":"standard","meta":{"footnotes":""},"categories":[1587],"tags":[11,672,1804,1805,1803,1777,674,4710,1801,12,1802],"class_list":{"0":"post-52718","1":"post","2":"type-post","3":"status-publish","4":"format-standard","5":"has-post-thumbnail","7":"category-allemagne","8":"tag-actualites","9":"tag-allemagne","10":"tag-bundesrepublik-deutschland","11":"tag-de","12":"tag-deutschland","13":"tag-eu","14":"tag-europe","15":"tag-friedrich-merz","16":"tag-germany","17":"tag-news","18":"tag-republique-federale-dallemagne"},"share_on_mastodon":{"url":"https:\/\/pubeurope.com\/@fr\/114400714057024978","error":""},"_links":{"self":[{"href":"https:\/\/www.europesays.com\/fr\/wp-json\/wp\/v2\/posts\/52718","targetHints":{"allow":["GET"]}}],"collection":[{"href":"https:\/\/www.europesays.com\/fr\/wp-json\/wp\/v2\/posts"}],"about":[{"href":"https:\/\/www.europesays.com\/fr\/wp-json\/wp\/v2\/types\/post"}],"author":[{"embeddable":true,"href":"https:\/\/www.europesays.com\/fr\/wp-json\/wp\/v2\/users\/2"}],"replies":[{"embeddable":true,"href":"https:\/\/www.europesays.com\/fr\/wp-json\/wp\/v2\/comments?post=52718"}],"version-history":[{"count":0,"href":"https:\/\/www.europesays.com\/fr\/wp-json\/wp\/v2\/posts\/52718\/revisions"}],"wp:featuredmedia":[{"embeddable":true,"href":"https:\/\/www.europesays.com\/fr\/wp-json\/wp\/v2\/media\/52719"}],"wp:attachment":[{"href":"https:\/\/www.europesays.com\/fr\/wp-json\/wp\/v2\/media?parent=52718"}],"wp:term":[{"taxonomy":"category","embeddable":true,"href":"https:\/\/www.europesays.com\/fr\/wp-json\/wp\/v2\/categories?post=52718"},{"taxonomy":"post_tag","embeddable":true,"href":"https:\/\/www.europesays.com\/fr\/wp-json\/wp\/v2\/tags?post=52718"}],"curies":[{"name":"wp","href":"https:\/\/api.w.org\/{rel}","templated":true}]}}