{"id":527183,"date":"2025-11-11T13:09:11","date_gmt":"2025-11-11T13:09:11","guid":{"rendered":"https:\/\/www.europesays.com\/fr\/527183\/"},"modified":"2025-11-11T13:09:11","modified_gmt":"2025-11-11T13:09:11","slug":"gigantesque-incendie-mort-sur-la-francilienne-stations-de-metro-fermees-linfo-a-midi-en-ile-de-france","status":"publish","type":"post","link":"https:\/\/www.europesays.com\/fr\/527183\/","title":{"rendered":"Gigantesque incendie, mort sur la Francilienne, stations de m\u00e9tro ferm\u00e9es&#8230; L\u2019info \u00e0 midi en \u00cele-de-France"},"content":{"rendered":"<p>            Par<br \/>\n        <strong><br \/>\n            <a href=\"https:\/\/actu.fr\/auteur\/redaction-lerepublique\" title=\"Consulter tous les articles de R\u00e9daction La R\u00e9publique de Seine et Marne\" target=\"_blank\" rel=\"noopener\">R\u00e9daction La R\u00e9publique de Seine et Marne<\/a><br \/>\n        <\/strong><\/p>\n<p>        Publi\u00e9 le<\/p>\n<p>            11 nov. 2025 \u00e0 12h50        <\/p>\n<p>Aujourd\u2019hui, c\u2019est f\u00e9ri\u00e9 ! Alors que se passe-t-il ce <b>mardi 11 novembre 2025<\/b> en \u00cele-de-France ? Voici l\u2019essentiel de l\u2019actualit\u00e9 \u00e0 midi : en <a href=\"https:\/\/actu.fr\/la-republique-de-seine-et-marne\/\" target=\"_blank\" rel=\"noopener\">Seine-et-Marne<\/a>, un \u00e9norme incendie ravage un entrep\u00f4t de peinture et un pi\u00e9ton a perdu la vie sur la Francilienne, \u00e0 <a href=\"https:\/\/actu.fr\/paris\/\" target=\"_blank\" rel=\"noopener\">Paris<\/a>, la pr\u00e9fecture de Police a fait fermer plusieurs stations de m\u00e9tro et dans le <a href=\"https:\/\/actu.fr\/la-gazette-du-val-d-oise\/\" target=\"_blank\" rel=\"noopener\">Val-d\u2019Oise<\/a>, un homme suspect\u00e9 \u00e0 tort de l\u2019assassinat de Samuel Paty raconte son histoire.<\/p>\n<p>Les informations \u00e0 retenir ce mardi 11 novembre 2025, \u00e0 midi, en \u00cele-de-France<\/p>\n<p class=\" wall-content\"><b>Paris.\u00a0<\/b><a href=\"https:\/\/actu.fr\/ile-de-france\/paris_75056\/ratp-la-prefecture-de-police-fait-fermer-plusieurs-stations-de-metro-a-paris-voici-lesquelles_63421573.html\" target=\"_blank\" rel=\"noopener\">RATP. La pr\u00e9fecture de Police fait fermer plusieurs stations de m\u00e9tro \u00e0 Paris, voici lesquelles<\/a><\/p>\n<p class=\" wall-content\">Stations de m\u00e9tro ferm\u00e9es, correspondances impossibles. On fait le point sur les perturbations dans les transports \u00e0 Paris ce mardi 11 novembre 2025.<\/p>\n<p class=\" wall-content\"><b>Seine-et-Marne.\u00a0<\/b><a href=\"https:\/\/actu.fr\/ile-de-france\/saint-mard_77420\/seine-et-marne-un-enorme-incendie-ravage-entierement-un-entrepot-de-peinture-et-un-restaurant-populaire_63422056.html\" target=\"_blank\" rel=\"noopener\">Seine-et-Marne : un \u00e9norme incendie ravage enti\u00e8rement un entrep\u00f4t de peinture et un restaurant populaire<\/a><\/p>\n<p class=\" wall-content\">Depuis 3 h du matin, ce mardi 11 novembre, une centaine de pompiers de Seine-et-Marne sont engag\u00e9s sur un impressionnant incendie dans un entrep\u00f4t de peinture, \u00e0 Saint-Mard.<\/p>\n<p class=\" wall-content\"><a href=\"https:\/\/actu.fr\/ile-de-france\/evry-gregy-sur-yerre_77175\/accident-sur-la-francilienne-mort-dun-pieton-percute-par-plusieurs-voitures-en-seine-et-marne_63421334.html\" target=\"_blank\" rel=\"noopener\">Accident sur la Francilienne : mort d\u2019un pi\u00e9ton, percut\u00e9 par plusieurs voitures sur la N104 en Seine-et-Marne<\/a><\/p>\n<p class=\" wall-content\">Un homme de 39 ans est d\u00e9c\u00e9d\u00e9, ce dimanche 9 novembre 2025, sur l\u2019\u00e9changeur entre la Francilienne et l\u2019A5B, \u00e0 Evry-Gr\u00e9gy-sur-Yerre. Le pi\u00e9ton a \u00e9t\u00e9 heurt\u00e9 par plusieurs v\u00e9hicules.<b\/><\/p>\n<p class=\" wall-content\"><b>Yvelines.\u00a0<\/b><a href=\"https:\/\/actu.fr\/societe\/elles-appartiennent-a-tous-faut-il-ouvrir-davantage-les-eglises-dans-les-villages-des-yvelines_63421651.html\" target=\"_blank\" rel=\"noopener\">\u00a0\u00bb Elles appartiennent \u00e0 tous \u00a0\u00bb : faut-il ouvrir davantage les \u00e9glises dans les villages des Yvelines\u00a0?<\/a><\/p>\n<p class=\" wall-content\">Comment faciliter l\u2019acc\u00e8s aux \u00e9glises et les mettre en valeur dans les communes rurales des Yvelines ? Ce vaste sujet sera d\u00e9battu le 15 novembre 2025 \u00e0 Poigny-la-For\u00eat.<\/p>\n<p class=\" wall-content\"><b>Essonne.\u00a0<\/b><a href=\"https:\/\/actu.fr\/ile-de-france\/etrechy_91226\/une-chance-pour-notre-ville-les-equipes-de-la-serie-documentaire-b-r-i-ont-tourne-des-scenes-en-essonne_63417948.html\" target=\"_blank\" rel=\"noopener\">\u00ab\u00a0Une chance pour notre ville\u00a0\u00bb : les \u00e9quipes de la s\u00e9rie documentaire B.R.I. ont tourn\u00e9 des sc\u00e8nes en Essonne<\/a><\/p>\n<p class=\" wall-content\">Des sc\u00e8nes de la nouvelle saison de \u00ab\u00a0B.R.I. La s\u00e9rie documentaire\u00a0\u00bb, diffus\u00e9e sur Canal+, ont \u00e9t\u00e9 tourn\u00e9es jeudi dernier dans le centre-ville d\u2019\u00c9tr\u00e9chy.<\/p>\n<p>Vid\u00e9os : en ce moment sur Actu<\/p>\n<p class=\" wall-content\"><b>Hauts-de-Seine.\u00a0<\/b><a href=\"https:\/\/actu.fr\/economie\/westfield-qwartz-decouvrez-quels-centres-commerciaux-sont-ouverts-dans-les-hauts-de-seine-ce-11-novembre_63416817.html\" target=\"_blank\" rel=\"noopener\">Westfield, Qwartz\u2026 D\u00e9couvrez quels centres commerciaux sont ouverts dans les Hauts-de-Seine ce 11 novembre<\/a><\/p>\n<p class=\" wall-content\">Ce mardi 11 novembre 2025 est f\u00e9ri\u00e9. Mais certains centres-commerciaux seront malgr\u00e9 tout ouverts dans les Hauts-de-Seine. On fait le point.<\/p>\n<p class=\" wall-content\"><b>Val-d\u2019Oise.\u00a0<\/b><a href=\"https:\/\/actu.fr\/ile-de-france\/saint-gratien_95555\/assassinat-de-samuel-paty-suspecte-a-tort-il-raconte-son-histoire-avec-laide-dun-habitant-du-val-doise_63403067.html\" target=\"_blank\" rel=\"noopener\">Assassinat de Samuel Paty : suspect\u00e9 \u00e0 tort, il raconte son histoire avec l\u2019aide d\u2019un habitant du Val-d\u2019Oise<\/a><\/p>\n<p class=\" wall-content\">Lo\u00efc Turgis raconte par \u00e9crit cette journ\u00e9e o\u00f9 il a \u00e9t\u00e9 suspect\u00e9 de l\u2019assassinat du professeur. Jean-Marie Malbec, habitant de Saint-Gratien (Val-d\u2019Oise), l\u2019a aid\u00e9 \u00e0 r\u00e9diger.<\/p>\n<p>Votre r\u00e9gion, votre actu !<\/p>\n<p>Recevez chaque jour les infos qui comptent pour vous.<\/p>\n<p>\t<a href=\"https:\/\/actu.fr\/newsletter\" class=\"ac-btn ac-btn--corner ac-btn--medium ac-btn--blue800\" target=\"_blank\" rel=\"noopener\">S&rsquo;incrire<\/a><\/p>\n<p class=\" wall-content\"><b>Suivez-nous pour en savoir plus\u2009!<\/b><br \/>Vous voulez plus d\u2019infos sur l\u2019\u00cele-de-France\u2009? Vous pouvez nous retrouver sur actu \u00cele-de-France. Pour nous suivre sur les r\u00e9seaux sociaux, dans vos d\u00e9partements\u2009:<\/p>\n<p class=\" wall-content\"><b>Paris<\/b>\u2009: retrouvez\u00a0actu\u00a0Paris\u00a0sur\u00a0<a href=\"https:\/\/www.facebook.com\/actufr.paris\/\" target=\"_blank\" rel=\"noopener\">Facebook<\/a>\u00a0et\u00a0<a href=\"https:\/\/twitter.com\/actufrparis\" target=\"_blank\" rel=\"noopener\">Twitter<\/a>\u2009;<br \/><b>Seine-et-Marne<\/b>\u2009: retrouvez\u00a0La R\u00e9publique de Seine-et-Marne\u00a0(sud) sur\u00a0<a href=\"https:\/\/www.facebook.com\/RepubliqueSeineMarne\/\" target=\"_blank\" rel=\"noopener\">Facebook<\/a>\u00a0et\u00a0<a href=\"https:\/\/twitter.com\/LaRep77\" target=\"_blank\" rel=\"noopener\">Twitter<\/a>\u2009;\u00a0La Marne\u00a0(nord) sur\u00a0<a href=\"https:\/\/www.facebook.com\/journallarmarne\/?__tn__=%2Cd%2CP-R&amp;eid=ARDLZc91LaHbXzDwChLLLQJVMBLx_ABJremTC2-RG0CYvg0f4f8CLvbV5G1Lli4g_6QoXDcKkU1_LX1W\" target=\"_blank\" rel=\"noopener\">Facebook<\/a>\u00a0et\u00a0<a href=\"https:\/\/twitter.com\/JournalLaMarne\" target=\"_blank\" rel=\"noopener\">Twitter<\/a>\u2009; et\u00a0Le Pays Briard\u00a0sur\u00a0<a href=\"https:\/\/www.facebook.com\/LePaysBriard\/?ref=bookmarks\" target=\"_blank\" rel=\"noopener\">Facebook<\/a>\u00a0et\u00a0<a href=\"https:\/\/twitter.com\/LePaysBriard\" target=\"_blank\" rel=\"noopener\">Twitter<\/a>\u2009;<br \/><b>Yvelines\u2009:<\/b>\u00a0retrouvez\u00a078actu\u00a0sur\u00a0<a href=\"https:\/\/www.facebook.com\/78actu\/\" target=\"_blank\" rel=\"noopener\">Facebook<\/a>\u00a0et\u00a0<a href=\"https:\/\/x.com\/78actu\">Twitter<\/a>\u2009;<br \/><b>Essonne\u2009:<\/b>\u00a0retrouvez\u00a0actu Essonne\u00a0sur\u00a0<a href=\"https:\/\/www.facebook.com\/actuessonne\/?ref=br_rs\" target=\"_blank\" rel=\"noopener\">Facebook<\/a>\u00a0et\u00a0<a href=\"https:\/\/twitter.com\/ActuEssonne\" target=\"_blank\" rel=\"noopener\">Twitter<\/a>\u2009;<br \/><b>Hauts-de-Seine\u2009:<\/b>\u00a0retrouvez\u00a0actu\u00a0Hauts-de-Seine\u00a0sur\u00a0<a href=\"https:\/\/www.facebook.com\/actufr.hautsdeseine\/\" target=\"_blank\" rel=\"noopener\">Facebook<\/a>\u00a0et\u00a0<a href=\"https:\/\/twitter.com\/actufr92\" target=\"_blank\" rel=\"noopener\">Twitter<\/a>\u2009;<br \/><b>Seine-Saint-Denis\u2009:<\/b>\u00a0retrouvez actu Seine-Saint-Denis sur\u00a0<a href=\"https:\/\/www.facebook.com\/actufr.seinesaintdenis\/\" target=\"_blank\" rel=\"noopener\">Facebook<\/a>\u00a0et\u00a0<a href=\"https:\/\/x.com\/Actufr93\">Twitter<\/a>\u2009;<br \/><b>Val-de-Marne\u2009:\u00a0<\/b>retrouvez actu Val-de-Marne sur\u00a0<a href=\"https:\/\/www.facebook.com\/actu94.valdemarne\/\" target=\"_blank\" rel=\"noopener\">Facebook<\/a>\u00a0et\u00a0<a href=\"https:\/\/x.com\/actufr94\">Twitter<\/a>\u2009;<br \/><b>Val-d\u2019Oise\u2009:<\/b>\u00a0retrouvez La Gazette du Val-d\u2019Oise sur\u00a0<a href=\"https:\/\/x.com\/actufr94\">Twitter<\/a><\/p>\n<p class=\" wall-content\">Personnalisez votre actualit\u00e9 en ajoutant vos villes et m\u00e9dias en favori avec <a href=\"https:\/\/moncompte.actu.fr\" title=\"D\u00e9couvez Mon Actu\" rel=\"nofollow noopener\" data-trk=\"{&quot;cta&quot;:{&quot;action&quot;:&quot;https:\\\/\\\/moncompte.actu.fr&quot;,&quot;category&quot;:&quot;mon compte&quot;,&quot;from&quot;:&quot;article footer&quot;,&quot;name&quot;:&quot;Mon actu&quot;,&quot;type&quot;:&quot;cta&quot;}}\" target=\"_blank\">Mon Actu<\/a>.<\/p>\n<p>                    <script async src=\"https:\/\/platform.twitter.com\/widgets.js\" charset=\"utf-8\"><\/script><\/p>\n","protected":false},"excerpt":{"rendered":"Par R\u00e9daction La R\u00e9publique de Seine et Marne Publi\u00e9 le 11 nov. 2025 \u00e0 12h50 Aujourd\u2019hui, c\u2019est f\u00e9ri\u00e9&hellip;\n","protected":false},"author":2,"featured_media":527184,"comment_status":"","ping_status":"","sticky":false,"template":"","format":"standard","meta":{"footnotes":""},"categories":[1888],"tags":[119,11,1777,674,1011,27,1310,4047,12,626,25,104],"class_list":{"0":"post-527183","1":"post","2":"type-post","3":"status-publish","4":"format-standard","5":"has-post-thumbnail","7":"category-paris","8":"tag-accident","9":"tag-actualites","10":"tag-eu","11":"tag-europe","12":"tag-fr","13":"tag-france","14":"tag-incendie","15":"tag-metro","16":"tag-news","17":"tag-paris","18":"tag-republique-francaise","19":"tag-societe"},"share_on_mastodon":{"url":"https:\/\/pubeurope.com\/@fr\/115531229740384962","error":""},"_links":{"self":[{"href":"https:\/\/www.europesays.com\/fr\/wp-json\/wp\/v2\/posts\/527183","targetHints":{"allow":["GET"]}}],"collection":[{"href":"https:\/\/www.europesays.com\/fr\/wp-json\/wp\/v2\/posts"}],"about":[{"href":"https:\/\/www.europesays.com\/fr\/wp-json\/wp\/v2\/types\/post"}],"author":[{"embeddable":true,"href":"https:\/\/www.europesays.com\/fr\/wp-json\/wp\/v2\/users\/2"}],"replies":[{"embeddable":true,"href":"https:\/\/www.europesays.com\/fr\/wp-json\/wp\/v2\/comments?post=527183"}],"version-history":[{"count":0,"href":"https:\/\/www.europesays.com\/fr\/wp-json\/wp\/v2\/posts\/527183\/revisions"}],"wp:featuredmedia":[{"embeddable":true,"href":"https:\/\/www.europesays.com\/fr\/wp-json\/wp\/v2\/media\/527184"}],"wp:attachment":[{"href":"https:\/\/www.europesays.com\/fr\/wp-json\/wp\/v2\/media?parent=527183"}],"wp:term":[{"taxonomy":"category","embeddable":true,"href":"https:\/\/www.europesays.com\/fr\/wp-json\/wp\/v2\/categories?post=527183"},{"taxonomy":"post_tag","embeddable":true,"href":"https:\/\/www.europesays.com\/fr\/wp-json\/wp\/v2\/tags?post=527183"}],"curies":[{"name":"wp","href":"https:\/\/api.w.org\/{rel}","templated":true}]}}