{"id":527185,"date":"2025-11-11T13:10:21","date_gmt":"2025-11-11T13:10:21","guid":{"rendered":"https:\/\/www.europesays.com\/fr\/527185\/"},"modified":"2025-11-11T13:10:21","modified_gmt":"2025-11-11T13:10:21","slug":"pourquoi-une-prostate-geante-a-paris-et-a-emerainville","status":"publish","type":"post","link":"https:\/\/www.europesays.com\/fr\/527185\/","title":{"rendered":"Pourquoi une prostate g\u00e9ante \u00e0 Paris et \u00e0 Emerainville ?"},"content":{"rendered":"<p class=\"paragraph text_align_left lp-f-body-02\">Octobre rose, tout le monde conna\u00eet : c\u2019est la campagne de communication destin\u00e9e \u00e0 <a href=\"https:\/\/www.leparisien.fr\/seine-et-marne-77\/octobre-rose-a-meaux-elles-tricotent-des-protheses-mammaires-en-coton-pour-les-femmes-victimes-du-cancer-01-11-2025-2RVYZND5XFHZ3NHTBHBDIVJB4M.php\" target=\"_self\" rel=\"nofollow noopener\">sensibiliser les femmes au cancer du sein<\/a>. Novembre bleu est peut-\u00eatre un peu moins connu et pourtant, il s\u2019agit d\u2019un \u00e9v\u00e9nement tout aussi important, puisqu\u2019il vise \u00e0 alerter les hommes sur les cancers de la prostate et du testicule. Une campagne d\u2019autant plus utile que ces tumeurs malignes sont le plus souvent silencieuses.<\/p>\n<p class=\"paragraph text_align_left lp-f-body-02\">Olivier J\u00e9r\u00f4me, le <a href=\"https:\/\/www.leparisien.fr\/societe\/sante\/des-associations-de-patients-se-mettent-a-nu-pour-rompre-le-tabou-de-la-maladie-16-12-2019-8218119.php\" target=\"_self\" rel=\"nofollow noopener\">pr\u00e9sident et fondateur de l\u2019association CerHom<\/a> (Cer pour la fin du mot cancer et Hom pour le d\u00e9but du mot homme), bataille <a href=\"https:\/\/www.lespatientssengagent.fr\/olivier-jerome-fondateur-de-cerhom-la-fin-du-cancer-le-debut-de-lhomme\" target=\"_self\" rel=\"nofollow noopener\">depuis plus de dix ans<\/a> pour encourager les hommes \u00e0 prendre en main leur sant\u00e9. \u00ab Si on caricature un peu, un homme c\u2019est fort et viril et ce n\u2019est pas sensible. Les femmes ont l\u2019habitude de s\u2019occuper de leur sant\u00e9 et de celle des autres. Mais pas les hommes \u00bb, explique le p\u00e8re de famille, touch\u00e9 par la maladie en 2001.<\/p>\n<p class=\"paragraph text_align_left lp-f-body-02\">Aujourd\u2019hui, ce militant engag\u00e9 ne cesse de le marteler : si on ne cherche pas, on ne trouve pas. Une attitude qui emp\u00eache de d\u00e9tecter la maladie &#8211; potentiellement mortelle &#8211; quand il est encore temps. Les chiffres sont rudes. Le cancer de la prostate, qui touche principalement les hommes de plus de 50 ans, c\u2019est 60 000 nouveaux cas, 9 200 d\u00e9c\u00e8s par an en France (plus d\u2019un par heure !) et un homme sur cinq touch\u00e9 dans sa vie. Avec le cancer du testicule, plus fr\u00e9quent chez les hommes de 18 \u00e0 35 ans, on parle de 2 800 nouveaux cas par an. D\u2019o\u00f9 l\u2019importance d\u2019un d\u00e9pistage pr\u00e9coce.<\/p>\n<p>\u00ab Pourquoi vous serrer les cordons de la bourse ? Palpez-les ! \u00bb<\/p>\n<p class=\"paragraph text_align_left lp-f-body-02\">Pour ce Novembre bleu 2025, CerHom va lancer la deuxi\u00e8me \u00e9dition de \u00ab La Prise de la Bourse \u00bb, mercredi 12 novembre, de 10 heures \u00e0 19 heures, place de la Bourse, \u00e0 Paris. Avec, non sans humour, ce message : \u00ab Pourquoi vous serrer les cordons de la bourse ? Palpez-les ! \u00bb Pour rappeler que \u00ab la Bourse et la Vie \u00bb sont des priorit\u00e9s indissociables. Un \u00e9v\u00e9nement grand public organis\u00e9 <a href=\"https:\/\/www.leparisien.fr\/societe\/sante\/moustache-levee-de-fonds-et-autopalpation-quest-ce-que-movember-le-mois-de-sensibilisation-aux-cancers-masculins-04-11-2025-3RSGEFQ7WZD53FE77HVSUVWCKE.php?ts=1762764223140\" target=\"_self\" rel=\"nofollow noopener\">avec le soutien de Movember<\/a> et de la ville de Paris, pour sensibiliser les hommes \u00e0 l\u2019autopalpation des testicules.<\/p>\n<p class=\"paragraph text_align_left lp-f-body-02\">Une prostate g\u00e9ante sera install\u00e9e : il s\u2019agit d\u2019une installation ludique et p\u00e9dagogique pour comprendre l\u2019importance du d\u00e9pistage pr\u00e9coce, comme les tests PSA (dosage effectu\u00e9 \u00e0 partir d\u2019une prise de sang) et le toucher rectal. Un espace confidentiel sera mis en place avec des m\u00e9decins pour r\u00e9pondre aux questions. Sont \u00e9galement pr\u00e9vues une distribution de \u00ab kits de palpation \u00bb, des d\u00e9monstrations pour apprendre \u00e0 d\u00e9tecter les anomalies et des activit\u00e9s de bien-\u00eatre.<\/p>\n<p class=\"paragraph text_align_left lp-f-body-02\">Le tout en culture avec une sc\u00e8ne ouverte, m\u00e9lange de stand-up, de talks et de th\u00e9\u00e2tre de rue, pour aborder la sant\u00e9 masculine sans tabou. Une campagne d\u2019affichage sera d\u00e9ploy\u00e9e \u00e0 partir de ce mardi 11 novembre \u00e0 la station de m\u00e9tro Bourse, avec ce message de pr\u00e9vention : \u00ab M\u00e9tro BOules DOdo \u00bb.<\/p>\n<p class=\"paragraph text_align_left lp-f-body-02\">A Emerainville (Seine-et-Marne), Novembre bleu ne passera pas inaper\u00e7u non plus, puisque l\u00e0 aussi une prostate g\u00e9ante sera install\u00e9e sur le parvis de la mairie le samedi 22 novembre. Sans compter que durant tout le mois, une exposition p\u00e9dagogique consacr\u00e9e aux cancers masculins est visible dans le hall d\u2019accueil de l\u2019h\u00f4tel de ville, illumin\u00e9 en bleu et orn\u00e9 de n\u0153uds azur\u00e9s.<\/p>\n<p class=\"paragraph text_align_left lp-f-body-02\">Pourquoi un tel engagement dans cette ville de quelque 7 500 habitants, situ\u00e9e \u00e0 l\u2019ouest du d\u00e9partement ? \u00ab Et pourquoi pas ? \u00bb, r\u00e9torque Alain Kelyor, le maire (DVD) de la commune. En r\u00e9alit\u00e9, l\u2019id\u00e9e trottait depuis plusieurs ann\u00e9es dans la t\u00eate de cet \u00e9lu, conscient que les hommes sont peut-\u00eatre moins soucieux de leur sant\u00e9 que les femmes. \u00ab Ce qui m\u2019a r\u00e9veill\u00e9, c\u2019est quand je suis tomb\u00e9 sur la photo d\u2019une prostate g\u00e9ante install\u00e9e devant un h\u00f4pital en Bretagne \u00bb, reconna\u00eet-il.<\/p>\n<p class=\"paragraph text_align_left lp-f-body-02\">Le CCAS (Centre communal d\u2019action sociale) a aussit\u00f4t \u00e9t\u00e9 mobilis\u00e9, pour trouver les bons partenariats et faire venir la prostate g\u00e9ante &#8211; structure haute de 3,40 m, large de 4,15 m et longue de 5,30 m &#8211; qui appartient \u00e0 l\u2019association fran\u00e7aise d\u2019urologie. Pour permettre au public de d\u00e9couvrir de mani\u00e8re ludique les m\u00e9canismes de la maladie. \u00ab Des m\u00e9decins et des associations seront pr\u00e9sentes pour r\u00e9pondre aux questions \u00bb, annonce Corinne Steiner, responsable du CCAS.<\/p>\n","protected":false},"excerpt":{"rendered":"Octobre rose, tout le monde conna\u00eet : c\u2019est la campagne de communication destin\u00e9e \u00e0 sensibiliser les femmes au&hellip;\n","protected":false},"author":2,"featured_media":527186,"comment_status":"","ping_status":"","sticky":false,"template":"","format":"standard","meta":{"footnotes":""},"categories":[1888],"tags":[11,1777,674,1011,27,1944,12,626,25,1937],"class_list":{"0":"post-527185","1":"post","2":"type-post","3":"status-publish","4":"format-standard","5":"has-post-thumbnail","7":"category-paris","8":"tag-actualites","9":"tag-eu","10":"tag-europe","11":"tag-fr","12":"tag-france","13":"tag-ma-ville","14":"tag-news","15":"tag-paris","16":"tag-republique-francaise","17":"tag-seine-et-marne"},"share_on_mastodon":{"url":"https:\/\/pubeurope.com\/@fr\/115531233741971231","error":""},"_links":{"self":[{"href":"https:\/\/www.europesays.com\/fr\/wp-json\/wp\/v2\/posts\/527185","targetHints":{"allow":["GET"]}}],"collection":[{"href":"https:\/\/www.europesays.com\/fr\/wp-json\/wp\/v2\/posts"}],"about":[{"href":"https:\/\/www.europesays.com\/fr\/wp-json\/wp\/v2\/types\/post"}],"author":[{"embeddable":true,"href":"https:\/\/www.europesays.com\/fr\/wp-json\/wp\/v2\/users\/2"}],"replies":[{"embeddable":true,"href":"https:\/\/www.europesays.com\/fr\/wp-json\/wp\/v2\/comments?post=527185"}],"version-history":[{"count":0,"href":"https:\/\/www.europesays.com\/fr\/wp-json\/wp\/v2\/posts\/527185\/revisions"}],"wp:featuredmedia":[{"embeddable":true,"href":"https:\/\/www.europesays.com\/fr\/wp-json\/wp\/v2\/media\/527186"}],"wp:attachment":[{"href":"https:\/\/www.europesays.com\/fr\/wp-json\/wp\/v2\/media?parent=527185"}],"wp:term":[{"taxonomy":"category","embeddable":true,"href":"https:\/\/www.europesays.com\/fr\/wp-json\/wp\/v2\/categories?post=527185"},{"taxonomy":"post_tag","embeddable":true,"href":"https:\/\/www.europesays.com\/fr\/wp-json\/wp\/v2\/tags?post=527185"}],"curies":[{"name":"wp","href":"https:\/\/api.w.org\/{rel}","templated":true}]}}