{"id":527189,"date":"2025-11-11T13:12:14","date_gmt":"2025-11-11T13:12:14","guid":{"rendered":"https:\/\/www.europesays.com\/fr\/527189\/"},"modified":"2025-11-11T13:12:14","modified_gmt":"2025-11-11T13:12:14","slug":"moscou-dit-avoir-dejoue-un-complot-ukraino-britannique-visant-a-detourner-un-avion-de-chasse","status":"publish","type":"post","link":"https:\/\/www.europesays.com\/fr\/527189\/","title":{"rendered":"Moscou dit avoir d\u00e9jou\u00e9 un complot ukraino-britannique visant \u00e0 d\u00e9tourner un avion de chasse"},"content":{"rendered":"<p>Kiev et Bucarest ont d\u00e9menti mardi les all\u00e9gations de Moscou qui assure que l&rsquo;Ukraine et son alli\u00e9 britannique auraient tent\u00e9 de d\u00e9tourner vers la Roumanie,<a href=\"https:\/\/www.laprovence.com\/article\/politique\/29208619164214\/un-avion-militaire-russe-detecte-a-proximite-de-lespace-aerien-britannique\" target=\"_blank\" rel=\"noopener\"> un avion de chasse russe \u00e9quip\u00e9 d&rsquo;un missile hypersonique Kinjal<\/a>. La Russie, qui a lanc\u00e9 une offensive \u00e0 grande \u00e9chelle contre l&rsquo;Ukraine en f\u00e9vrier 2022, accuse r\u00e9guli\u00e8rement Kie<\/p>\n<p>Mardi matin, le Service f\u00e9d\u00e9ral russe de s\u00e9curit\u00e9 (FSB) a dit avoir mis \u00ab\u00a0fin \u00e0 l&rsquo;op\u00e9ration des Services de renseignement du minist\u00e8re ukrainien de la D\u00e9fense et de ses tuteurs britanniques visant \u00e0 d\u00e9tourner vers l&rsquo;\u00e9tranger un avion de chasse MiG-31 des forces arm\u00e9es russes, porteur du missile hypersonique Kinjal\u00a0\u00bb. Le centre ukrainien de lutte contre la d\u00e9sinformation, un organe du Conseil de s\u00e9curit\u00e9 nationale et de d\u00e9fense de l&rsquo;Ukraine, a qualifi\u00e9 mardi ces all\u00e9gations de \u00ab\u00a0propagande\u00a0\u00bb.<\/p>\n<p>\u00a0Andrei Tarnea, a qualifi\u00e9 ces accusations d'\u00a0\u00bbinvent\u00e9es\u00a0\u00bb et les a compar\u00e9es \u00e0 un \u00ab\u00a0roman d&rsquo;espionnage sovi\u00e9tique\u00a0\u00bb<\/p>\n<p>\u00ab\u00a0La diffusion de telles accusations mensong\u00e8res est une tactique typique des services de renseignement russes\u00a0\u00bb, a-t-il d\u00e9clar\u00e9 sur les r\u00e9seaux sociaux.<\/p>\n<p>Selon le FSB, l&rsquo;avion aurait d\u00fb ensuite \u00eatre achemin\u00e9 vers la base a\u00e9rienne militaire de l&rsquo;Otan de Constanta, en Roumanie, situ\u00e9e sur les bords de la mer Noire, o\u00f9 l&rsquo;appareil aurait ensuite pu \u00eatre \u00ab\u00a0abattu\u00a0\u00bb par les syst\u00e8mes de d\u00e9fense antia\u00e9rienne, a encore expliqu\u00e9 le FSB. Le porte-parole du minist\u00e8re des Affaires \u00e9trang\u00e8res roumain, Andrei Tarnea, a qualifi\u00e9 ces accusations d'\u00a0\u00bbinvent\u00e9es\u00a0\u00bb et les a compar\u00e9es \u00e0 un \u00ab\u00a0roman d&rsquo;espionnage sovi\u00e9tique\u00a0\u00bb dans un message publi\u00e9 mardi sur la plateforme X.<\/p>\n<p>\u00ab\u00a0Ce qui est r\u00e9el, en revanche, c&rsquo;est l&rsquo;agression et les provocations russes, que ces histoires sur les avions et les espions tentent de dissimuler,\u00a0\u00bb a-t-il ajout\u00e9. Dans une vid\u00e9o du FSB diffus\u00e9e par la t\u00e9l\u00e9vision russe, une personne au visage dissimul\u00e9, pr\u00e9sent\u00e9e comme l&rsquo;un des pilotes approch\u00e9s, affirme s&rsquo;\u00eatre vu proposer, par mail, par le renseignement ukrainien de \u00ab\u00a0tuer\u00a0\u00bb le commandant de l&rsquo;avion avant de d\u00e9tourner l&rsquo;appareil, en \u00e9change de trois millions de dollars et de l&rsquo;obtention de \u00ab\u00a0la nationalit\u00e9 d&rsquo;un pays occidental\u00a0\u00bb.\u00a0<\/p>\n<p>En \u00ab\u00a0riposte \u00e0 cette provocation\u00a0\u00bb, les forces russes ont effectu\u00e9 une frappe au moyen de missiles Kinjal contre un centre de renseignement \u00e9lectronique de l&rsquo;arm\u00e9e ukrainienne \u00e0 Brovary, dans la banlieue de Kiev, et une base a\u00e9rienne de Starokostiantyniv dans la r\u00e9gion de Khmelnitsk, selon le FSB cit\u00e9 par l&rsquo;agence de presse officielle TASS. Cette annonce intervient alors que la Russie, dont les forces sont mieux \u00e9quip\u00e9es et plus nombreuses, continue d&rsquo;avancer dans l&rsquo;est de l&rsquo;Ukraine et notamment dans la r\u00e9gion de Donetsk o\u00f9 se concentre l&rsquo;essentiel des combats.<\/p>\n<p>Les <a href=\"https:\/\/www.laprovence.com\/article\/france-monde\/2438428392040114\/orban-obtient-de-trump-une-exemption-des-sanctions-liees-au-petrole-russe\" target=\"_blank\" rel=\"noopener\">efforts diplomatiques engag\u00e9s par le pr\u00e9sident am\u00e9ricain, Donald Trump<\/a>, pour mettre fin au conflit le plus sanglant en Europe depuis la Seconde Guerre mondiale sont au point mort.<\/p>\n","protected":false},"excerpt":{"rendered":"Kiev et Bucarest ont d\u00e9menti mardi les all\u00e9gations de Moscou qui assure que l&rsquo;Ukraine et son alli\u00e9 britannique&hellip;\n","protected":false},"author":2,"featured_media":527190,"comment_status":"","ping_status":"","sticky":false,"template":"","format":"standard","meta":{"footnotes":""},"categories":[1590],"tags":[17,11,6661,16952,64634,2827,1777,674,329,1146,1916,12,220],"class_list":{"0":"post-527189","1":"post","2":"type-post","3":"status-publish","4":"format-standard","5":"has-post-thumbnail","7":"category-ukraine","8":"tag-17","9":"tag-actualites","10":"tag-avoir","11":"tag-complot","12":"tag-dejoue","13":"tag-dit","14":"tag-eu","15":"tag-europe","16":"tag-france-monde","17":"tag-guerre","18":"tag-moscou","19":"tag-news","20":"tag-ukraine"},"share_on_mastodon":{"url":"https:\/\/pubeurope.com\/@fr\/115531241437721790","error":""},"_links":{"self":[{"href":"https:\/\/www.europesays.com\/fr\/wp-json\/wp\/v2\/posts\/527189","targetHints":{"allow":["GET"]}}],"collection":[{"href":"https:\/\/www.europesays.com\/fr\/wp-json\/wp\/v2\/posts"}],"about":[{"href":"https:\/\/www.europesays.com\/fr\/wp-json\/wp\/v2\/types\/post"}],"author":[{"embeddable":true,"href":"https:\/\/www.europesays.com\/fr\/wp-json\/wp\/v2\/users\/2"}],"replies":[{"embeddable":true,"href":"https:\/\/www.europesays.com\/fr\/wp-json\/wp\/v2\/comments?post=527189"}],"version-history":[{"count":0,"href":"https:\/\/www.europesays.com\/fr\/wp-json\/wp\/v2\/posts\/527189\/revisions"}],"wp:featuredmedia":[{"embeddable":true,"href":"https:\/\/www.europesays.com\/fr\/wp-json\/wp\/v2\/media\/527190"}],"wp:attachment":[{"href":"https:\/\/www.europesays.com\/fr\/wp-json\/wp\/v2\/media?parent=527189"}],"wp:term":[{"taxonomy":"category","embeddable":true,"href":"https:\/\/www.europesays.com\/fr\/wp-json\/wp\/v2\/categories?post=527189"},{"taxonomy":"post_tag","embeddable":true,"href":"https:\/\/www.europesays.com\/fr\/wp-json\/wp\/v2\/tags?post=527189"}],"curies":[{"name":"wp","href":"https:\/\/api.w.org\/{rel}","templated":true}]}}