{"id":527191,"date":"2025-11-11T13:13:13","date_gmt":"2025-11-11T13:13:13","guid":{"rendered":"https:\/\/www.europesays.com\/fr\/527191\/"},"modified":"2025-11-11T13:13:13","modified_gmt":"2025-11-11T13:13:13","slug":"la-suisse-pays-de-reference-pour-les-prix-des-medicaments-aux-usa","status":"publish","type":"post","link":"https:\/\/www.europesays.com\/fr\/527191\/","title":{"rendered":"La Suisse, pays de r\u00e9f\u00e9rence pour les prix des m\u00e9dicaments aux USA"},"content":{"rendered":"<p class=\"wysiwyg-h2\">Le gouvernement am\u00e9ricain poursuit ses projets visant \u00e0 aligner davantage les prix des m\u00e9dicaments sur ceux pratiqu\u00e9s dans d&rsquo;autres pays, dont la Suisse. La m\u00e9thode inqui\u00e8te la fa\u00eeti\u00e8re Interpharma qui craint une pression sur le syst\u00e8me suisse de formation des prix.<\/p>\n<p>L&rsquo;administration am\u00e9ricaine a lanc\u00e9 un projet pilote sur cinq ans qui vise \u00e0 baisser les prix pour le programme public Medicaid. A l\u2019avenir, les prix pratiqu\u00e9s aux Etats-Unis doivent \u00eatre calcul\u00e9s sur la base des prix moyens de huit pays de comparaison, dont la Suisse.<\/p>\n<p>Les entreprises pharmaceutiques doivent divulguer leurs prix internationaux nets, y compris tous rabais et ristournes. Les autorit\u00e9s am\u00e9ricaines se basent sur ces donn\u00e9es pour abaisser les prix pratiqu\u00e9s aux Etats-Unis au niveau des pays o\u00f9 ils sont les plus bas, indique mardi Interpharma dans un communiqu\u00e9.<\/p>\n<p><strong>Pression sur les prix<\/strong><\/p>\n<p>Pour l&rsquo;association des entreprises pharmaceutiques, cela implique une pression consid\u00e9rable sur la fixation des prix. Si la Suisse sert de r\u00e9f\u00e9rence aux Etats-Unis, les m\u00e9dicaments ne seront plus propos\u00e9s dans notre pays qu\u2019\u00e0 des prix comparables \u00e0 ceux pratiqu\u00e9s outre-Atlantique.<\/p>\n<p>En effet, les fabricants ne pourront pas proposer les m\u00e9dicaments \u00e0 des prix de r\u00e9f\u00e9rence comparativement bas dans de tr\u00e8s petits pays et faire ainsi baisser le prix dans le plus grand march\u00e9 au monde. En outre, la formation de prix de r\u00e9f\u00e9rence \u00e0 l\u2019\u00e9chelon international menace la disponibilit\u00e9 de traitements innovants en Suisse.<\/p>\n<p><strong>Appel au monde politique<\/strong><\/p>\n<p>La Suisse se retrouve ainsi au c\u0153ur d\u2019une discussion mondiale sur les prix. Pour Interpharma, la politique doit \u00e0 pr\u00e9sent agir et moderniser le syst\u00e8me de prix dans son ensemble.<\/p>\n<p>Elle demande d&rsquo;une part d&rsquo;inclure une comparaison de prix avec l\u2019\u00e9tranger en parit\u00e9 de pouvoir d\u2019achat. Elle veut d&rsquo;autre part introduire un prix provisoire fix\u00e9 par le fabricant \u00e0 partir du jour d\u2019octroi de l\u2019autorisation de mise sur le march\u00e9.<\/p>\n<p> \/ATS<\/p>\n","protected":false},"excerpt":{"rendered":"Le gouvernement am\u00e9ricain poursuit ses projets visant \u00e0 aligner davantage les prix des m\u00e9dicaments sur ceux pratiqu\u00e9s dans&hellip;\n","protected":false},"author":2,"featured_media":527192,"comment_status":"","ping_status":"","sticky":false,"template":"","format":"standard","meta":{"footnotes":""},"categories":[1589],"tags":[11,1829,1832,1836,1827,73,1866,1830,1831,1826,1844,1840,1839,1841,1838,12,1843,1828,1834,1825,1833,1822,1823,1824,1837,1864,1865,1863,308,1835,1842],"class_list":{"0":"post-527191","1":"post","2":"type-post","3":"status-publish","4":"format-standard","5":"has-post-thumbnail","7":"category-etats-unis","8":"tag-actualites","9":"tag-ajoie","10":"tag-animation","11":"tag-bienne","12":"tag-delemont","13":"tag-etats-unis","14":"tag-etats-unis-damerique","15":"tag-franches-montagnes","16":"tag-frequence","17":"tag-jura","18":"tag-jura-bernois","19":"tag-la-chaux-de-fonds","20":"tag-moutier","21":"tag-neuchatel","22":"tag-neuveville","23":"tag-news","24":"tag-payerne","25":"tag-porrentruy","26":"tag-publicite","27":"tag-radio","28":"tag-redaction","29":"tag-rfj","30":"tag-rjb","31":"tag-rtn","32":"tag-tavannes","33":"tag-united-states","34":"tag-united-states-of-america","35":"tag-us","36":"tag-usa","37":"tag-vallon-de-st-imier","38":"tag-yverdon"},"share_on_mastodon":{"url":"https:\/\/pubeurope.com\/@fr\/115531245495777089","error":""},"_links":{"self":[{"href":"https:\/\/www.europesays.com\/fr\/wp-json\/wp\/v2\/posts\/527191","targetHints":{"allow":["GET"]}}],"collection":[{"href":"https:\/\/www.europesays.com\/fr\/wp-json\/wp\/v2\/posts"}],"about":[{"href":"https:\/\/www.europesays.com\/fr\/wp-json\/wp\/v2\/types\/post"}],"author":[{"embeddable":true,"href":"https:\/\/www.europesays.com\/fr\/wp-json\/wp\/v2\/users\/2"}],"replies":[{"embeddable":true,"href":"https:\/\/www.europesays.com\/fr\/wp-json\/wp\/v2\/comments?post=527191"}],"version-history":[{"count":0,"href":"https:\/\/www.europesays.com\/fr\/wp-json\/wp\/v2\/posts\/527191\/revisions"}],"wp:featuredmedia":[{"embeddable":true,"href":"https:\/\/www.europesays.com\/fr\/wp-json\/wp\/v2\/media\/527192"}],"wp:attachment":[{"href":"https:\/\/www.europesays.com\/fr\/wp-json\/wp\/v2\/media?parent=527191"}],"wp:term":[{"taxonomy":"category","embeddable":true,"href":"https:\/\/www.europesays.com\/fr\/wp-json\/wp\/v2\/categories?post=527191"},{"taxonomy":"post_tag","embeddable":true,"href":"https:\/\/www.europesays.com\/fr\/wp-json\/wp\/v2\/tags?post=527191"}],"curies":[{"name":"wp","href":"https:\/\/api.w.org\/{rel}","templated":true}]}}