{"id":527193,"date":"2025-11-11T13:14:18","date_gmt":"2025-11-11T13:14:18","guid":{"rendered":"https:\/\/www.europesays.com\/fr\/527193\/"},"modified":"2025-11-11T13:14:18","modified_gmt":"2025-11-11T13:14:18","slug":"le-marche-du-travail-saffaiblit-a-deux-semaines-du-budget","status":"publish","type":"post","link":"https:\/\/www.europesays.com\/fr\/527193\/","title":{"rendered":"le march\u00e9 du travail s&rsquo;affaiblit \u00e0 deux semaines du budget"},"content":{"rendered":"<p>L&rsquo;activit\u00e9 \u00e9conomique ralentit au Royaume-Uni, \u00e0 deux semaines de la pr\u00e9sentation d&rsquo;un budget tr\u00e8s attendu. Le taux de ch\u00f4mage au Royaume-Uni a progress\u00e9 plus que pr\u00e9vu au troisi\u00e8me trimestre, se hissant \u00e0 5% pour la premi\u00e8re fois depuis d\u00e9but 2021, selon l&rsquo;Office national des statistiques (ONS) ce mardi. Il\u00a0progresse r\u00e9guli\u00e8rement depuis le d\u00e9but de l&rsquo;ann\u00e9e et \u00e9tait d\u00e9j\u00e0 mont\u00e9 \u00e0 4,7% \u00e0 la fin du deuxi\u00e8me trimestre.<\/p>\n<p>La croissance des salaires a pour sa part continu\u00e9 de ralentir dans le secteur priv\u00e9, rel\u00e8ve mardi l&rsquo;Office national des statistiques (ONS). Les derniers chiffres officiels de la croissance, publi\u00e9s mi-octobre, faisaient \u00e9tat d&rsquo;une modeste hausse de 0,1% du PIB en ao\u00fbt.<\/p>\n<p>Nouvelles taxes largement attendues&#13;\n<\/p>\n<p>\u00ab Pris dans leur ensemble, ces chiffres t\u00e9moignent d&rsquo;un affaiblissement du march\u00e9 du travail \u00bb, avec un\u00a0\u00ab nombre de salari\u00e9s en baisse \u00bb\u00a0et\u00a0\u00ab un taux de ch\u00f4mage \u00e0 un niveau record depuis le d\u00e9but de la pand\u00e9mie \u00bb, r\u00e9sume Liz McKeown, directrice des statistiques \u00e9conomiques de l&rsquo;ONS. Ils interviennent alors que la ministre des Finances Rachel Reeves, qui doit d\u00e9voiler son budget le 26 novembre, est sous pression pour \u00e9quilibrer les comptes publics sans \u00e9touffer une \u00e9conomie \u00e0 la peine. Apr\u00e8s de fortes hausses d&rsquo;imp\u00f4ts cette ann\u00e9e d\u00e9j\u00e0, notamment sur les entreprises, de nouvelles augmentations de taxes sont largement attendues.<\/p>\n<p>La progression du ch\u00f4mage est donc un nouveau coup dur pour le gouvernement travailliste du Premier ministre Keir Starmer, au plus bas dans les sondages et contest\u00e9 jusque dans son camp, alors que le parti d&rsquo;extr\u00eame droite Reform UK caracole en t\u00eate des intentions de vote.<\/p>\n<p>Une baisse des taux probable en d\u00e9cembre&#13;\n<\/p>\n<p>\u00ab Avec les sp\u00e9culations autour du budget \u00e0 leur paroxysme, les entreprises ont report\u00e9 leurs recrutements et sont moins enclines \u00e0 s&rsquo;engager dans toute forme d&rsquo;investissement jusqu&rsquo;\u00e0 ce qu&rsquo;elles sachent \u00bb o\u00f9 le gouvernement va, selon Isaac Stell, gestionnaire de placements chez Wealth Club. \u00ab Les enjeux n&rsquo;ont jamais \u00e9t\u00e9 aussi \u00e9lev\u00e9s pour le gouvernement et avec des hausses d&rsquo;imp\u00f4ts suppl\u00e9mentaires garanties dans le budget, le paysage fiscal pour les employeurs et les employ\u00e9s semble \u00eatre de plus en plus instable \u00bb, poursuit l&rsquo;analyste.<\/p>\n<p>Les analystes soulignent toutefois que ces donn\u00e9es \u00e9conomiques moroses augmentent les chances que la Banque d&rsquo;Angleterre abaisse son taux d&rsquo;int\u00e9r\u00eat lors de sa prochaine r\u00e9union de politique mon\u00e9taire en d\u00e9cembre, ce qui pourrait paradoxalement rel\u00e2cher un peu la pression.<\/p>\n","protected":false},"excerpt":{"rendered":"L&rsquo;activit\u00e9 \u00e9conomique ralentit au Royaume-Uni, \u00e0 deux semaines de la pr\u00e9sentation d&rsquo;un budget tr\u00e8s attendu. Le taux de&hellip;\n","protected":false},"author":2,"featured_media":527194,"comment_status":"","ping_status":"","sticky":false,"template":"","format":"standard","meta":{"footnotes":""},"categories":[1588],"tags":[17,11,1003,33,1777,674,2089,12,473,1853,64635,20432,3847,1851,1850,1852],"class_list":{"0":"post-527193","1":"post","2":"type-post","3":"status-publish","4":"format-standard","5":"has-post-thumbnail","7":"category-royaume-uni","8":"tag-17","9":"tag-actualites","10":"tag-budget","11":"tag-economie","12":"tag-eu","13":"tag-europe","14":"tag-marche","15":"tag-news","16":"tag-royaume-uni","17":"tag-royaume-uni-de-grande-bretagne-et-dirlande-du-nord","18":"tag-saffaiblit","19":"tag-semaines","20":"tag-travail","21":"tag-uk","22":"tag-united-kingdom","23":"tag-united-kingdom-of-great-britain-and-northern-ireland"},"share_on_mastodon":{"url":"https:\/\/pubeurope.com\/@fr\/115531249412482954","error":""},"_links":{"self":[{"href":"https:\/\/www.europesays.com\/fr\/wp-json\/wp\/v2\/posts\/527193","targetHints":{"allow":["GET"]}}],"collection":[{"href":"https:\/\/www.europesays.com\/fr\/wp-json\/wp\/v2\/posts"}],"about":[{"href":"https:\/\/www.europesays.com\/fr\/wp-json\/wp\/v2\/types\/post"}],"author":[{"embeddable":true,"href":"https:\/\/www.europesays.com\/fr\/wp-json\/wp\/v2\/users\/2"}],"replies":[{"embeddable":true,"href":"https:\/\/www.europesays.com\/fr\/wp-json\/wp\/v2\/comments?post=527193"}],"version-history":[{"count":0,"href":"https:\/\/www.europesays.com\/fr\/wp-json\/wp\/v2\/posts\/527193\/revisions"}],"wp:featuredmedia":[{"embeddable":true,"href":"https:\/\/www.europesays.com\/fr\/wp-json\/wp\/v2\/media\/527194"}],"wp:attachment":[{"href":"https:\/\/www.europesays.com\/fr\/wp-json\/wp\/v2\/media?parent=527193"}],"wp:term":[{"taxonomy":"category","embeddable":true,"href":"https:\/\/www.europesays.com\/fr\/wp-json\/wp\/v2\/categories?post=527193"},{"taxonomy":"post_tag","embeddable":true,"href":"https:\/\/www.europesays.com\/fr\/wp-json\/wp\/v2\/tags?post=527193"}],"curies":[{"name":"wp","href":"https:\/\/api.w.org\/{rel}","templated":true}]}}