{"id":527195,"date":"2025-11-11T13:15:16","date_gmt":"2025-11-11T13:15:16","guid":{"rendered":"https:\/\/www.europesays.com\/fr\/527195\/"},"modified":"2025-11-11T13:15:16","modified_gmt":"2025-11-11T13:15:16","slug":"france-allemagne-apres-la-guerre-les-fruits-de-la-paix-a-montpellier","status":"publish","type":"post","link":"https:\/\/www.europesays.com\/fr\/527195\/","title":{"rendered":"France &#8211; Allemagne : apr\u00e8s la guerre, les fruits de la paix \u00e0 Montpellier"},"content":{"rendered":"<p><strong>Un objectif commun<\/strong><\/p>\n<p>En visite officielle \u00e0 Montpellier en 2023, Eckart W\u00fcrzner est venu entour\u00e9 d\u2019une d\u00e9l\u00e9gation de chefs d\u2019entreprise de Heidelberg, d\u00e9termin\u00e9s \u00e0 nouer des liens avec leurs homologues montpelli\u00e9rains pour un objectif commun : unir leurs forces pour partir \u00e0 la conqu\u00eate des march\u00e9s internationaux tout en r\u00e9duisant les risques.<\/p>\n<p>Cette initiative, appuy\u00e9e par son homologue montpelli\u00e9rain, s\u2019inscrit dans un contexte \u00e9conomique pr\u00e9cis. L&rsquo;Allemagne est \u00e0 pr\u00e9sent le principal investisseur \u00e9tranger en Occitanie, d\u00e9tr\u00f4nant ainsi les \u00c9tats-Unis. Une centaine d\u2019entreprises ont 100 % de capitaux allemands et emploient 20 000 personnes.\u00a0<\/p>\n<p><strong>Le choix de Montpellier<\/strong><\/p>\n<p><a href=\"https:\/\/cykero.com\/?srsltid=AfmBOor6ayAnngF753FxSoEUCwIhdgsVvW8UqWSHGOEtixntmCH83Ma_\" target=\"_blank\" rel=\"noopener\">Cykero<\/a> a choisi de s\u2019ancrer dans la m\u00e9tropole montpelli\u00e9raine. Sp\u00e9cialis\u00e9e dans le reconditionnement \u00e9lectronique, cette entreprise berlinoise a install\u00e9 cette ann\u00e9e son si\u00e8ge social fran\u00e7ais au MIBI (Montpellier International Business Incubator). Elle y lance parall\u00e8lement la construction d\u2019un technocentre d\u00e9di\u00e9 au reconditionnement automatis\u00e9 et robotis\u00e9 d\u2019appareils \u00e9lectroniques, smartphones, tablettes, ordinateurs ou serveurs. Attendu pour 2027, ce site, implant\u00e9 au c\u0153ur du quartier Eur\u00eaka \u00e0 Castelnau-le-Lez, devrait g\u00e9n\u00e9rer 160 emplois, dont 20 consacr\u00e9s \u00e0 la R&amp;D.<\/p>\n<p>L\u2019entreprise a d\u00e9j\u00e0 ouvert le 7 novembre, un Pop-up Store, 10 place de la Com\u00e9die. \u00ab\u00a0Ce lieu est bien plus qu\u2019un point de vente, il est une vitrine de notre engagement pour la qualit\u00e9, l\u2019innovation et la durabilit\u00e9. Nous souhaitons tisser des liens solides avec l\u2019\u00e9cosyst\u00e8me local, que ce soit avec les entreprises, institutions ou start-up de la r\u00e9gion\u00a0\u00bb, a tenu \u00e0 r\u00e9affirmer Bicho\u00ef Metias, le fondateur de Cykero, lors de l\u2019inauguration de cette boutique \u00e9ph\u00e9m\u00e8re qui fermera ses portes le 31 d\u00e9cembre. \u00a0<\/p>\n","protected":false},"excerpt":{"rendered":"Un objectif commun En visite officielle \u00e0 Montpellier en 2023, Eckart W\u00fcrzner est venu entour\u00e9 d\u2019une d\u00e9l\u00e9gation de&hellip;\n","protected":false},"author":2,"featured_media":527196,"comment_status":"","ping_status":"","sticky":false,"template":"","format":"standard","meta":{"footnotes":""},"categories":[1587],"tags":[11,672,1804,1805,1803,1777,674,1801,12,1802],"class_list":{"0":"post-527195","1":"post","2":"type-post","3":"status-publish","4":"format-standard","5":"has-post-thumbnail","7":"category-allemagne","8":"tag-actualites","9":"tag-allemagne","10":"tag-bundesrepublik-deutschland","11":"tag-de","12":"tag-deutschland","13":"tag-eu","14":"tag-europe","15":"tag-germany","16":"tag-news","17":"tag-republique-federale-dallemagne"},"share_on_mastodon":{"url":"https:\/\/pubeurope.com\/@fr\/115531253375670724","error":""},"_links":{"self":[{"href":"https:\/\/www.europesays.com\/fr\/wp-json\/wp\/v2\/posts\/527195","targetHints":{"allow":["GET"]}}],"collection":[{"href":"https:\/\/www.europesays.com\/fr\/wp-json\/wp\/v2\/posts"}],"about":[{"href":"https:\/\/www.europesays.com\/fr\/wp-json\/wp\/v2\/types\/post"}],"author":[{"embeddable":true,"href":"https:\/\/www.europesays.com\/fr\/wp-json\/wp\/v2\/users\/2"}],"replies":[{"embeddable":true,"href":"https:\/\/www.europesays.com\/fr\/wp-json\/wp\/v2\/comments?post=527195"}],"version-history":[{"count":0,"href":"https:\/\/www.europesays.com\/fr\/wp-json\/wp\/v2\/posts\/527195\/revisions"}],"wp:featuredmedia":[{"embeddable":true,"href":"https:\/\/www.europesays.com\/fr\/wp-json\/wp\/v2\/media\/527196"}],"wp:attachment":[{"href":"https:\/\/www.europesays.com\/fr\/wp-json\/wp\/v2\/media?parent=527195"}],"wp:term":[{"taxonomy":"category","embeddable":true,"href":"https:\/\/www.europesays.com\/fr\/wp-json\/wp\/v2\/categories?post=527195"},{"taxonomy":"post_tag","embeddable":true,"href":"https:\/\/www.europesays.com\/fr\/wp-json\/wp\/v2\/tags?post=527195"}],"curies":[{"name":"wp","href":"https:\/\/api.w.org\/{rel}","templated":true}]}}