{"id":527197,"date":"2025-11-11T13:16:15","date_gmt":"2025-11-11T13:16:15","guid":{"rendered":"https:\/\/www.europesays.com\/fr\/527197\/"},"modified":"2025-11-11T13:16:15","modified_gmt":"2025-11-11T13:16:15","slug":"leurope-pourrait-retropedaler-et-exploiter-vos-donnees-personnelles-pour-booster-sa-competitivite-en-ia","status":"publish","type":"post","link":"https:\/\/www.europesays.com\/fr\/527197\/","title":{"rendered":"L&rsquo;Europe pourrait r\u00e9trop\u00e9daler et exploiter vos donn\u00e9es personnelles pour booster sa comp\u00e9titivit\u00e9 en IA"},"content":{"rendered":"<p><strong>Une proposition europ\u00e9enne visant \u00e0 assouplir les lois sur la vie priv\u00e9e \u2013 dont le RGPD fait partie \u2013 est attendue pour bient\u00f4t. Elle pourrait transformer la fa\u00e7on dont l\u2019IA s\u2019entra\u00eene sur vos donn\u00e9es personnelles. Le but\u00a0? Renforcer la comp\u00e9titivit\u00e9 europ\u00e9enne dans ce domaine. De quoi susciter (ou nourrir) de vifs d\u00e9bats sur la protection de la vie priv\u00e9e.<\/strong><\/p>\n<p><img fetchpriority=\"high\" decoding=\"async\" class=\"size-full wp-image-2634627\" src=\"data:image\/svg+xml,%3Csvg%20xmlns=\" http:=\"\" alt=\"Scam site Web europ\u00e9en\" width=\"1200\" height=\"750\" data-lazy- data-lazy- data-lazy-src=\"https:\/\/www.europesays.com\/fr\/wp-content\/uploads\/2025\/11\/Scam_site_Web_europeen.jpg\"\/> Cr\u00e9dits : 123RF<\/p>\n<p>Le <strong>R\u00e8glement G\u00e9n\u00e9ral sur la Protection des Donn\u00e9es<\/strong> (RGPD) est entr\u00e9 en vigueur en mai 2018 au sein de l\u2019Union Europ\u00e9enne. Relativement r\u00e9cente, cette loi, qui <strong>vise \u00e0 prot\u00e9ger les donn\u00e9es relatives \u00e0 la vie priv\u00e9e des citoyens de l&rsquo;Union Europ\u00e9enne, pourrait d\u00e9j\u00e0 \u00eatre r\u00e9\u00e9crite<\/strong>. En effet, une <strong>proposition europ\u00e9enne destin\u00e9e \u00e0 l\u2019assouplir est attendue pour le 19 novembre 2025<\/strong>.<\/p>\n<p>Cette r\u00e9vision <strong>permettrait aux algorithmes des intelligences artificielles de s\u2019entra\u00eener sur certaines donn\u00e9es pseudonymis\u00e9es<\/strong> (rendues anonymes par la suppression d\u2019informations personnellement identifiables) <strong>jusque-l\u00e0 prot\u00e9g\u00e9es par des lois comme le RGPD<\/strong>. Les applications et sites web pourraient \u00e9galement obtenir des bases l\u00e9gales \u00e9largies afin de suivre les utilisateurs au-del\u00e0 du consentement explicite, selon nos confr\u00e8res de <a href=\"https:\/\/www.techradar.com\/pro\/major-privacy-laws-including-gdpr-could-be-downgraded-to-try-and-boost-ai-growth-and-cut-red-tape\" rel=\"nofollow noopener\" target=\"_blank\">TechRadar<\/a>.<\/p>\n<p><strong>Lire aussi \u2013 <a href=\"https:\/\/www.phonandroid.com\/google-et-apple-veulent-la-peau-du-digital-markets-act-leurope-ne-lache-rien.html\" rel=\"nofollow noopener\" target=\"_blank\">Google et Apple veulent la peau du Digital Markets Act, l\u2019Europe ne l\u00e2che rien<\/a><\/strong><\/p>\n<p>L\u2019Europe envisage finalement de laisser l\u2019IA s\u2019entra\u00eener sur vos donn\u00e9es<\/p>\n<p>Alors que<strong> l\u2019Europe \u0153uvre g\u00e9n\u00e9ralement pour mieux prot\u00e9ger les donn\u00e9es personnelles des internautes europ\u00e9ens<\/strong>, elle pourrait finalement l\u00e2cher du lest afin de <strong>renforcer sa comp\u00e9titivit\u00e9 dans<\/strong> <strong>le domaine de l\u2019intelligence artificielle. <\/strong>En effet, les r\u00e8gles strictes de protections des donn\u00e9es europ\u00e9ennes sont parfois <strong>accus\u00e9es de laisser libre champ aux Etats-Unis et la Chine dans la course effr\u00e9n\u00e9e \u00e0 l\u2019IA<\/strong>. Plusieurs fonctionnalit\u00e9s IA d\u00e9ploy\u00e9es par des g\u00e9ants de la tech, comme Apple, Google ou Meta, ont par exemple \u00e9t\u00e9 retard\u00e9es, voire bloqu\u00e9es, par les r\u00e9gulateurs europ\u00e9ens. <a href=\"https:\/\/www.phonandroid.com\/apple-intelligence-fait-officiellement-ses-debuts-en-france.html\" rel=\"nofollow noopener\" target=\"_blank\">Cela a notamment \u00e9t\u00e9 le cas d\u2019Apple Intelligence<\/a>.<\/p>\n<p>Bien que <strong>cette r\u00e9vision ne devrait pas modifier les principes fondamentaux du RGPD<\/strong> \u2013 puisque les changements seraient cens\u00e9s \u00eatre techniques et cibl\u00e9s \u2013, cette simple proposition suffit \u00e0 faire monter au cr\u00e9neau l\u2019un des architectes du RGPD, Jan Philipp Albrecht,\u00a0qui alerte\u00a0: une telle r\u00e9vision pourrait \u00ab [saper] les normes europ\u00e9ennes de mani\u00e8re dramatique \u00bb.<\/p>\n<p>Si pour le moment la Commission europ\u00e9enne n\u2019a pas encore statu\u00e9 sur un quelconque changement concernant les diverses r\u00e8glementations de confidentialit\u00e9, <strong>cette simple proposition suffit \u00e0 relancer de vifs d\u00e9bats<\/strong> sur la protection de la vie priv\u00e9e et l\u2019innovation europ\u00e9enne dans le domaine de l\u2019IA.<\/p>\n<p><strong>Cette question divise d\u00e9j\u00e0 au sein m\u00eame de l\u2019Union europ\u00e9enne<\/strong>\u00a0: l\u2019Allemagne et la Finlande semblent vouloir aller dans le sens de toute \u00e9volution permettant d\u2019am\u00e9liorer la comp\u00e9titivit\u00e9 du Vieux Continent dans le domaine de l\u2019IA\u00a0; tandis que la France, l\u2019Autriche, la Slov\u00e9nie, l\u2019Estonie ou encore la R\u00e9publique tch\u00e8que se sont positionn\u00e9es contre une r\u00e9\u00e9criture du jeune RGPD.<\/p>\n","protected":false},"excerpt":{"rendered":"Une proposition europ\u00e9enne visant \u00e0 assouplir les lois sur la vie priv\u00e9e \u2013 dont le RGPD fait partie&hellip;\n","protected":false},"author":2,"featured_media":527198,"comment_status":"","ping_status":"","sticky":false,"template":"","format":"standard","meta":{"footnotes":""},"categories":[1586],"tags":[11,1777,674,1011,27,12,25],"class_list":{"0":"post-527197","1":"post","2":"type-post","3":"status-publish","4":"format-standard","5":"has-post-thumbnail","7":"category-europe","8":"tag-actualites","9":"tag-eu","10":"tag-europe","11":"tag-fr","12":"tag-france","13":"tag-news","14":"tag-republique-francaise"},"share_on_mastodon":{"url":"https:\/\/pubeurope.com\/@fr\/115531257491308511","error":""},"_links":{"self":[{"href":"https:\/\/www.europesays.com\/fr\/wp-json\/wp\/v2\/posts\/527197","targetHints":{"allow":["GET"]}}],"collection":[{"href":"https:\/\/www.europesays.com\/fr\/wp-json\/wp\/v2\/posts"}],"about":[{"href":"https:\/\/www.europesays.com\/fr\/wp-json\/wp\/v2\/types\/post"}],"author":[{"embeddable":true,"href":"https:\/\/www.europesays.com\/fr\/wp-json\/wp\/v2\/users\/2"}],"replies":[{"embeddable":true,"href":"https:\/\/www.europesays.com\/fr\/wp-json\/wp\/v2\/comments?post=527197"}],"version-history":[{"count":0,"href":"https:\/\/www.europesays.com\/fr\/wp-json\/wp\/v2\/posts\/527197\/revisions"}],"wp:featuredmedia":[{"embeddable":true,"href":"https:\/\/www.europesays.com\/fr\/wp-json\/wp\/v2\/media\/527198"}],"wp:attachment":[{"href":"https:\/\/www.europesays.com\/fr\/wp-json\/wp\/v2\/media?parent=527197"}],"wp:term":[{"taxonomy":"category","embeddable":true,"href":"https:\/\/www.europesays.com\/fr\/wp-json\/wp\/v2\/categories?post=527197"},{"taxonomy":"post_tag","embeddable":true,"href":"https:\/\/www.europesays.com\/fr\/wp-json\/wp\/v2\/tags?post=527197"}],"curies":[{"name":"wp","href":"https:\/\/api.w.org\/{rel}","templated":true}]}}