{"id":527202,"date":"2025-11-11T13:19:12","date_gmt":"2025-11-11T13:19:12","guid":{"rendered":"https:\/\/www.europesays.com\/fr\/527202\/"},"modified":"2025-11-11T13:19:12","modified_gmt":"2025-11-11T13:19:12","slug":"un-jardin-du-souvenir-pour-les-victimes-13-novembre-inaugure-ce-jeudi","status":"publish","type":"post","link":"https:\/\/www.europesays.com\/fr\/527202\/","title":{"rendered":"Un jardin du souvenir pour les victimes 13 Novembre inaugur\u00e9 ce jeudi"},"content":{"rendered":"<p>\n    <strong>EN IMAGES <\/strong>&#8211; \u00c0 l\u2019occasion de la c\u00e9r\u00e9monie du 10e anniversaire des attentats du 13 Novembre, le chef de l\u2019\u00c9tat et la maire de Paris vont inaugurer un site, au c\u0153ur de Paris, imagin\u00e9 pour rendre hommage aux 130 victimes.<\/p>\n<p class=\"fig-paragraph\">Dix ans apr\u00e8s les attentats du 13 Novembre, les Fran\u00e7ais pourront se recueillir dans un lieu d\u00e9di\u00e9 aux victimes qui sont mortes lors de cette nuit sanglante de 2015. Un jardin du \u00absouvenir\u00bb va \u00eatre officiellement inaugur\u00e9 lors de la\u00a0<a href=\"http:\/\/www.lefigaro.fr\/actualite-france\/jardin-du-souvenir-requiem-des-lumieres-direct-tv-les-details-des-ceremonies-des-dix-ans-des-attentats-du-13-novembre-20251017\" target=\"_blank\" data-fig-type=\"NewsFlash\" rel=\"noopener\" data-gtm-custom-categorie=\"navigation\" data-gtm-custom-action=\"crossclick\" data-gtm-custom-label=\"Contextuel\" data-gtm-event=\"customEventSPE\" data-fig-domain=\"LEFIGARO\">c\u00e9r\u00e9monie comm\u00e9morative<\/a>, ce jeudi 13 novembre 2025 \u00e0 18 heures, en pr\u00e9sence du pr\u00e9sident de la R\u00e9publique\u00a0<a href=\"http:\/\/www.lefigaro.fr\/international\/emmanuel-macron-va-recevoir-le-president-de-l-autorite-palestinienne-mahmoud-abbas-le-11-novembre-20251110\" target=\"_blank\" data-fig-type=\"NewsFlash\" rel=\"noopener\" data-gtm-custom-categorie=\"navigation\" data-gtm-custom-action=\"crossclick\" data-gtm-custom-label=\"Contextuel\" data-gtm-event=\"customEventSPE\" data-fig-domain=\"LEFIGARO\">Emmanuel Macron<\/a>\u00a0et de la maire de Paris,\u00a0<a href=\"http:\/\/www.lefigaro.fr\/actualite-france\/cela-ne-fait-que-renforcer-notre-mefiance-le-conseil-d-etat-met-fin-a-la-procedure-portant-sur-les-notes-de-frais-d-anne-hidalgo-20251013\" target=\"_blank\" data-fig-type=\"Article\" rel=\"noopener\" data-gtm-custom-categorie=\"navigation\" data-gtm-custom-action=\"crossclick\" data-gtm-custom-label=\"Contextuel\" data-gtm-event=\"customEventSPE\" data-fig-domain=\"LEFIGARO\">Anne Hidalgo<\/a>. Les Parisiens et les touristes avaient d\u00e9j\u00e0 acc\u00e8s au jardin depuis le 20 juin dernier, apr\u00e8s neuf mois de travaux.<\/p>\n<p class=\"fig-paragraph\">En revanche, le site est inaccessible depuis plus jours en raison des travaux d\u2019installation de la sc\u00e8ne et des gradins pour la c\u00e9r\u00e9monie qui accueillera 1500 spectateurs, principalement des personnalit\u00e9s politiques, rescap\u00e9s et familles des victimes ainsi que les personnes ayant particip\u00e9 \u00e0 la construction du jardin.<\/p>\n<p>    Le jardin du 13-Novembre se situe au c\u0153ur de Paris, aux pieds de l\u2019\u00e9glise Saint-Gervais.<br \/>\n                Jean-Baptiste Gurliat\/Ville de Paris<\/p>\n<p>                                    <a class=\"fig-a11y-skip a11y-hidden\" href=\"#fig-a11y-skip-main-inarticle\"><br \/>\n        Passer la publicit\u00e9<br \/>\n    <\/a><\/p>\n<p class=\"fig-paragraph\">Autrefois un parking, ce lieu transform\u00e9 en site de recueillement se situe en face de l\u2019H\u00f4tel de Ville, au c\u0153ur de la capitale, place Saint-Gervais (4e arrondissement). Un emplacement \u00abneutre\u00bb, loin des six lieux meurtris que les terroristes, dont\u00a0<a href=\"http:\/\/www.lefigaro.fr\/faits-divers\/cle-usb-illegale-le-parquet-antiterroriste-reclame-la-mise-en-examen-de-salah-abdeslam-et-de-son-ex-compagne-20251110\" target=\"_blank\" data-fig-type=\"NewsFlash\" rel=\"noopener\" data-gtm-custom-categorie=\"navigation\" data-gtm-custom-action=\"crossclick\" data-gtm-custom-label=\"Contextuel\" data-gtm-event=\"customEventSPE\" data-fig-domain=\"LEFIGARO\">Salah Abdeslam<\/a>, ont mitraill\u00e9 \u00e0 coups de rafales de Kalachnikov.<\/p>\n<p class=\"fig-paragraph\">Aux pieds de l\u2019\u00e9glise Saint-Gervais construite au XVe si\u00e8cle, se trouve d\u00e9sormais un parterre de pav\u00e9s et de v\u00e9g\u00e9tation surplomb\u00e9 de st\u00e8les de granit et entour\u00e9 d\u2019arbres feuillus. Le moindre d\u00e9tail a \u00e9t\u00e9 r\u00e9fl\u00e9chi pour apporter une touche symbolique, en concertation entre la mairie de Paris, les associations de victimes et l\u2019entreprise qui a men\u00e9 le projet, Wagon Landscaping.<\/p>\n<p>    Le site est inaccessible depuis plus jours en raison des travaux d\u2019installation de la sc\u00e8ne et des gradins pour la c\u00e9r\u00e9monie qui accueillera 1500 spectateurs.<br \/>\n                Clara Hidalgo \/ Le Figaro<\/p>\n<p>Les huit lieux des attaques repr\u00e9sent\u00e9s<\/p>\n<p class=\"fig-paragraph\">L\u2019am\u00e9nagement du jardin a par exemple \u00e9t\u00e9 imagin\u00e9 \u00e0 partir de la g\u00e9ographie des huit lieux des attaques\u00a0: le Stade de France, Le Carillon, Le Petit Cambodge, La Bonne Bi\u00e8re, Le Casa Nostra, La Belle \u00e9quipe, Le Comptoir Voltaire et le\u00a0<a href=\"http:\/\/www.lefigaro.fr\/flash-actu\/j-ai-gagne-une-espece-de-fureur-de-vivre-dix-ans-apres-les-attentats-le-temoignage-de-thomas-s-rescape-du-bataclan-20251108\" target=\"_blank\" data-fig-type=\"NewsFlash\" rel=\"noopener\" data-gtm-custom-categorie=\"navigation\" data-gtm-custom-action=\"crossclick\" data-gtm-custom-label=\"Contextuel\" data-gtm-event=\"customEventSPE\" data-fig-domain=\"LEFIGARO\">Bataclan<\/a>. Chaque p\u00e2t\u00e9 de maisons est repr\u00e9sent\u00e9 par de la v\u00e9g\u00e9tation (des gramin\u00e9es et des vivaces qui fleurissent) et est s\u00e9par\u00e9 par des all\u00e9es pav\u00e9es.<\/p>\n<p>    Le nom des lieux des attaques a \u00e9t\u00e9 grav\u00e9 sur les st\u00e8les.<br \/>\n                Jean-Baptiste Gurliat \/ Ville de Paris<\/p>\n<p class=\"fig-paragraph\">\u00abL\u2019id\u00e9e ma\u00eetresse n\u2019\u00e9tait pas de reproduire une maquette des sites mais d\u2019en r\u00e9aliser une interpr\u00e9tation. Chaque esp\u00e8ce de plante a minutieusement \u00e9t\u00e9 choisie pour apporter un paysage fleuri le plus longtemps dans l\u2019ann\u00e9e\u00bb, explique au Figaro Mathieu Gontier, paysagiste, concepteur et ma\u00eetre d\u2019\u0153uvre du projet chez Wagon Landscaping.<\/p>\n<p>    Plan du jardin du 13 novembre.<br \/>\n                Wagon Landscaping<\/p>\n<p>Des st\u00e8les comm\u00e9moratives<\/p>\n<p class=\"fig-paragraph\">Le choix de la pierre utilis\u00e9e pour les all\u00e9es et les st\u00e8les n\u2019a pas \u00e9t\u00e9 fait au hasard. \u00abCe soir du 13 novembre, c\u2019est aussi le sol de Paris qui avait \u00e9t\u00e9 attaqu\u00e9. Alors avec les associations de victimes, nous avons d\u00e9cid\u00e9 de d\u00e9cliner le pav\u00e9 parisien (utilis\u00e9 dans de nombreuses rues de la capitale) et choisi un granit de Bretagne\u00bb, raconte Mathieu Gontier.<\/p>\n<p>                                    <a class=\"fig-a11y-skip a11y-hidden\" href=\"#fig-a11y-skip-main-inarticle_mtf\"><br \/>\n        Passer la publicit\u00e9<br \/>\n    <\/a><\/p>\n<p class=\"fig-paragraph\">Des blocs de granit, visibles au premier regard gr\u00e2ce \u00e0 leur hauteur, ont \u00e9t\u00e9 dispos\u00e9s aux quatre coins du jardin. Sur les c\u00f4t\u00e9s de ces st\u00e8les parfaitement taill\u00e9s et lisses, contrastant avec le dessus au rendu plus brut, ont \u00e9t\u00e9 grav\u00e9s les noms des lieux des attaques ainsi que ceux des 130 victimes. Et devant chaque st\u00e8le se trouve un banc, permettant aux visiteurs de se recueillir.<\/p>\n<p>    Devant chaque st\u00e8le se trouve un banc, permettant aux visiteurs de se recueillir.<br \/>\n                Jean-Baptiste Gurliat\/Ville de Paris<\/p>\n<p>Une part belle \u00e0 la nature<\/p>\n<p class=\"fig-paragraph\">\u00abLes associations voulaient un lieu de m\u00e9moire, mais aussi un lieu qui vive. D\u2019o\u00f9 le choix d\u2019un jardin, permettant aux enfants de d\u00e9ambuler entre les v\u00e9g\u00e9taux et les blocs de granit\u00bb, pr\u00e9sente le paysagiste. \u00abLa vie se manifeste aussi \u00e0 travers la nature\u00bb, ajoute-t-il, faisant r\u00e9f\u00e9rence aux deux arbres qui encadrent le jardin. L\u2019orme de la justice, c\u00f4t\u00e9 est en face de l\u2019entr\u00e9e de l\u2019\u00e9glise, \u00e2g\u00e9 de 100 ans. Et l\u2019olivier de la paix plant\u00e9 dans un bloc de granit, qui avait \u00e9t\u00e9 offert par la ville de Paris aux associations de victimes, cinq ans apr\u00e8s les attentats.<\/p>\n<p>    Le choix des plantes a minutieusement \u00e9t\u00e9 choisi.<br \/>\n                Alban Carriot\/Ville de Paris<\/p>\n<p class=\"fig-paragraph\">Mathieu Gontier explique par ailleurs que le projet visait \u00e0 donner une place aux oiseaux, \u00abun animal qui repr\u00e9sente l\u2019\u00e2me des personnes disparues\u00bb. \u00abPour qu\u2019ils viennent, nous avons install\u00e9 des arbustes \u00e0 baies, des nichoirs et cr\u00e9\u00e9 des bains d\u2019oiseaux, creus\u00e9s sur le dessus rocheux des st\u00e8les\u00bb, d\u00e9crit le concepteur du lieu.<\/p>\n","protected":false},"excerpt":{"rendered":"EN IMAGES &#8211; \u00c0 l\u2019occasion de la c\u00e9r\u00e9monie du 10e anniversaire des attentats du 13 Novembre, le chef&hellip;\n","protected":false},"author":2,"featured_media":527203,"comment_status":"","ping_status":"","sticky":false,"template":"","format":"standard","meta":{"footnotes":""},"categories":[2],"tags":[64188,11,63084,1011,27,12,25,1254],"class_list":{"0":"post-527202","1":"post","2":"type-post","3":"status-publish","4":"format-standard","5":"has-post-thumbnail","7":"category-actualites","8":"tag-13-novembre","9":"tag-actualites","10":"tag-attentat-du-bataclan","11":"tag-fr","12":"tag-france","13":"tag-news","14":"tag-republique-francaise","15":"tag-terrorisme"},"share_on_mastodon":{"url":"https:\/\/pubeurope.com\/@fr\/115531269142261246","error":""},"_links":{"self":[{"href":"https:\/\/www.europesays.com\/fr\/wp-json\/wp\/v2\/posts\/527202","targetHints":{"allow":["GET"]}}],"collection":[{"href":"https:\/\/www.europesays.com\/fr\/wp-json\/wp\/v2\/posts"}],"about":[{"href":"https:\/\/www.europesays.com\/fr\/wp-json\/wp\/v2\/types\/post"}],"author":[{"embeddable":true,"href":"https:\/\/www.europesays.com\/fr\/wp-json\/wp\/v2\/users\/2"}],"replies":[{"embeddable":true,"href":"https:\/\/www.europesays.com\/fr\/wp-json\/wp\/v2\/comments?post=527202"}],"version-history":[{"count":0,"href":"https:\/\/www.europesays.com\/fr\/wp-json\/wp\/v2\/posts\/527202\/revisions"}],"wp:featuredmedia":[{"embeddable":true,"href":"https:\/\/www.europesays.com\/fr\/wp-json\/wp\/v2\/media\/527203"}],"wp:attachment":[{"href":"https:\/\/www.europesays.com\/fr\/wp-json\/wp\/v2\/media?parent=527202"}],"wp:term":[{"taxonomy":"category","embeddable":true,"href":"https:\/\/www.europesays.com\/fr\/wp-json\/wp\/v2\/categories?post=527202"},{"taxonomy":"post_tag","embeddable":true,"href":"https:\/\/www.europesays.com\/fr\/wp-json\/wp\/v2\/tags?post=527202"}],"curies":[{"name":"wp","href":"https:\/\/api.w.org\/{rel}","templated":true}]}}