{"id":527209,"date":"2025-11-11T13:23:11","date_gmt":"2025-11-11T13:23:11","guid":{"rendered":"https:\/\/www.europesays.com\/fr\/527209\/"},"modified":"2025-11-11T13:23:11","modified_gmt":"2025-11-11T13:23:11","slug":"officiel-vincent-giudicelli-quitte-bayonne","status":"publish","type":"post","link":"https:\/\/www.europesays.com\/fr\/527209\/","title":{"rendered":"OFFICIEL : Vincent Giudicelli quitte Bayonne"},"content":{"rendered":"<p>C\u2019est d\u00e9sormais officiel.<\/p>\n<p>Le talonneur Vincent Giudicelli quittera l\u2019Aviron Bayonnais d\u00e8s la fin de la saison actuelle.<\/p>\n<p>En fin de contrat avec le club Basque au mois de juin prochain, le joueur de 28 ans ne sera pas renouvel\u00e9.<\/p>\n<p>C\u2019est le pr\u00e9sident de Bayonne, Philippe Tayeb qui l\u2019a annonc\u00e9 dans les colonnes du <a href=\"https:\/\/www.rugbyrama.fr\/2025\/11\/11\/exclusif-des-clubs-ont-decide-de-couper-des-tetes-pour-moins-que-ca-les-messages-forts-de-philippe-tayeb-sur-les-tensions-a-bayonne-13045496.php\" rel=\"nofollow noopener\" target=\"_blank\">Midi Olympique<\/a>.<\/p>\n<p><strong>A la question : est-ce que Vincent Giudicelli va quitter Bayonne en fin de saison, le pr\u00e9sident du club Basque a r\u00e9pondu :\u00a0<\/strong><\/p>\n<p>\u00ab\u00a0Oui, mais \u00e7a a \u00e9t\u00e9 un gros d\u00e9bat.\u00a0\u00bb<\/p>\n<p><strong>Questionn\u00e9 sur le dossier menant au talonneur Toulousain Guillaume Cramont, Philippe Tayeb confirme que la piste devrait aboutir. Extrait:<\/strong><\/p>\n<p>\u00ab\u00a0C\u2019est en bonne voie, j\u2019esp\u00e8re.\u00a0\u00bb<\/p>\n<p><strong>Selon les derniers \u00e9chos, Guillaume Cramont devrait prolonger son bail avec Toulouse sur le long terme puis \u00eatre pr\u00eat\u00e9 une saison voire deux du c\u00f4t\u00e9 de l\u2019Aviron Bayonnais.<\/strong><\/p>\n","protected":false},"excerpt":{"rendered":"C\u2019est d\u00e9sormais officiel. Le talonneur Vincent Giudicelli quittera l\u2019Aviron Bayonnais d\u00e8s la fin de la saison actuelle. En&hellip;\n","protected":false},"author":2,"featured_media":527210,"comment_status":"","ping_status":"","sticky":false,"template":"","format":"standard","meta":{"footnotes":""},"categories":[1416],"tags":[1011,27,479,1468,60],"class_list":{"0":"post-527209","1":"post","2":"type-post","3":"status-publish","4":"format-standard","5":"has-post-thumbnail","7":"category-rugby","8":"tag-fr","9":"tag-france","10":"tag-rugby","11":"tag-rugby-football","12":"tag-sports"},"share_on_mastodon":{"url":"https:\/\/pubeurope.com\/@fr\/115531284786138700","error":""},"_links":{"self":[{"href":"https:\/\/www.europesays.com\/fr\/wp-json\/wp\/v2\/posts\/527209","targetHints":{"allow":["GET"]}}],"collection":[{"href":"https:\/\/www.europesays.com\/fr\/wp-json\/wp\/v2\/posts"}],"about":[{"href":"https:\/\/www.europesays.com\/fr\/wp-json\/wp\/v2\/types\/post"}],"author":[{"embeddable":true,"href":"https:\/\/www.europesays.com\/fr\/wp-json\/wp\/v2\/users\/2"}],"replies":[{"embeddable":true,"href":"https:\/\/www.europesays.com\/fr\/wp-json\/wp\/v2\/comments?post=527209"}],"version-history":[{"count":0,"href":"https:\/\/www.europesays.com\/fr\/wp-json\/wp\/v2\/posts\/527209\/revisions"}],"wp:featuredmedia":[{"embeddable":true,"href":"https:\/\/www.europesays.com\/fr\/wp-json\/wp\/v2\/media\/527210"}],"wp:attachment":[{"href":"https:\/\/www.europesays.com\/fr\/wp-json\/wp\/v2\/media?parent=527209"}],"wp:term":[{"taxonomy":"category","embeddable":true,"href":"https:\/\/www.europesays.com\/fr\/wp-json\/wp\/v2\/categories?post=527209"},{"taxonomy":"post_tag","embeddable":true,"href":"https:\/\/www.europesays.com\/fr\/wp-json\/wp\/v2\/tags?post=527209"}],"curies":[{"name":"wp","href":"https:\/\/api.w.org\/{rel}","templated":true}]}}