{"id":527218,"date":"2025-11-11T13:31:30","date_gmt":"2025-11-11T13:31:30","guid":{"rendered":"https:\/\/www.europesays.com\/fr\/527218\/"},"modified":"2025-11-11T13:31:30","modified_gmt":"2025-11-11T13:31:30","slug":"lhistoire-du-rembrandt-vole-au-musee-des-beaux-arts-de-tours","status":"publish","type":"post","link":"https:\/\/www.europesays.com\/fr\/527218\/","title":{"rendered":"L\u2019histoire du Rembrandt vol\u00e9 au mus\u00e9e des Beaux-Arts de Tours"},"content":{"rendered":"<p>Au lendemain du cambriolage rocambolesque au mus\u00e9e du Louvre du dimanche 19\u00a0octobre 2025, nous avions sollicit\u00e9 plusieurs responsables de mus\u00e9es et de grands ch\u00e2teaux meubl\u00e9s de Touraine. Histoire d\u2019\u00e9voquer les mesures de protection et de s\u00e9curisation des \u0153uvres qui sont pr\u00e9sent\u00e9es ici et l\u00e0. Las, hormis\u00a0quelques maigres t\u00e9moignages recueillis sous le sceau de l\u2019anonymat, aucun des sites contact\u00e9s n\u2019a souhait\u00e9 nous r\u00e9pondre officiellement. \u00c0 l\u2019instar du maire adjoint \u00e0 la culture de Tours et de la direction de la culture en mairie, responsables du mus\u00e9e des Beaux-Arts, qui n\u2019ont m\u00eame pas accus\u00e9 r\u00e9ception de nos sollicitations.<\/p>\n<p>Les tr\u00e9sors du mus\u00e9e des Beaux-Arts<\/p>\n<p>Chou blanc \u00e9galement aupr\u00e8s des principaux ch\u00e2teaux du d\u00e9partement. C\u2019est dire si <a target=\"_self\" href=\"https:\/\/www.lanouvellerepublique.fr\/a-la-une\/cambriolage-du-louvre-des-failles-qui-touchent-d-autres-musees-europeens-1762025294\" rel=\"noopener\">au lendemain du casse du si\u00e8cle au Louvre<\/a>, le malaise est grand d\u00e8s lors qu\u2019il s\u2019agit d\u2019\u00e9voquer la s\u00e9curit\u00e9 et la protection des \u0153uvres et des biens dans les ch\u00e2teaux et les mus\u00e9es de Touraine. Certes, le mus\u00e9e des Beaux-Arts de Tours n\u2019est pas le Louvre, mais l\u2019ancien palais \u00e9piscopal abrite n\u00e9anmoins <a target=\"_self\" href=\"https:\/\/www.lanouvellerepublique.fr\/tours\/musee-des-beaux-arts-de-tours-si-les-oeuvres-pouvaient-parler-1755107087\" rel=\"noopener\">une collection de tr\u00e9sors dignes de ce nom<\/a>&#8230;. <\/p>\n<p>    Cet article a \u00e9t\u00e9 tronqu\u00e9. Abonnez-vous pour lire l&rsquo;article complet sur notre site.<\/p>\n<p style=\"margin: 0 !important; padding: 0 !important; font-size: 12px !important;\">Cet article a \u00e9t\u00e9 tronqu\u00e9. Abonnez-vous pour lire l&rsquo;article complet.<\/p>\n<p>    <a href=\"https:\/\/www.lanouvellerepublique.fr\/abonnements\" style=\"display: inline-block; margin-top: 5px !important; padding: 6px 12px !important; background: #cb1c27; color: white; text-decoration: none; border-radius: 4px; font-size: 12px !important;\" target=\"_blank\" rel=\"noopener\"><br \/>\n      S&rsquo;abonner<br \/>\n    <\/a><\/p>\n","protected":false},"excerpt":{"rendered":"Au lendemain du cambriolage rocambolesque au mus\u00e9e du Louvre du dimanche 19\u00a0octobre 2025, nous avions sollicit\u00e9 plusieurs responsables&hellip;\n","protected":false},"author":2,"featured_media":527219,"comment_status":"","ping_status":"","sticky":false,"template":"","format":"standard","meta":{"footnotes":""},"categories":[1358],"tags":[1392,1348,1384,1385,1386,58,59,274,1011,27,1387,500,7107,2551,1390,64636],"class_list":{"0":"post-527218","1":"post","2":"type-post","3":"status-publish","4":"format-standard","5":"has-post-thumbnail","7":"category-arts-et-design","8":"tag-a-la-une-local","9":"tag-arts","10":"tag-arts-and-design","11":"tag-arts-et-design","12":"tag-design","13":"tag-divertissement","14":"tag-entertainment","15":"tag-faits-divers-justice","16":"tag-fr","17":"tag-france","18":"tag-indre-et-loire","19":"tag-medias","20":"tag-musees","21":"tag-patrimoine","22":"tag-tours","23":"tag-un-objet-une-histoire"},"share_on_mastodon":{"url":"https:\/\/pubeurope.com\/@fr\/115531316113011638","error":""},"_links":{"self":[{"href":"https:\/\/www.europesays.com\/fr\/wp-json\/wp\/v2\/posts\/527218","targetHints":{"allow":["GET"]}}],"collection":[{"href":"https:\/\/www.europesays.com\/fr\/wp-json\/wp\/v2\/posts"}],"about":[{"href":"https:\/\/www.europesays.com\/fr\/wp-json\/wp\/v2\/types\/post"}],"author":[{"embeddable":true,"href":"https:\/\/www.europesays.com\/fr\/wp-json\/wp\/v2\/users\/2"}],"replies":[{"embeddable":true,"href":"https:\/\/www.europesays.com\/fr\/wp-json\/wp\/v2\/comments?post=527218"}],"version-history":[{"count":0,"href":"https:\/\/www.europesays.com\/fr\/wp-json\/wp\/v2\/posts\/527218\/revisions"}],"wp:featuredmedia":[{"embeddable":true,"href":"https:\/\/www.europesays.com\/fr\/wp-json\/wp\/v2\/media\/527219"}],"wp:attachment":[{"href":"https:\/\/www.europesays.com\/fr\/wp-json\/wp\/v2\/media?parent=527218"}],"wp:term":[{"taxonomy":"category","embeddable":true,"href":"https:\/\/www.europesays.com\/fr\/wp-json\/wp\/v2\/categories?post=527218"},{"taxonomy":"post_tag","embeddable":true,"href":"https:\/\/www.europesays.com\/fr\/wp-json\/wp\/v2\/tags?post=527218"}],"curies":[{"name":"wp","href":"https:\/\/api.w.org\/{rel}","templated":true}]}}