{"id":527228,"date":"2025-11-11T13:38:16","date_gmt":"2025-11-11T13:38:16","guid":{"rendered":"https:\/\/www.europesays.com\/fr\/527228\/"},"modified":"2025-11-11T13:38:16","modified_gmt":"2025-11-11T13:38:16","slug":"quand-jean-luc-reichmann-demande-laide-de-julien-courbet-pour-la-voiture-de-sa-belle-mere-vandalisee","status":"publish","type":"post","link":"https:\/\/www.europesays.com\/fr\/527228\/","title":{"rendered":"Quand Jean-Luc Reichmann demande l\u2019aide de Julien Courbet pour la voiture de sa belle-m\u00e8re vandalis\u00e9e"},"content":{"rendered":"<p>        <img decoding=\"async\" loading=\"lazy\" src=\"https:\/\/www.europesays.com\/fr\/wp-content\/uploads\/2025\/11\/95adc94_upload-1-7i0z0td7lq47-afp-20240723-364t4rm-v1-highres-francetvfuneralceremony.jpg\"  width=\"728\" height=\"410\" alt=\"Jean-Luc Reichmann, ici \u00e0 Paris, le 23\u00a0juillet 2024.\"\/>  <\/p>\n<p>BERTRAND GUAY \/ AFP<\/p>\n<p>Jean-Luc Reichmann, ici \u00e0 Paris, le 23\u00a0juillet 2024.<\/p>\n<p class=\"asset asset-text\">T\u00c9L\u00c9VISION &#8211; Week-end mouvement\u00e9 pour Jean-Luc Reichmann. Sur les r\u00e9seaux sociaux, <a href=\"https:\/\/www.huffingtonpost.fr\/divertissement\/article\/jean-luc-reichmann-rejoint-demain-nous-appartient-sur-tf1_250526.html\" target=\"_blank\" rel=\"noopener\">l\u2019animateur t\u00e9l\u00e9 de TF1<\/a>\u00a0a en effet racont\u00e9 la m\u00e9saventure connue par sa belle-m\u00e8re, qui a vu sa voiture vandalis\u00e9e en pleine rue.<\/p>\n<p class=\"asset asset-text\">Dans une vid\u00e9o post\u00e9e lundi sur son compte Instagram (<strong>\u00e0 voir plus bas<\/strong>), on peut notamment voir les d\u00e9g\u00e2ts particuli\u00e8rement importants sur le v\u00e9hicule, les vitres bris\u00e9es et le capot retir\u00e9, laissant appara\u00eetre compl\u00e8tement le moteur. \u00ab\u00a0Ils ont cass\u00e9 l\u00e0, et ils ont pris tout \u00e7a. Sympa, non\u00a0? (&#8230;) Totalement inacceptable\u00a0\u00bb, a comment\u00e9 Jean-Luc Reichmann dans des propos <a href=\"https:\/\/www.rtl.fr\/culture\/medias-people\/l-horreur-en-pleine-nuit-la-voiture-de-sa-belle-mere-vandalisee-jean-luc-reichmann-fait-appel-a-julien-courbet-7900564480\" target=\"_blank\" rel=\"noopener\" title=\"Nouvelle fen\u00eatre\">rapport\u00e9s par RTL<\/a>.<\/p>\n<p class=\"asset asset-text\">En plus de tout \u00e7a, ce v\u00e9hicule n\u2019appartient pas \u00e0 sa belle-m\u00e8re, qui devait rentrer dans le Jura. Il s\u2019agit d\u2019un v\u00e9hicule de courtoisie\u00a0pr\u00eat\u00e9 par son assurance. \u00ab\u00a0Avec le week-end du 11\u00a0novembre, elle a appel\u00e9 son assurance qui lui a dit que jusqu\u2019au 12\u00a0novembre, il n\u2019y aura strictement rien, je ne sais pas ce qu\u2019on va faire\u00a0\u00bb, a encore expliqu\u00e9 Jean-Luc Reichmann, parlant d\u2019un conflit entre deux assurances.<\/p>\n<p> La lecture de ce contenu est susceptible d\u2019entra\u00eener un d\u00e9p\u00f4t de cookies de la part de l\u2019op\u00e9rateur tiers qui l\u2019h\u00e9berge. Compte-tenu des choix que vous avez exprim\u00e9s en mati\u00e8re de d\u00e9p\u00f4t de cookies, nous avons bloqu\u00e9 l\u2019affichage de ce contenu. Si vous souhaitez y acc\u00e9der, vous devez accepter la cat\u00e9gorie de cookies \u201cContenus tiers\u201d en cliquant sur le bouton ci-dessous. <\/p>\n<p> Lire la Vid\u00e9o        Julien Courbet r\u00e9pond favorablement    <\/p>\n<p class=\"asset asset-text\">R\u00e9sultat, l\u2019animateur de TF1 a sollicit\u00e9 l\u2019assistance de <a href=\"https:\/\/www.huffingtonpost.fr\/divertissement\/article\/j-en-connais-un-rayon-avec-julien-courbet-nous-a-appris-ces-trois-infos-conso-surprenantes_251753.html\" target=\"_blank\" rel=\"noopener\" title=\"Nouvelle fen\u00eatre\">Julien Courbet<\/a> et son \u00e9mission sur RTL \u00c7a peut vous arriver pour g\u00e9rer ce conflit. <a href=\"https:\/\/www.rtl.fr\/culture\/medias-people\/en-echange-il-me-prend-comme-candidat-aux-12-coups-de-midi-julien-courbet-repond-a-l-appel-a-l-aide-de-jean-luc-reichmann-7900564575\" target=\"_blank\" rel=\"noopener\" title=\"Nouvelle fen\u00eatre\">Il lui a r\u00e9pondu lundi sur RTL<\/a>, avec une pointe d\u2019humour\u00a0: \u00ab\u00a0comme pour les t\u00e9l\u00e9spectateurs, Jean-Luc doit \u00e9crire \u00e0 l\u2019adresse mail de l\u2019\u00e9mission. Pas de passe-droit dans l\u2019\u00e9mission.\u00a0\u00bb<\/p>\n<p class=\"asset asset-text\">Mais \u00ab\u00a0en vue de notre longue amiti\u00e9, on va essayer de lui apporter des r\u00e9ponses juridiques hors antenne\u00a0\u00bb, a ajout\u00e9 Julien Courbet. \u00ab\u00a0J\u2019ai demand\u00e9 \u00e0 Herv\u00e9 Pouchol, mon n\u00e9gociateur, de t\u00e2ter le terrain. Mais, en \u00e9change, Jean-Luc me prend comme candidat dans <a href=\"https:\/\/www.huffingtonpost.fr\/divertissement\/article\/emilien-elimine-des-12-coups-de-midi-n-a-pas-vraiment-touche-2-5-millions-d-euros_252314.html\" target=\"_blank\" rel=\"noopener\">Les\u00a012 coups de midi<\/a>\u00a0\u00bb, s\u2019est-il amus\u00e9.<\/p>\n<p class=\"asset asset-text\">L\u2019animateur de\u00a0\u00c7a peut vous arriver\u00a0a toutefois confirm\u00e9 que le sujet sera bien abord\u00e9 cette semaine dans son \u00e9mission.<\/p>\n","protected":false},"excerpt":{"rendered":"BERTRAND GUAY \/ AFP Jean-Luc Reichmann, ici \u00e0 Paris, le 23\u00a0juillet 2024. T\u00c9L\u00c9VISION &#8211; Week-end mouvement\u00e9 pour Jean-Luc&hellip;\n","protected":false},"author":2,"featured_media":527229,"comment_status":"","ping_status":"","sticky":false,"template":"","format":"standard","meta":{"footnotes":""},"categories":[8],"tags":[58,59,1011,27,465,10950,500,973],"class_list":{"0":"post-527228","1":"post","2":"type-post","3":"status-publish","4":"format-standard","5":"has-post-thumbnail","7":"category-divertissement","8":"tag-divertissement","9":"tag-entertainment","10":"tag-fr","11":"tag-france","12":"tag-jean-luc-reichmann","13":"tag-julien-courbet","14":"tag-medias","15":"tag-people"},"share_on_mastodon":{"url":"https:\/\/pubeurope.com\/@fr\/115531344999981573","error":""},"_links":{"self":[{"href":"https:\/\/www.europesays.com\/fr\/wp-json\/wp\/v2\/posts\/527228","targetHints":{"allow":["GET"]}}],"collection":[{"href":"https:\/\/www.europesays.com\/fr\/wp-json\/wp\/v2\/posts"}],"about":[{"href":"https:\/\/www.europesays.com\/fr\/wp-json\/wp\/v2\/types\/post"}],"author":[{"embeddable":true,"href":"https:\/\/www.europesays.com\/fr\/wp-json\/wp\/v2\/users\/2"}],"replies":[{"embeddable":true,"href":"https:\/\/www.europesays.com\/fr\/wp-json\/wp\/v2\/comments?post=527228"}],"version-history":[{"count":0,"href":"https:\/\/www.europesays.com\/fr\/wp-json\/wp\/v2\/posts\/527228\/revisions"}],"wp:featuredmedia":[{"embeddable":true,"href":"https:\/\/www.europesays.com\/fr\/wp-json\/wp\/v2\/media\/527229"}],"wp:attachment":[{"href":"https:\/\/www.europesays.com\/fr\/wp-json\/wp\/v2\/media?parent=527228"}],"wp:term":[{"taxonomy":"category","embeddable":true,"href":"https:\/\/www.europesays.com\/fr\/wp-json\/wp\/v2\/categories?post=527228"},{"taxonomy":"post_tag","embeddable":true,"href":"https:\/\/www.europesays.com\/fr\/wp-json\/wp\/v2\/tags?post=527228"}],"curies":[{"name":"wp","href":"https:\/\/api.w.org\/{rel}","templated":true}]}}