{"id":527243,"date":"2025-11-11T13:50:18","date_gmt":"2025-11-11T13:50:18","guid":{"rendered":"https:\/\/www.europesays.com\/fr\/527243\/"},"modified":"2025-11-11T13:50:18","modified_gmt":"2025-11-11T13:50:18","slug":"a-la-farlede-une-charte-dengagement-ville-aidante-alzheimer","status":"publish","type":"post","link":"https:\/\/www.europesays.com\/fr\/527243\/","title":{"rendered":"\u00c0 La Farl\u00e8de, une charte d\u2019engagement \u00ab Ville aidante Alzheimer \u00bb"},"content":{"rendered":"<p>                    <img loading=\"lazy\" decoding=\"async\" src=\"https:\/\/www.europesays.com\/fr\/wp-content\/uploads\/2025\/11\/4d4efc1c0c8423927630a681e5c47e.png\" class=\"img-responsive post-image\" width=\"680\" height=\"510\" alt=\"\u00c0 La Farl\u00e8de, une charte\" title=\"\u00c0 La Farl\u00e8de, une charte d'engagement \u00ab Ville aidante Alzheimer \u00bb\"\/><\/p>\n<p class=\"chapo\">Yves Palmieri, maire de La Farl\u00e8de, et Arlette Marrone, pr\u00e9sidente de l\u2019association France Alzheimer Var, ont sign\u00e9 une charte d\u2019engagements r\u00e9ciproques \u00ab\u00a0Ville aidante Alzheimer\u00a0\u00bb.<\/p>\n<p class=\"texte\">Avec cette signature, la Ville s\u2019engage \u00e0 devenir une \u00ab\u00a0Ville aidante Alzheimer\u00a0\u00bb, aux c\u00f4t\u00e9s de l\u2019association France Alzheimer. Cette d\u00e9marche vise \u00e0 mieux accompagner les personnes atteintes de la maladie d\u2019Alzheimer et leurs proches aidants, en leur permettant de continuer \u00e0 vivre pleinement la ville.<\/p>\n<p><strong>Yves Palmieri, <\/strong> le maire, explique la d\u00e9marche de la Ville\u00a0: \u00ab\u00a0Engag\u00e9e aux c\u00f4t\u00e9s de France Alzheimer, la Ville a choisi de mener des activit\u00e9s, propos\u00e9es par l\u2019association, en fonction de ses moyens et de ses ressources. Nous souhaitons garantir l\u2019insertion r\u00e9guli\u00e8re d\u2019informations sur la maladie et les maladies apparent\u00e9es dans les supports de communication de la mairie, \u00e0 savoir le magazine municipal et les panneaux d\u2019information\u00a0\u00bb.<\/p>\n<p>L\u2019action de la commune se d\u00e9clinera \u00e9galement sous forme de d\u00e9ploiement de caf\u00e9s m\u00e9moire ou d\u2019action initi\u00e9es par France Alzheimer. La Ville s\u2019engage \u00e9galement \u00e0 faciliter les modalit\u00e9s de transport depuis le domicile jusqu\u2019au lieu des activit\u00e9s.<\/p>\n<p>\u00ab\u00a0L\u2019\u00e9quipe de France Alzheimer Var est aux cot\u00e9s des familles touch\u00e9es par la maladie ou une maladie apparent\u00e9e pour les \u00e9couter, les aider, les accompagner, les soutenir et leur proposer des activit\u00e9s adapt\u00e9es \u00a0\u00bb, explique, de son c\u00f4t\u00e9<strong>, Arlette Marrone, <\/strong> pr\u00e9sidente de l\u2019association France Alzheimer Var.<\/p>\n<p>Par ailleurs, l\u2019objectif de la Municipalit\u00e9 est de construire un projet de sensibilisation et de formation \u00e0 la maladie d\u2019Alzheimer \u00e0 destination des commer\u00e7ants, des artisans et des chauffeurs de bus. La commune va \u00e9galement lancer une action de sensibilisation dans les \u00e9coles lors du temps p\u00e9riscolaire. Enfin, la Ville va faciliter la participation des personnes malades ou de leurs proches aidants \u00e0 des actions artistiques, culturelles ou sportives.<\/p>\n<p>Photo de Une\u00a0: \u00a9Alain BLANCHOT<\/p>\n","protected":false},"excerpt":{"rendered":"Yves Palmieri, maire de La Farl\u00e8de, et Arlette Marrone, pr\u00e9sidente de l\u2019association France Alzheimer Var, ont sign\u00e9 une&hellip;\n","protected":false},"author":2,"featured_media":527244,"comment_status":"","ping_status":"","sticky":false,"template":"","format":"standard","meta":{"footnotes":""},"categories":[9619],"tags":[1111,11,2408,1777,674,1011,27,12,882,25,2310],"class_list":{"0":"post-527243","1":"post","2":"type-post","3":"status-publish","4":"format-standard","5":"has-post-thumbnail","7":"category-toulon","8":"tag-actu","9":"tag-actualites","10":"tag-appels-d","11":"tag-eu","12":"tag-europe","13":"tag-fr","14":"tag-france","15":"tag-news","16":"tag-provence-alpes-cote-dazur","17":"tag-republique-francaise","18":"tag-toulon"},"share_on_mastodon":{"url":"https:\/\/pubeurope.com\/@fr\/115531391672264101","error":""},"_links":{"self":[{"href":"https:\/\/www.europesays.com\/fr\/wp-json\/wp\/v2\/posts\/527243","targetHints":{"allow":["GET"]}}],"collection":[{"href":"https:\/\/www.europesays.com\/fr\/wp-json\/wp\/v2\/posts"}],"about":[{"href":"https:\/\/www.europesays.com\/fr\/wp-json\/wp\/v2\/types\/post"}],"author":[{"embeddable":true,"href":"https:\/\/www.europesays.com\/fr\/wp-json\/wp\/v2\/users\/2"}],"replies":[{"embeddable":true,"href":"https:\/\/www.europesays.com\/fr\/wp-json\/wp\/v2\/comments?post=527243"}],"version-history":[{"count":0,"href":"https:\/\/www.europesays.com\/fr\/wp-json\/wp\/v2\/posts\/527243\/revisions"}],"wp:featuredmedia":[{"embeddable":true,"href":"https:\/\/www.europesays.com\/fr\/wp-json\/wp\/v2\/media\/527244"}],"wp:attachment":[{"href":"https:\/\/www.europesays.com\/fr\/wp-json\/wp\/v2\/media?parent=527243"}],"wp:term":[{"taxonomy":"category","embeddable":true,"href":"https:\/\/www.europesays.com\/fr\/wp-json\/wp\/v2\/categories?post=527243"},{"taxonomy":"post_tag","embeddable":true,"href":"https:\/\/www.europesays.com\/fr\/wp-json\/wp\/v2\/tags?post=527243"}],"curies":[{"name":"wp","href":"https:\/\/api.w.org\/{rel}","templated":true}]}}