{"id":527251,"date":"2025-11-11T13:55:46","date_gmt":"2025-11-11T13:55:46","guid":{"rendered":"https:\/\/www.europesays.com\/fr\/527251\/"},"modified":"2025-11-11T13:55:46","modified_gmt":"2025-11-11T13:55:46","slug":"concert-recital-dorgue-par-alexis-droy-a-labbatiale-saint-ouen-de-rouen-a-rouen-places-billets-reservations","status":"publish","type":"post","link":"https:\/\/www.europesays.com\/fr\/527251\/","title":{"rendered":"Concert R\u00e9cital d&rsquo;orgue par Alexis Droy \u00e0 l&rsquo;abbatiale Saint-Ouen de Rouen \u00e0 Rouen, : places, billets, r\u00e9servations"},"content":{"rendered":"<p class=\"fw-bold font-size-16 my-1\"> Le 16\/11\/2025<\/p>\n<p class=\"fw-bold font-size-16 my-1\"> <a class=\"mr-2\" href=\"https:\/\/www.jds.fr\/rouen\/abbaye\/abbatiale-saint-ouen-19287_L\" rel=\"nofollow noopener\" target=\"_blank\">Abbatiale Saint-Ouen<\/a> | <a href=\"https:\/\/www.jds.fr\/rouen\/\" rel=\"nofollow noopener\" target=\"_blank\">Rouen<\/a><\/p>\n<p class=\"fw-bold font-size-16 my-1\"> Tarif plein : 10 \u20ac | &#13;<br \/>\nTarif r\u00e9duit : 7 \u20ac <\/p>\n<p>L\u2019organiste Alexis Droy, co-titulaire de l&rsquo;orgue de la cath\u00e9drale de Moulins, se produit sur le majestueux grand orgue Cavaill\u00e9-Coll de l\u2019abbatiale Saint-Ouen, pour un programme vibrant d\u2019\u00e9motion et de spiritualit\u00e9, au c\u0153ur de la grande tradition fran\u00e7aise.<\/p>\n<p><a data-lightbox=\"article\" data-title=\"R\u00e9cital d&#039;orgue par Alexis Droy \u00e0 l&#039;abbatiale Saint-Ouen de Rouen \u00a9 AD\" class=\"image detail fullwidth  position-relative d-block\" href=\"https:\/\/www.jds.fr\/medias\/image\/0-31433200-1762777418-768976-920-0-F.webp\" title=\"R\u00e9cital d&#039;orgue par Alexis Droy \u00e0 l&#039;abbatiale Saint-Ouen de Rouen \u00a9 AD\" rel=\"nofollow noopener\" target=\"_blank\"><br \/>\n<img decoding=\"async\" loading=\"lazy\" src=\"https:\/\/www.europesays.com\/fr\/wp-content\/uploads\/2025\/11\/0-31433200-1762777418-768976-1200-0.webp.webp\"   width=\"685\" alt=\"R\u00e9cital d'orgue par Alexis Droy \u00e0 l'abbatiale Saint-Ouen de Rouen\" class=\"border\"\/><br \/>\n\u00a9 AD<br \/>\nR\u00e9cital d&rsquo;orgue par Alexis Droy \u00e0 l&rsquo;abbatiale Saint-Ouen de Rouen<br \/>\n<\/a><\/p>\n<p>Le r\u00e9cital s\u2019ouvre avec la Marche fun\u00e8bre et Chant s\u00e9raphique d\u2019Alexandre Guilmant, figure phare du romantisme organistique. Dans cette \u0153uvre, la gravit\u00e9 du deuil se transforme peu \u00e0 peu en apaisement lumineux, illustrant l\u2019art de Guilmant d\u2019unir ferveur et lyrisme.<\/p>\n<p>Suit le Pr\u00e9lude et Fugue opus 109 n\u00b09 de Camille Saint-Sa\u00ebns, page d\u2019une \u00e9l\u00e9gance classique et d\u2019une virtuosit\u00e9 ma\u00eetris\u00e9e. Fid\u00e8le \u00e0 son style clair et structur\u00e9, Saint-Sa\u00ebns y d\u00e9ploie une \u00e9criture \u00e9quilibr\u00e9e o\u00f9 s\u2019allient rigueur contrapuntique et souffle po\u00e9tique.<\/p>\n<p>Enfin, deux pi\u00e8ces extraites des Esquisses byzantines d\u2019Henri Mulet \u2014 In Paradisum et Tu es Petra \u2014 viendront couronner ce programme. La premi\u00e8re, d\u2019une douceur mystique, \u00e9voque la paix \u00e9ternelle, tandis que la seconde, c\u00e9l\u00e8bre pour sa puissance \u00e9clatante, s\u2019impose comme un hymne \u00e0 la gloire et \u00e0 la lumi\u00e8re.<\/p>\n<p>Sous les vo\u00fbtes grandioses de Saint-Ouen, la sensibilit\u00e9 d\u2019Alexis Droy r\u00e9v\u00e9lera toutes les couleurs et la grandeur du Cavaill\u00e9-Coll.<\/p>\n<p>            Renseignements<\/p>\n<p><strong class=\"font-size-18\">O\u00f9\u00a0:<\/strong><br \/><a class=\"mt-1 d-block \" href=\"https:\/\/www.jds.fr\/rouen\/abbaye\/abbatiale-saint-ouen-19287_L\" rel=\"nofollow noopener\" target=\"_blank\"> Abbatiale Saint-Ouen &#8211; Rouen<\/a><a class=\"mt-1 d-block ps-4\" href=\"https:\/\/www.jds.fr\/rouen\/\" rel=\"nofollow noopener\" target=\"_blank\"> 76000 Rouen<\/a><\/p>\n<p>Dates et horaires\u00a0: <\/p>\n<ul class=\"liste-dates list-unstyled\" id=\"liste-dates-691271643b01f\">\n<li>Dimanche 16 Novembre 2025 de 17h \u00e0 17h45<\/li>\n<\/ul>\n<p>Tarifs\u00a0: <\/p>\n<p>Tarif plein : 10 \u20ac<br \/>&#13;<br \/>\nTarif r\u00e9duit : 7 \u20ac<\/p>\n<p>Inscription, billetterie ou r\u00e9servation\u00a0: <\/p>\n<p>Dans la m\u00eame rubrique<\/p>\n<ul class=\"mt-3 list-unstyled list-articles-v2\">\n<li class=\"col-12 pt-4\" data-view-id-type=\"1\" data-view-id=\"1140708\" data-view-bc=\"0\"><a class=\"d-block titre text-black mb-1 mb-md-2\" href=\"https:\/\/www.jds.fr\/rouen\/concerts\/pop-folk\/jon-spencer-1140708_A\" rel=\"nofollow noopener\" target=\"_blank\">Jon Spencer<\/a>Le 12\/11\/2025<a href=\"https:\/\/www.jds.fr\/rouen\/salle-de-concert\/le-106-16700_L\" class=\"lieu font-size-14 text-gray-700 d-block lh-sm my-1\" rel=\"nofollow noopener\" target=\"_blank\"> Le 106 &#8211; Rouen<\/a>Jon Spencer en concert \u00e0 Rouen (Le 106 ), le 12 novembre 2025. Toutes les informations pratiques (tarifs, billetterie, plan de salle) pour ce concert sont \u00e0 retrouver sur cette [\u2026]<a class=\"image\" href=\"https:\/\/www.jds.fr\/rouen\/concerts\/pop-folk\/jon-spencer-1140708_A\" rel=\"nofollow noopener\" target=\"_blank\"><img decoding=\"async\" loading=\"lazy\" src=\"https:\/\/www.europesays.com\/fr\/wp-content\/uploads\/2025\/11\/1762869331_683_\" width=\"180\" height=\"180\" alt=\"Jon Spencer\"\/><\/a><\/li>\n<li class=\"col-12 pt-4\" data-view-id-type=\"1\" data-view-id=\"1067190\" data-view-bc=\"0\"><a class=\"image\" href=\"https:\/\/www.jds.fr\/rouen\/concerts\/musique-classique\/les-variations-goldberg-1067190_A\" rel=\"nofollow noopener\" target=\"_blank\"><img decoding=\"async\" loading=\"lazy\" src=\"https:\/\/www.europesays.com\/fr\/wp-content\/uploads\/2025\/09\/0-33163700-1751363879-663359-180-180.webp.webp\" width=\"180\" height=\"180\" alt=\"Les Variations Goldberg\" class=\"border\"\/><\/a><\/li>\n<li class=\"li_gp_div\">\n<\/li>\n<li class=\"col-12 pt-4\" data-view-id-type=\"1\" data-view-id=\"1018082\" data-view-bc=\"0\"><a class=\"d-block titre text-black mb-1 mb-md-2\" href=\"https:\/\/www.jds.fr\/rouen\/concerts\/rap\/sopico-1018082_A\" rel=\"nofollow noopener\" target=\"_blank\">Sopico<\/a>Le 19\/11\/2025<a href=\"https:\/\/www.jds.fr\/rouen\/salle-de-concert\/le-106-16700_L\" class=\"lieu font-size-14 text-gray-700 d-block lh-sm my-1\" rel=\"nofollow noopener\" target=\"_blank\"> Le 106 &#8211; Rouen<\/a>Sopico en concert \u00e0 Rouen (Le 106 ), le 19 novembre 2025. Toutes les informations pratiques (tarifs, billetterie, plan de salle) pour ce concert sont \u00e0 retrouver sur cette page. [\u2026]<a class=\"image\" href=\"https:\/\/www.jds.fr\/rouen\/concerts\/rap\/sopico-1018082_A\" rel=\"nofollow noopener\" target=\"_blank\"><img decoding=\"async\" loading=\"lazy\" src=\"https:\/\/www.europesays.com\/fr\/wp-content\/uploads\/2025\/11\/1762869333_123_\" width=\"180\" height=\"180\" alt=\"Sopico\"\/><\/a><\/li>\n<li class=\"col-12 pt-4\" data-view-id-type=\"1\" data-view-id=\"989740\" data-view-bc=\"0\"><a class=\"d-block titre text-black mb-1 mb-md-2\" href=\"https:\/\/www.jds.fr\/rouen\/concerts\/pop-folk\/fredrika-stahl-et-orchestre-989740_A\" rel=\"nofollow noopener\" target=\"_blank\">Fredrika Stahl &amp; Orchestre<\/a>Le 20\/11\/2025<a href=\"https:\/\/www.jds.fr\/rouen\/salle-de-concert\/le-106-16700_L\" class=\"lieu font-size-14 text-gray-700 d-block lh-sm my-1\" rel=\"nofollow noopener\" target=\"_blank\"> Le 106 &#8211; Rouen<\/a>Fredrika Stahl &amp; Orchestre en concert \u00e0 Rouen (Le 106 ), le 20 novembre 2025. Toutes les informations pratiques (tarifs, billetterie, plan de salle) pour ce concert sont \u00e0 [\u2026]<a class=\"image\" href=\"https:\/\/www.jds.fr\/rouen\/concerts\/pop-folk\/fredrika-stahl-et-orchestre-989740_A\" rel=\"nofollow noopener\" target=\"_blank\"><img decoding=\"async\" loading=\"lazy\" src=\"https:\/\/www.europesays.com\/fr\/wp-content\/uploads\/2025\/11\/1762869334_869_\" width=\"180\" height=\"180\" alt=\"Fredrika Stahl &amp; Orchestre\"\/><\/a><\/li>\n<li class=\"col-12 pt-4\" data-view-id-type=\"1\" data-view-id=\"1130246\" data-view-bc=\"0\"><a class=\"d-block titre text-black mb-1 mb-md-2\" href=\"https:\/\/www.jds.fr\/rouen\/concerts\/candlelight-les-4-saisons-de-vivaldi-1130246_A\" rel=\"nofollow noopener\" target=\"_blank\">Candlelight\u00a0: Les 4 Saisons de Vivaldi<\/a>Du 21\/11\/2025 au 09\/01\/2026<a href=\"https:\/\/www.jds.fr\/rouen\/patrimoine-historique\/historial-jeanne-d-arc-23014_L\" class=\"lieu font-size-14 text-gray-700 d-block lh-sm my-1\" rel=\"nofollow noopener\" target=\"_blank\"> Historial Jeanne d\u2019Arc &#8211; Rouen<\/a>Candlelight, c&rsquo;est une exp\u00e9rience musicale magique dans de magnifiques lieux \u00e9clair\u00e9s \u00e0 la bougie. Ach\u00e8te tes billets d\u00e8s maintenant pour ce concert Candlelight\u00a0: Les 4 [\u2026]<a class=\"image\" href=\"https:\/\/www.jds.fr\/rouen\/concerts\/candlelight-les-4-saisons-de-vivaldi-1130246_A\" rel=\"nofollow noopener\" target=\"_blank\"><img decoding=\"async\" loading=\"lazy\" src=\"https:\/\/www.europesays.com\/fr\/wp-content\/uploads\/2025\/10\/candlelight-les-4-saisons-de-vivaldi-696318-180-180.webp.webp\" width=\"180\" height=\"180\" alt=\"Candlelight : Les 4 Saisons de Vivaldi\" class=\"border\"\/><\/a><\/li>\n<li class=\"li_gp_div li_gp_div_infeed\"\/>\n<li class=\"col-12 pt-4\" data-view-id-type=\"1\" data-view-id=\"1150753\" data-view-bc=\"0\"><a class=\"d-block titre text-black mb-1 mb-md-2\" href=\"https:\/\/www.jds.fr\/rouen\/concerts\/candlelight-ed-sheeran-rencontre-coldplay-1150753_A\" rel=\"nofollow noopener\" target=\"_blank\">Candlelight: Ed Sheeran rencontre Coldplay<\/a>Le 21\/11\/2025<a href=\"https:\/\/www.jds.fr\/rouen\/patrimoine-historique\/historial-jeanne-d-arc-23014_L\" class=\"lieu font-size-14 text-gray-700 d-block lh-sm my-1\" rel=\"nofollow noopener\" target=\"_blank\"> Historial Jeanne d\u2019Arc &#8211; Rouen<\/a>Candlelight, c&rsquo;est une exp\u00e9rience musicale magique dans de magnifiques lieux \u00e9clair\u00e9s \u00e0 la bougie. Ach\u00e8te tes billets d\u00e8s maintenant pour ce concert Candlelight\u00a0: Ed [\u2026]<a class=\"image\" href=\"https:\/\/www.jds.fr\/rouen\/concerts\/candlelight-ed-sheeran-rencontre-coldplay-1150753_A\" rel=\"nofollow noopener\" target=\"_blank\"><img decoding=\"async\" loading=\"lazy\" src=\"https:\/\/www.europesays.com\/fr\/wp-content\/uploads\/2025\/11\/candlelight-ed-sheeran-rencontre-coldplay-708858-180-180.webp.webp\" width=\"180\" height=\"180\" alt=\"Candlelight: Ed Sheeran rencontre Coldplay\" class=\"border\"\/><\/a><\/li>\n<li class=\"col-12 pt-4\" data-view-id-type=\"1\" data-view-id=\"1067197\" data-view-bc=\"0\"><a class=\"image\" href=\"https:\/\/www.jds.fr\/rouen\/concerts\/musique-classique\/mendelssohn-tchaikovsky-1067197_A\" rel=\"nofollow noopener\" target=\"_blank\"><img decoding=\"async\" loading=\"lazy\" src=\"https:\/\/www.europesays.com\/fr\/wp-content\/uploads\/2025\/09\/0-68906700-1751364556-663368-180-180.webp.webp\" width=\"180\" height=\"180\" alt=\"Mendelssohn, Tcha\u00efkovsky\" class=\"border\"\/><\/a><\/li>\n<li class=\"col-12 pt-4\" data-view-id-type=\"1\" data-view-id=\"1130258\" data-view-bc=\"0\"><a class=\"d-block titre text-black mb-1 mb-md-2\" href=\"https:\/\/www.jds.fr\/rouen\/concerts\/candlelight-jean-jacques-goldman-1130258_A\" rel=\"nofollow noopener\" target=\"_blank\">Candlelight: Jean-Jacques Goldman<\/a>Du 22\/11\/2025 au 28\/02\/2026<a href=\"https:\/\/www.jds.fr\/rouen\/patrimoine-historique\/historial-jeanne-d-arc-23014_L\" class=\"lieu font-size-14 text-gray-700 d-block lh-sm my-1\" rel=\"nofollow noopener\" target=\"_blank\"> Historial Jeanne d\u2019Arc &#8211; Rouen<\/a>Candlelight, c&rsquo;est une exp\u00e9rience musicale magique dans de magnifiques lieux \u00e9clair\u00e9s \u00e0 la bougie. Ach\u00e8te tes billets d\u00e8s maintenant pour ce concert Candlelight\u00a0: [\u2026]<a class=\"image\" href=\"https:\/\/www.jds.fr\/rouen\/concerts\/candlelight-jean-jacques-goldman-1130258_A\" rel=\"nofollow noopener\" target=\"_blank\"><img decoding=\"async\" loading=\"lazy\" src=\"https:\/\/www.europesays.com\/fr\/wp-content\/uploads\/2025\/09\/candlelight-jean-jacques-goldman-696330-180-180.webp.webp\" width=\"180\" height=\"180\" alt=\"Candlelight: Jean-Jacques Goldman\" class=\"border\"\/><\/a><\/li>\n<li class=\"col-12 pt-4\" data-view-id-type=\"1\" data-view-id=\"1204810\" data-view-bc=\"0\"><a class=\"d-block titre text-black mb-1 mb-md-2\" href=\"https:\/\/www.jds.fr\/rouen\/concerts\/candlelight-hommage-a-queen-1204810_A\" rel=\"nofollow noopener\" target=\"_blank\">Candlelight\u00a0: hommage \u00e0 Queen<\/a>Du 22\/11\/2025 au 10\/01\/2026<a href=\"https:\/\/www.jds.fr\/rouen\/patrimoine-historique\/historial-jeanne-d-arc-23014_L\" class=\"lieu font-size-14 text-gray-700 d-block lh-sm my-1\" rel=\"nofollow noopener\" target=\"_blank\"> Historial Jeanne d\u2019Arc &#8211; Rouen<\/a>\u2b50 Candlelight t&rsquo;offre des exp\u00e9riences musicales magiques dans de magnifiques lieux \u00e9clair\u00e9s \u00e0 la bougie. Ach\u00e8te tes billets d\u00e8s maintenant pour ce concert [\u2026]<a class=\"image\" href=\"https:\/\/www.jds.fr\/rouen\/concerts\/candlelight-hommage-a-queen-1204810_A\" rel=\"nofollow noopener\" target=\"_blank\"><img decoding=\"async\" loading=\"lazy\" src=\"https:\/\/www.europesays.com\/fr\/wp-content\/uploads\/2025\/11\/candlelight-hommage-a-queen-739637-180-180.webp.webp\" width=\"180\" height=\"180\" alt=\"Candlelight : hommage \u00e0 Queen\" class=\"border\"\/><\/a><\/li>\n<li class=\"li_gp_div li_gp_div_infeed\"\/>\n<li class=\"col-12 pt-4\" data-view-id-type=\"1\" data-view-id=\"1067199\" data-view-bc=\"0\"><a class=\"image\" href=\"https:\/\/www.jds.fr\/rouen\/concerts\/musique-classique\/songs-of-passion-1067199_A\" rel=\"nofollow noopener\" target=\"_blank\"><img decoding=\"async\" loading=\"lazy\" src=\"https:\/\/www.europesays.com\/fr\/wp-content\/uploads\/2025\/09\/0-61852500-1751364952-663370-180-180.webp.webp\" width=\"180\" height=\"180\" alt=\"Songs of Passion\" class=\"border\"\/><\/a><\/li>\n<li class=\"col-12 pt-4\" data-view-id-type=\"1\" data-view-id=\"983658\" data-view-bc=\"0\"><a class=\"d-block titre text-black mb-1 mb-md-2\" href=\"https:\/\/www.jds.fr\/rouen\/concerts\/pop-folk\/black-rebel-motorcycle-club-983658_A\" rel=\"nofollow noopener\" target=\"_blank\">Black Rebel Motorcycle Club<\/a>Le 02\/12\/2025<a href=\"https:\/\/www.jds.fr\/rouen\/salle-de-concert\/le-106-16700_L\" class=\"lieu font-size-14 text-gray-700 d-block lh-sm my-1\" rel=\"nofollow noopener\" target=\"_blank\"> Le 106 &#8211; Rouen<\/a>Black Rebel Motorcycle Club en concert \u00e0 Rouen (Le 106 ), le 2 d\u00e9cembre 2025. Toutes les informations pratiques (tarifs, billetterie, plan de salle) pour ce concert sont \u00e0 [\u2026]<a class=\"image\" href=\"https:\/\/www.jds.fr\/rouen\/concerts\/pop-folk\/black-rebel-motorcycle-club-983658_A\" rel=\"nofollow noopener\" target=\"_blank\"><img decoding=\"async\" loading=\"lazy\" src=\"https:\/\/www.europesays.com\/fr\/wp-content\/uploads\/2025\/11\/1762869340_963_\" width=\"180\" height=\"180\" alt=\"Black Rebel Motorcycle Club\"\/><\/a><\/li>\n<li class=\"col-12 pt-4\" data-view-id-type=\"1\" data-view-id=\"1144795\" data-view-bc=\"0\"><a class=\"d-block titre text-black mb-1 mb-md-2\" href=\"https:\/\/www.jds.fr\/rouen\/concerts\/reggae\/tairo-tournee-des-25-ans-1144795_A\" rel=\"nofollow noopener\" target=\"_blank\">Ta\u00efro &#8211; Tourn\u00e9e des 25 Ans<\/a>Le 03\/12\/2025<a href=\"https:\/\/www.jds.fr\/rouen\/salle-de-concert\/le-106-16700_L\" class=\"lieu font-size-14 text-gray-700 d-block lh-sm my-1\" rel=\"nofollow noopener\" target=\"_blank\"> Le 106 &#8211; Rouen<\/a>Ta\u00efro &#8211; Tourn\u00e9e des 25 Ans en concert \u00e0 Rouen (Le 106 ), le 3 d\u00e9cembre 2025. Toutes les informations pratiques (tarifs, billetterie, plan de salle) pour ce concert sont \u00e0 [\u2026]<a class=\"image\" href=\"https:\/\/www.jds.fr\/rouen\/concerts\/reggae\/tairo-tournee-des-25-ans-1144795_A\" rel=\"nofollow noopener\" target=\"_blank\"><img decoding=\"async\" loading=\"lazy\" src=\"https:\/\/www.europesays.com\/fr\/wp-content\/uploads\/2025\/11\/1762869341_598_\" width=\"180\" height=\"180\" alt=\"Ta\u00efro - Tourn\u00e9e des 25 Ans\"\/><\/a><\/li>\n<li class=\"col-12 pt-4\" data-view-id-type=\"1\" data-view-id=\"945446\" data-view-bc=\"0\"><a class=\"d-block titre text-black mb-1 mb-md-2\" href=\"https:\/\/www.jds.fr\/rouen\/concerts\/rap\/fave-tournee-945446_A\" rel=\"nofollow noopener\" target=\"_blank\">Fav\u00e9 &#8211; Tourn\u00e9e<\/a>Le 04\/12\/2025<a href=\"https:\/\/www.jds.fr\/rouen\/salle-de-concert\/le-106-16700_L\" class=\"lieu font-size-14 text-gray-700 d-block lh-sm my-1\" rel=\"nofollow noopener\" target=\"_blank\"> Le 106 &#8211; Rouen<\/a>Fav\u00e9 &#8211; Tourn\u00e9e en concert \u00e0 Rouen (Le 106 ), le 4 d\u00e9cembre 2025. Toutes les informations pratiques (tarifs, billetterie, plan de salle) pour ce concert sont \u00e0 retrouver sur [\u2026]<a class=\"image\" href=\"https:\/\/www.jds.fr\/rouen\/concerts\/rap\/fave-tournee-945446_A\" rel=\"nofollow noopener\" target=\"_blank\"><img decoding=\"async\" loading=\"lazy\" src=\"https:\/\/www.europesays.com\/fr\/wp-content\/uploads\/2025\/11\/1762869341_295_\" width=\"180\" height=\"180\" alt=\"Fav\u00e9 - Tourn\u00e9e\"\/><\/a><\/li>\n<li class=\"li_gp_div li_gp_div_infeed\"\/>\n<li class=\"col-12 pt-4\" data-view-id-type=\"1\" data-view-id=\"1129477\" data-view-bc=\"0\"><a class=\"d-block titre text-black mb-1 mb-md-2\" href=\"https:\/\/www.jds.fr\/rouen\/concerts\/candlelight-celine-dion-1129477_A\" rel=\"nofollow noopener\" target=\"_blank\">Candlelight: C\u00e9line Dion<\/a>Du 14\/12\/2025 au 28\/02\/2026<a href=\"https:\/\/www.jds.fr\/rouen\/patrimoine-historique\/historial-jeanne-d-arc-23014_L\" class=\"lieu font-size-14 text-gray-700 d-block lh-sm my-1\" rel=\"nofollow noopener\" target=\"_blank\"> Historial Jeanne d\u2019Arc &#8211; Rouen<\/a><br \/>\nCandlelight, c&rsquo;est une exp\u00e9rience musicale magique dans de magnifiques lieux \u00e9clair\u00e9s \u00e0 la bougie. Ach\u00e8te tes billets d\u00e8s maintenant pour ce concert Candlelight: C\u00e9line [\u2026]<a class=\"image\" href=\"https:\/\/www.jds.fr\/rouen\/concerts\/candlelight-celine-dion-1129477_A\" rel=\"nofollow noopener\" target=\"_blank\"><img decoding=\"async\" loading=\"lazy\" src=\"https:\/\/www.europesays.com\/fr\/wp-content\/uploads\/2025\/08\/candlelight-celine-dion-695774-180-180.webp.webp\" width=\"180\" height=\"180\" alt=\"Candlelight: C\u00e9line Dion\" class=\"border\"\/><\/a><\/li>\n<li class=\"col-12 pt-4\" data-view-id-type=\"1\" data-view-id=\"1102144\" data-view-bc=\"0\"><a class=\"d-block titre text-black mb-1 mb-md-2\" href=\"https:\/\/www.jds.fr\/rouen\/concerts\/pop-folk\/ysee-et-la-traversee-du-monde-pointu-1102144_A\" rel=\"nofollow noopener\" target=\"_blank\">Ys\u00e9e et la Travers\u00e9e du Monde Pointu<\/a>Le 14\/12\/2025<a href=\"https:\/\/www.jds.fr\/rouen\/salle-de-concert\/le-106-16700_L\" class=\"lieu font-size-14 text-gray-700 d-block lh-sm my-1\" rel=\"nofollow noopener\" target=\"_blank\"> Le 106 &#8211; Rouen<\/a>Ys\u00e9e et la Travers\u00e9e du Monde Pointu en concert \u00e0 Rouen (Le 106 ), le 14 d\u00e9cembre 2025. Toutes les informations pratiques (tarifs, billetterie, plan de salle) pour ce concert [\u2026]<a class=\"image\" href=\"https:\/\/www.jds.fr\/rouen\/concerts\/pop-folk\/ysee-et-la-traversee-du-monde-pointu-1102144_A\" rel=\"nofollow noopener\" target=\"_blank\"><img decoding=\"async\" loading=\"lazy\" src=\"https:\/\/www.europesays.com\/fr\/wp-content\/uploads\/2025\/11\/1762869343_707_\" width=\"180\" height=\"180\" alt=\"Ys\u00e9e et la Travers\u00e9e du Monde Pointu\"\/><\/a><\/li>\n<li class=\"col-12 pt-4\" data-view-id-type=\"1\" data-view-id=\"1129366\" data-view-bc=\"0\"><a class=\"d-block titre text-black mb-1 mb-md-2\" href=\"https:\/\/www.jds.fr\/rouen\/concerts\/candlelight-hommage-a-charles-aznavour-1129366_A\" rel=\"nofollow noopener\" target=\"_blank\">Candlelight\u00a0: Hommage \u00e0 Charles Aznavour<\/a>Du 18\/12\/2025 au 09\/01\/2026<a href=\"https:\/\/www.jds.fr\/rouen\/patrimoine-historique\/historial-jeanne-d-arc-23014_L\" class=\"lieu font-size-14 text-gray-700 d-block lh-sm my-1\" rel=\"nofollow noopener\" target=\"_blank\"> Historial Jeanne d\u2019Arc &#8211; Rouen<\/a><br \/>\nCandlelight, c&rsquo;est une exp\u00e9rience musicale magique dans de magnifiques lieux \u00e9clair\u00e9s \u00e0 la bougie. Ach\u00e8te tes billets d\u00e8s maintenant pour ce concert Candlelight\u00a0: [\u2026]<a class=\"image\" href=\"https:\/\/www.jds.fr\/rouen\/concerts\/candlelight-hommage-a-charles-aznavour-1129366_A\" rel=\"nofollow noopener\" target=\"_blank\"><img decoding=\"async\" loading=\"lazy\" src=\"https:\/\/www.europesays.com\/fr\/wp-content\/uploads\/2025\/08\/candlelight-hommage-a-charles-aznavour-695711-180-180.webp.webp\" width=\"180\" height=\"180\" alt=\"Candlelight : Hommage \u00e0 Charles Aznavour\" class=\"border\"\/><\/a><\/li>\n<li class=\"col-12 pt-4\" data-view-id-type=\"1\" data-view-id=\"1204811\" data-view-bc=\"0\"><a class=\"d-block titre text-black mb-1 mb-md-2\" href=\"https:\/\/www.jds.fr\/rouen\/concerts\/candlelight-hommage-a-abba-1204811_A\" rel=\"nofollow noopener\" target=\"_blank\">Candlelight\u00a0: hommage \u00e0 ABBA<\/a>Le 18\/12\/2025<a href=\"https:\/\/www.jds.fr\/rouen\/patrimoine-historique\/historial-jeanne-d-arc-23014_L\" class=\"lieu font-size-14 text-gray-700 d-block lh-sm my-1\" rel=\"nofollow noopener\" target=\"_blank\"> Historial Jeanne d\u2019Arc &#8211; Rouen<\/a><br \/>\nCandlelight t&rsquo;offre des exp\u00e9riences musicales magiques dans de magnifiques lieux \u00e9clair\u00e9s \u00e0 la bougie. Ach\u00e8te tes billets d\u00e8s maintenant pour ce concert Candlelight: Hommage [\u2026]<a class=\"image\" href=\"https:\/\/www.jds.fr\/rouen\/concerts\/candlelight-hommage-a-abba-1204811_A\" rel=\"nofollow noopener\" target=\"_blank\"><img decoding=\"async\" loading=\"lazy\" src=\"https:\/\/www.europesays.com\/fr\/wp-content\/uploads\/2025\/11\/candlelight-hommage-a-abba-739638-180-180.webp.webp\" width=\"180\" height=\"180\" alt=\"Candlelight : hommage \u00e0 ABBA\" class=\"border\"\/><\/a><\/li>\n<li class=\"li_gp_div li_gp_div_infeed\"\/>\n<li class=\"col-12 pt-4\" data-view-id-type=\"1\" data-view-id=\"1152232\" data-view-bc=\"0\"><a href=\"https:\/\/www.jds.fr\/rouen\/agenda\/musique-classique-89_B\" class=\"lh-sm\" rel=\"nofollow noopener\" target=\"_blank\">Musique classique \u00e0 Rouen<\/a><a class=\"d-block titre text-black mb-1 mb-md-2\" href=\"https:\/\/www.jds.fr\/rouen\/concerts\/musique-classique\/monroe-recital-de-chants-sacres-1152232_A\" rel=\"nofollow noopener\" target=\"_blank\">Monroe &#8211; R\u00e9cital de Chants Sacr\u00e9s<\/a>Le 31\/05\/2026<a href=\"https:\/\/www.jds.fr\/rouen\/patrimoine-religieux\/cathedrale-notre-dame-20345_L\" class=\"lieu font-size-14 text-gray-700 d-block lh-sm my-1\" rel=\"nofollow noopener\" target=\"_blank\"> Cath\u00e9drale Notre-Dame &#8211; Rouen<\/a>Monroe &#8211; R\u00e9cital de Chants Sacr\u00e9s en concert \u00e0 Rouen (Cath\u00e9drale Notre-Dame ), le 31 mai 2026. Toutes les informations pratiques (tarifs, billetterie, plan de salle) pour ce [\u2026]<a class=\"image\" href=\"https:\/\/www.jds.fr\/rouen\/concerts\/musique-classique\/monroe-recital-de-chants-sacres-1152232_A\" rel=\"nofollow noopener\" target=\"_blank\"><img decoding=\"async\" loading=\"lazy\" src=\"https:\/\/www.europesays.com\/fr\/wp-content\/uploads\/2025\/11\/1762869346_478_\" width=\"180\" height=\"180\" alt=\"Monroe - R\u00e9cital de Chants Sacr\u00e9s\"\/><\/a><\/li>\n<\/ul>\n<p class=\"mt-0 mb-3 h2\">Newsletter JDS Rouen<\/p>\n<p class=\"font-size-18 fw-normal lh-sm\">Pr\u00eat pour un week-end de folie\u00a0? Chaque jeudi tous les bons plans sorties<\/p>\n","protected":false},"excerpt":{"rendered":"Le 16\/11\/2025 Abbatiale Saint-Ouen | Rouen Tarif plein : 10 \u20ac | &#13; Tarif r\u00e9duit : 7 \u20ac&hellip;\n","protected":false},"author":2,"featured_media":527252,"comment_status":"","ping_status":"","sticky":false,"template":"","format":"standard","meta":{"footnotes":""},"categories":[9587],"tags":[1111,11,1777,674,1011,27,12,5161,25,9590],"class_list":{"0":"post-527251","1":"post","2":"type-post","3":"status-publish","4":"format-standard","5":"has-post-thumbnail","7":"category-rouen","8":"tag-actu","9":"tag-actualites","10":"tag-eu","11":"tag-europe","12":"tag-fr","13":"tag-france","14":"tag-news","15":"tag-normandie","16":"tag-republique-francaise","17":"tag-rouen"},"share_on_mastodon":{"url":"https:\/\/pubeurope.com\/@fr\/115531411757483044","error":""},"_links":{"self":[{"href":"https:\/\/www.europesays.com\/fr\/wp-json\/wp\/v2\/posts\/527251","targetHints":{"allow":["GET"]}}],"collection":[{"href":"https:\/\/www.europesays.com\/fr\/wp-json\/wp\/v2\/posts"}],"about":[{"href":"https:\/\/www.europesays.com\/fr\/wp-json\/wp\/v2\/types\/post"}],"author":[{"embeddable":true,"href":"https:\/\/www.europesays.com\/fr\/wp-json\/wp\/v2\/users\/2"}],"replies":[{"embeddable":true,"href":"https:\/\/www.europesays.com\/fr\/wp-json\/wp\/v2\/comments?post=527251"}],"version-history":[{"count":0,"href":"https:\/\/www.europesays.com\/fr\/wp-json\/wp\/v2\/posts\/527251\/revisions"}],"wp:featuredmedia":[{"embeddable":true,"href":"https:\/\/www.europesays.com\/fr\/wp-json\/wp\/v2\/media\/527252"}],"wp:attachment":[{"href":"https:\/\/www.europesays.com\/fr\/wp-json\/wp\/v2\/media?parent=527251"}],"wp:term":[{"taxonomy":"category","embeddable":true,"href":"https:\/\/www.europesays.com\/fr\/wp-json\/wp\/v2\/categories?post=527251"},{"taxonomy":"post_tag","embeddable":true,"href":"https:\/\/www.europesays.com\/fr\/wp-json\/wp\/v2\/tags?post=527251"}],"curies":[{"name":"wp","href":"https:\/\/api.w.org\/{rel}","templated":true}]}}