{"id":527253,"date":"2025-11-11T13:59:16","date_gmt":"2025-11-11T13:59:16","guid":{"rendered":"https:\/\/www.europesays.com\/fr\/527253\/"},"modified":"2025-11-11T13:59:16","modified_gmt":"2025-11-11T13:59:16","slug":"rc-vannes-grenoble-libere-par-largentine-juan-bautista-pedemonte-postule-pour-le-choc-au-roazhon-park","status":"publish","type":"post","link":"https:\/\/www.europesays.com\/fr\/527253\/","title":{"rendered":"RC Vannes &#8211; Grenoble\u00a0: lib\u00e9r\u00e9 par l\u2019Argentine, Juan Bautista Pedemonte postule pour le choc au Roazhon Park"},"content":{"rendered":"<p>Il fait les frais du retour de blessure du deuxi\u00e8me ligne Pedro Rubiolo, forfait pour le d\u00e9but de la tourn\u00e9e, et apte pour le d\u00e9placement en Ecosse, dimanche.<\/p>\n<p><a href=\"https:\/\/www.letelegramme.fr\/sports\/rugby\/rc-vannes\/rc-vannes-juan-bautista-pedemonte-nest-pas-sur-la-feuille-de-match-pour-le-premier-match-de-largentine-6924105.php\" target=\"_blank\" rel=\"nofollow noopener\">Pedemonte n\u2019\u00e9tait pas pr\u00e9sent sur la feuille de match<\/a> lors de la large victoire de l\u2019Argentine au Pays de Galles (28-52), dimanche dernier.<\/p>\n<p>C\u2019est une aubaine pour le RCV, leader de Pro D2, qui r\u00e9cup\u00e8re un titulaire qui restait sur cinq titularisations avant sa convocation. Bless\u00e9 une grande partie de la saison pass\u00e9e en Top 14, <a href=\"https:\/\/www.letelegramme.fr\/sports\/rugby\/rc-vannes\/meilleur-plaqueur-du-rc-vannes-quatrieme-titularisation-de-rang-preparation-mentale-le-retour-fracassant-de-juan-bautista-pedemonte-avec-le-rcv-6909192.php\" target=\"_blank\" rel=\"nofollow noopener\">il revient tr\u00e8s fort<\/a> cette saison.<\/p>\n<p>Le match ayant lieu dimanche, sa pr\u00e9sence dans le XV vannetais pour le choc \u00e0 Rennes est tr\u00e8s probable. Le club morbihannais, en difficult\u00e9 au poste de talonneur, aura l\u2019embarras du choix en troisi\u00e8me ligne avec \u00e9galement Simon Augry, Sione Kalamafoni, Joe Edwards, Steeve Blanc-Mappaz ou encore L\u00e9on Boulier. Et on n\u2019est pas \u00e0 l\u2019abri d\u2019une \u00e9norme surprise avec Francisco Gorrissen, le capitaine bless\u00e9 depuis mi-septembre mais qui s\u2019est entra\u00een\u00e9 normalement la semaine derni\u00e8re.<\/p>\n","protected":false},"excerpt":{"rendered":"Il fait les frais du retour de blessure du deuxi\u00e8me ligne Pedro Rubiolo, forfait pour le d\u00e9but de&hellip;\n","protected":false},"author":2,"featured_media":527254,"comment_status":"","ping_status":"","sticky":false,"template":"","format":"standard","meta":{"footnotes":""},"categories":[9566],"tags":[1111,11,2430,3166,1777,674,1011,27,2731,12,2308,3164,3167,25,479,60,3165],"class_list":{"0":"post-527253","1":"post","2":"type-post","3":"status-publish","4":"format-standard","5":"has-post-thumbnail","7":"category-grenoble","8":"tag-actu","9":"tag-actualites","10":"tag-auvergne-rhone-alpes","11":"tag-en-continu-sports","12":"tag-eu","13":"tag-europe","14":"tag-fr","15":"tag-france","16":"tag-grenoble","17":"tag-news","18":"tag-pro-d2","19":"tag-rc-vannes","20":"tag-rcv","21":"tag-republique-francaise","22":"tag-rugby","23":"tag-sports","24":"tag-vannes"},"share_on_mastodon":{"url":"https:\/\/pubeurope.com\/@fr\/115531426398384399","error":""},"_links":{"self":[{"href":"https:\/\/www.europesays.com\/fr\/wp-json\/wp\/v2\/posts\/527253","targetHints":{"allow":["GET"]}}],"collection":[{"href":"https:\/\/www.europesays.com\/fr\/wp-json\/wp\/v2\/posts"}],"about":[{"href":"https:\/\/www.europesays.com\/fr\/wp-json\/wp\/v2\/types\/post"}],"author":[{"embeddable":true,"href":"https:\/\/www.europesays.com\/fr\/wp-json\/wp\/v2\/users\/2"}],"replies":[{"embeddable":true,"href":"https:\/\/www.europesays.com\/fr\/wp-json\/wp\/v2\/comments?post=527253"}],"version-history":[{"count":0,"href":"https:\/\/www.europesays.com\/fr\/wp-json\/wp\/v2\/posts\/527253\/revisions"}],"wp:featuredmedia":[{"embeddable":true,"href":"https:\/\/www.europesays.com\/fr\/wp-json\/wp\/v2\/media\/527254"}],"wp:attachment":[{"href":"https:\/\/www.europesays.com\/fr\/wp-json\/wp\/v2\/media?parent=527253"}],"wp:term":[{"taxonomy":"category","embeddable":true,"href":"https:\/\/www.europesays.com\/fr\/wp-json\/wp\/v2\/categories?post=527253"},{"taxonomy":"post_tag","embeddable":true,"href":"https:\/\/www.europesays.com\/fr\/wp-json\/wp\/v2\/tags?post=527253"}],"curies":[{"name":"wp","href":"https:\/\/api.w.org\/{rel}","templated":true}]}}