{"id":527255,"date":"2025-11-11T14:00:19","date_gmt":"2025-11-11T14:00:19","guid":{"rendered":"https:\/\/www.europesays.com\/fr\/527255\/"},"modified":"2025-11-11T14:00:19","modified_gmt":"2025-11-11T14:00:19","slug":"un-nouveau-partenariat-pour-soutenir-les-43-000-combattants-ou-victimes-civiles-en-ille-et-vilaine","status":"publish","type":"post","link":"https:\/\/www.europesays.com\/fr\/527255\/","title":{"rendered":"Un nouveau partenariat pour soutenir les 43\u00a0000\u00a0combattants ou victimes civiles en Ille-et-Vilaine"},"content":{"rendered":"<p>Accompagner les ressortissants et victimes de guerre, qu\u2019ils soient anciens combattants, soldats bless\u00e9s, conjoints survivants enfants pupilles de la Nation mais aussi civiles de guerre et victimes d\u2019attentats\u00a0: c\u2019est la mission de l\u2019\u00e9quipe de l\u2019Office national des combattants et victimes de guerre (ONACVG) en Ille-et-Vilaine.<\/p>\n<p>\u00ab<strong>\u00a0L\u2019ensemble des ressortissants est d\u2019environ 43\u00a0000\u00a0personnes en Ille-et-Vilaine\u00a0\u00bb<\/strong>, souligne Antoine Rodriguez, directeur d\u00e9partemental de l\u2019ONACVG dont les services ont, en 2024, instruit pr\u00e8s de 500\u00a0dossiers et pr\u00e8s de 382 000 \u20ac d\u2019aides sociales.<\/p>\n<p><strong>Lire aussi<\/strong>\u00a0: <a href=\"https:\/\/rennes.maville.com\/actu\/actudet_-operations-exterieures-le-nombre-de-combattants-suivis-en-ille-et-vilaine-augmente-_7-5620667_actu.Htm\" target=\"_blank\" rel=\"noopener\">Op\u00e9rations ext\u00e9rieures\u00a0: le nombre de combattants suivis en Ille-et-Vilaine augmente<\/a><\/p>\n<p>Pour renforcer le volet social de cette action mais aussi accompagner celle relevant des actions \u00e9ducatives, culturelles et du devoir de m\u00e9moire, le conseil d\u00e9partemental d\u2019Ille-et-Vilaine renforce ses liens avec l\u2019ONACVG dans un nouveau partenariat.<\/p>\n<p><strong>\u00ab\u00a0La convention de partenariat que nous signons pour trois ans est aujourd\u2019hui la premi\u00e8re du genre en France\u00a0\u00bb<\/strong>, confirme\u00a0Marie-Christine Verdier-Jouclas, directrice g\u00e9n\u00e9rale nationale de l\u2019ONACVG, venue sp\u00e9cialement \u00e0 Rennes pour l\u2019occasion.<\/p>\n<p>\u00a0<\/p>\n","protected":false},"excerpt":{"rendered":"Accompagner les ressortissants et victimes de guerre, qu\u2019ils soient anciens combattants, soldats bless\u00e9s, conjoints survivants enfants pupilles de&hellip;\n","protected":false},"author":2,"featured_media":527256,"comment_status":"","ping_status":"","sticky":false,"template":"","format":"standard","meta":{"footnotes":""},"categories":[2821],"tags":[6541,15749,1111,11,829,52195,64651,1777,674,1011,27,848,12,4565,2766,3086,584,25,13699,2023],"class_list":{"0":"post-527255","1":"post","2":"type-post","3":"status-publish","4":"format-standard","5":"has-post-thumbnail","7":"category-rennes","8":"tag-6541","9":"tag-15749","10":"tag-actu","11":"tag-actualites","12":"tag-bretagne","13":"tag-civiles","14":"tag-combattants","15":"tag-eu","16":"tag-europe","17":"tag-fr","18":"tag-france","19":"tag-ille-et-vilaine","20":"tag-news","21":"tag-nouveau","22":"tag-partenariat","23":"tag-redon","24":"tag-rennes","25":"tag-republique-francaise","26":"tag-soutenir","27":"tag-victimes"},"share_on_mastodon":{"url":"https:\/\/pubeurope.com\/@fr\/115531430164575328","error":""},"_links":{"self":[{"href":"https:\/\/www.europesays.com\/fr\/wp-json\/wp\/v2\/posts\/527255","targetHints":{"allow":["GET"]}}],"collection":[{"href":"https:\/\/www.europesays.com\/fr\/wp-json\/wp\/v2\/posts"}],"about":[{"href":"https:\/\/www.europesays.com\/fr\/wp-json\/wp\/v2\/types\/post"}],"author":[{"embeddable":true,"href":"https:\/\/www.europesays.com\/fr\/wp-json\/wp\/v2\/users\/2"}],"replies":[{"embeddable":true,"href":"https:\/\/www.europesays.com\/fr\/wp-json\/wp\/v2\/comments?post=527255"}],"version-history":[{"count":0,"href":"https:\/\/www.europesays.com\/fr\/wp-json\/wp\/v2\/posts\/527255\/revisions"}],"wp:featuredmedia":[{"embeddable":true,"href":"https:\/\/www.europesays.com\/fr\/wp-json\/wp\/v2\/media\/527256"}],"wp:attachment":[{"href":"https:\/\/www.europesays.com\/fr\/wp-json\/wp\/v2\/media?parent=527255"}],"wp:term":[{"taxonomy":"category","embeddable":true,"href":"https:\/\/www.europesays.com\/fr\/wp-json\/wp\/v2\/categories?post=527255"},{"taxonomy":"post_tag","embeddable":true,"href":"https:\/\/www.europesays.com\/fr\/wp-json\/wp\/v2\/tags?post=527255"}],"curies":[{"name":"wp","href":"https:\/\/api.w.org\/{rel}","templated":true}]}}