{"id":527265,"date":"2025-11-11T14:07:21","date_gmt":"2025-11-11T14:07:21","guid":{"rendered":"https:\/\/www.europesays.com\/fr\/527265\/"},"modified":"2025-11-11T14:07:21","modified_gmt":"2025-11-11T14:07:21","slug":"mohamed-traore-expose-a-nantes-une-vie-et-des-oeuvres-en-couleur","status":"publish","type":"post","link":"https:\/\/www.europesays.com\/fr\/527265\/","title":{"rendered":"Mohamed Traor\u00e9 expose \u00e0 Nantes une vie et des \u0153uvres en couleur"},"content":{"rendered":"<p>Tout le monde le conna\u00eet dans le quartier des Dervalli\u00e8res, \u00e0 Nantes, o\u00f9 il vit depuis une vingtaine d\u2019ann\u00e9es. Il est joyeux, chaleureux, communicatif. Et surtout on le rep\u00e8re. <strong>\u00ab\u00a0J\u2019adore les couleurs. J\u2019en porte toujours une dizaine sur moi et j\u2019en change tous les jours. Je m\u2019habille comme je peins\u00a0\u00bb,<\/strong> confiait-il, vendredi soir 7\u00a0novembre, \u00e0 la maison de quartier, lors du vernissage de sa nouvelle exposition. Devant quelque 80\u00a0personnes auxquelles il avait r\u00e9serv\u00e9 une belle surprise\u00a0: la participation d\u2019Assetou Diabat\u00e9, qui a pr\u00e9sent\u00e9 un spectacle musical de contes maliens<\/p>\n<p>Artiste peintre dipl\u00f4m\u00e9 de l\u2019Institut national des arts de Bamako, au Mali, invit\u00e9 \u00e0 pr\u00e9senter ses \u0153uvres \u00e0 Paris en 2004, il y a rencontr\u00e9 des Nantais qui lui ont propos\u00e9 une seconde exposition \u00e0 l\u2019occasion des Rendez-vous de l\u2019Erdre.<strong> \u00ab\u00a0Je m\u2019y suis plu, j\u2019y suis rest\u00e9, <\/strong>explique-t-il. <strong>J\u2019ai \u00e9galement appris le m\u00e9tier de peintre d\u00e9corateur en b\u00e2timent chez les Compagnons du devoir pour m\u2019assurer des revenus r\u00e9guliers et \u00eatre en mesure d\u2019acheter les mat\u00e9riaux on\u00e9reux que j\u2019utilise pour ma peinture artistique.\u00a0\u00bb<\/strong><\/p>\n<p><strong>Lire aussi\u00a0:<\/strong> <a href=\"https:\/\/nantes.maville.com\/actu\/actudet_-a-nantes-la-maison-de-quartier-des-dervallieres-offre-1-690-heures-d-ateliers-_52716-6972517_actu.Htm\" target=\"_blank\" rel=\"noopener\">\u00c0 Nantes, la maison de quartier des Dervalli\u00e8res offre 1\u00a0690\u00a0heures d\u2019ateliers<\/a><\/p>\n<p>L\u2019artiste s\u2019exprime de pr\u00e9f\u00e9rence <strong>\u00ab\u00a0la nuit, dans le silence, surtout en hiver\u00a0\u00bb,<\/strong> dans une pi\u00e8ce transform\u00e9e en atelier, o\u00f9 il donne libre cours \u00e0 ses inspirations, <strong>\u00ab\u00a0notamment la nature dans sa splendeur ou victime de d\u00e9gradations. Et surtout des faits sociaux dont les guerres et les disputes, par exemple un simple conflit de g\u00e9n\u00e9rations autour d\u2019une table\u00a0\u00bb.<\/strong><\/p>\n<p>Mohamed Traor\u00e9 pr\u00e9sente une quarantaine de ses derni\u00e8res cr\u00e9ations, qui font appel \u00e0 diff\u00e9rentes techniques, dont l\u2019utilisation du bogolan une teinture v\u00e9g\u00e9tale \u00e0 base de produits naturels, qu\u2019il m\u00e9lange lui-m\u00eame, <strong>\u00ab\u00a0selon une tradition ancestrale\u00a0\u00bb,<\/strong> et qui lui permet <strong>\u00ab\u00a0d\u2019inclure dans [ses] tableaux des id\u00e9ogrammes qui surprennent les visiteurs, y compris les Africains\u00a0\u00bb,<\/strong> commente-t-il.<\/p>\n<p>Il d\u00e9core \u00e9galement des textiles, du coton, \u00e0 l\u2019aide l\u00e0 encore de pigments naturels et en fabrique des tenues qu\u2019il arbore au quotidien. Il en pr\u00e9sente une vingtaine \u00e0 c\u00f4t\u00e9 de ses tableaux.<\/p>\n<p>L\u2019artiste animera un atelier pour les enfants du centre de loisirs mercredi 26\u00a0novembre.<\/p>\n<p><strong>Jusqu\u2019au vendredi 28\u00a0novembre, <\/strong>\u00e0 la maison de quartier des Dervalli\u00e8res, 5, rue Auguste-Renoir, \u00e0 Nantes, entr\u00e9e libre.<\/p>\n<p>\u00a0<\/p>\n","protected":false},"excerpt":{"rendered":"Tout le monde le conna\u00eet dans le quartier des Dervalli\u00e8res, \u00e0 Nantes, o\u00f9 il vit depuis une vingtaine&hellip;\n","protected":false},"author":2,"featured_media":527266,"comment_status":"","ping_status":"","sticky":false,"template":"","format":"standard","meta":{"footnotes":""},"categories":[2818],"tags":[1111,11,27576,1777,674,8110,1011,27,39251,766,12,2636,25,48581,20402,4717],"class_list":{"0":"post-527265","1":"post","2":"type-post","3":"status-publish","4":"format-standard","5":"has-post-thumbnail","7":"category-nantes","8":"tag-actu","9":"tag-actualites","10":"tag-couleur","11":"tag-eu","12":"tag-europe","13":"tag-expose","14":"tag-fr","15":"tag-france","16":"tag-mohamed","17":"tag-nantes","18":"tag-news","19":"tag-pays-de-la-loire","20":"tag-republique-francaise","21":"tag-traore","22":"tag-uvres","23":"tag-vie"},"share_on_mastodon":{"url":"https:\/\/pubeurope.com\/@fr\/115531457784810097","error":""},"_links":{"self":[{"href":"https:\/\/www.europesays.com\/fr\/wp-json\/wp\/v2\/posts\/527265","targetHints":{"allow":["GET"]}}],"collection":[{"href":"https:\/\/www.europesays.com\/fr\/wp-json\/wp\/v2\/posts"}],"about":[{"href":"https:\/\/www.europesays.com\/fr\/wp-json\/wp\/v2\/types\/post"}],"author":[{"embeddable":true,"href":"https:\/\/www.europesays.com\/fr\/wp-json\/wp\/v2\/users\/2"}],"replies":[{"embeddable":true,"href":"https:\/\/www.europesays.com\/fr\/wp-json\/wp\/v2\/comments?post=527265"}],"version-history":[{"count":0,"href":"https:\/\/www.europesays.com\/fr\/wp-json\/wp\/v2\/posts\/527265\/revisions"}],"wp:featuredmedia":[{"embeddable":true,"href":"https:\/\/www.europesays.com\/fr\/wp-json\/wp\/v2\/media\/527266"}],"wp:attachment":[{"href":"https:\/\/www.europesays.com\/fr\/wp-json\/wp\/v2\/media?parent=527265"}],"wp:term":[{"taxonomy":"category","embeddable":true,"href":"https:\/\/www.europesays.com\/fr\/wp-json\/wp\/v2\/categories?post=527265"},{"taxonomy":"post_tag","embeddable":true,"href":"https:\/\/www.europesays.com\/fr\/wp-json\/wp\/v2\/tags?post=527265"}],"curies":[{"name":"wp","href":"https:\/\/api.w.org\/{rel}","templated":true}]}}