{"id":527275,"date":"2025-11-11T14:12:16","date_gmt":"2025-11-11T14:12:16","guid":{"rendered":"https:\/\/www.europesays.com\/fr\/527275\/"},"modified":"2025-11-11T14:12:16","modified_gmt":"2025-11-11T14:12:16","slug":"toulouse-jusqua-octobre-des-millions-de-m3-deau-ont-ete-relaches-dans-la-garonne-et-ca-coute-tres-cher","status":"publish","type":"post","link":"https:\/\/www.europesays.com\/fr\/527275\/","title":{"rendered":"Toulouse. Jusqu&rsquo;\u00e0 octobre, des millions de m3 d&rsquo;eau ont \u00e9t\u00e9 rel\u00e2ch\u00e9s dans la Garonne, (et \u00e7a co\u00fbte tr\u00e8s cher)"},"content":{"rendered":"<p>            Par<br \/>\n        <strong><br \/>\n            <a href=\"https:\/\/actu.fr\/auteur\/lucie-2\" title=\"Consulter tous les articles de Lucie Fraisse\" target=\"_blank\" rel=\"noopener\">Lucie Fraisse<\/a><br \/>\n        <\/strong><\/p>\n<p>        Publi\u00e9 le<\/p>\n<p>            11 nov. 2025 \u00e0 14h17        <\/p>\n<p>Les Toulousains ne s\u2019en sont peut-\u00eatre pas rendu compte, <a href=\"https:\/\/actu.fr\/societe\/haute-garonne-reserves-en-eau-les-pluies-recentes-permettent-elles-de-lever-la-vigilance_61370069.html\" target=\"_blank\" rel=\"noopener\">aucune restriction stricte de la consommation courante d\u2019eau n\u2019ayant \u00e9t\u00e9 prise pendant l\u2019\u00e9t\u00e9<\/a>. Pourtant, avant les pluies de ces derniers jours, la Garonne a \u00e9t\u00e9 \u00e0 la peine pendant l\u2019\u00e9t\u00e9 et m\u00eame jusqu\u2019\u00e0 la fin du mois d\u2019octobre. Si le niveau de la Garonne commence \u00e0 remonter ces derniers jours \u00e0 Toulouse, il est rest\u00e9 tr\u00e8s bas jusqu\u2019\u00e0 tr\u00e8s r\u00e9cemment. Fin octobre, on apercevait ainsi encore facilement le fond du cours d\u2019eau, ainsi que des \u00eelots de terre et de cailloux.\u00a0<br \/>Alors que la campagne de soutien d\u2019\u00e9tiage s\u2019est termin\u00e9e \u00e0 la fin du mois d\u2019octobre, on fait le point sur les l\u00e2chers d\u2019eau qui ont \u00e9t\u00e9 r\u00e9alis\u00e9s ces derniers mois.<\/p>\n<p>Des l\u00e2chers d\u2019eau jusqu\u2019\u00e0 fin octobre<\/p>\n<p class=\" wall-content\">\u00ab\u2009On a commenc\u00e9 les l\u00e2chers d\u2019eau tr\u00e8s t\u00f4t dans la saison et il y a eu un pic au milieu de l\u2019\u00e9t\u00e9 et on a fait des d\u00e9stockages d\u2019eau jusqu\u2019au dernier jour d\u2019octobre, souligne Jean-Michel Fabre, pr\u00e9sident de l\u2019\u00e9tablissement public Garonne. Cette ann\u00e9e, on a rel\u00e2ch\u00e9 <strong>plus de 40\u00a0millions de m3 d\u2019eau.<\/strong>\u2009\u00bb<\/p>\n<p class=\" wall-content\">Les premiers d\u00e9stockages d\u2019eau ont eu lieu le 9\u00a0juillet\u2009: c\u2019est la deuxi\u00e8me ann\u00e9e la plus pr\u00e9coce en 30\u00a0ans de soutien d\u2019\u00e9tiage.<\/p>\n<p>    <img   decoding=\"async\" loading=\"lazy\" src=\"https:\/\/www.europesays.com\/fr\/wp-content\/uploads\/2025\/11\/vigicrues-960x505.jpg\" alt=\"Le niveau de la Garonne remonte depuis quelques jours.\" width=\"960\" height=\"505\"\/><br \/>\n    Le niveau de la Garonne remonte depuis quelques jours. (\u00a9Vigicrues)La moiti\u00e9 de l\u2019eau sous le pont neuf provenait de l\u00e2chers d\u2019eau<\/p>\n<p class=\" wall-content\">La <a href=\"https:\/\/actu.fr\/occitanie\/toulouse_31555\/c-est-tout-simplement-historique-les-jours-de-canicule-s-enchainent-a-toulouse-a-quand-la-fin_63042138.html\" target=\"_blank\" rel=\"noopener\">canicule du mois d\u2019ao\u00fbt<\/a> a \u00e9t\u00e9 particuli\u00e8rement pr\u00e9gnante, comme l\u2019explique Jean-Michel Fabre\u2009:<\/p>\n<blockquote class=\"ac-article-quote wall-content\">\n<p>Au pic, pendant cinq jours, on rel\u00e2chait 20 m\u00b3 par seconde : la moiti\u00e9 de l&rsquo;eau qui passait sous le pont neuf provenait de l\u00e2chers d&rsquo;eau.<\/p>\n<p>    <strong>Jean-Michel Fabre<\/strong>\n            <\/p><\/blockquote>\n<p class=\" wall-content\">De l\u2019eau qui provient d\u2019une r\u00e9serve situ\u00e9e en Ari\u00e8ge, <a href=\"https:\/\/actu.fr\/occitanie\/toulouse_31555\/c-est-tout-simplement-historique-les-jours-de-canicule-s-enchainent-a-toulouse-a-quand-la-fin_63042138.html\" target=\"_blank\" rel=\"noopener\">mais aussi du lac d\u2019O\u00f4<\/a>, o\u00f9 10\u00a0millions de m3 ont \u00e9t\u00e9 stock\u00e9s par anticipation, soit deux fois plus que les r\u00e9serves d\u2019il y a cinq ans.<\/p>\n<p>\u00ab\u2009On vit le r\u00e9chauffement climatique\u2009\u00bb<\/p>\n<p class=\" wall-content\">\u00ab\u2009Cette ann\u00e9e, quand on parle de changement climatique, il n\u2019est pas devant nous, on est en train de le vivre\u2009\u00bb, constate Jean-Michel Fabre. \u00ab\u2009Et on l\u2019a v\u00e9cu sans que les citoyens ne s\u2019en rendent compte puisqu\u2019il n\u2019y a pas eu de restrictions de consommations strictes, ni pour les particuliers, ni pour les agriculteurs, ni pour les industries. Mais l\u2019\u00e9t\u00e9 a quand m\u00eame \u00e9t\u00e9 difficile.\u2009\u00bb<\/p>\n<p>Votre r\u00e9gion, votre actu !<\/p>\n<p>Recevez chaque jour les infos qui comptent pour vous.<\/p>\n<p>\t<a href=\"https:\/\/actu.fr\/newsletter\" class=\"ac-btn ac-btn--corner ac-btn--medium ac-btn--blue800\" target=\"_blank\" rel=\"noopener\">S&rsquo;incrire<\/a><br \/>\nEntre 3 et 5\u00a0millions d\u2019euros<\/p>\n<p class=\" wall-content\">Un \u00e9t\u00e9 difficile et avec un co\u00fbt certain. Selon les premi\u00e8res estimations, les d\u00e9stockages d\u2019eau pourraient co\u00fbter \u00ab\u2009entre 3 et 5\u00a0millions d\u2019euros\u2009\u00bb, selon Jean-Michel Fabre. Un co\u00fbt support\u00e9 \u00e0 50\u2009% par l\u2019agence de l\u2019eau, \u00e0 10\u2009% par les collectivit\u00e9s locales qui longent la Garonne et \u00e0 40\u2009% par les consommateurs d\u2019eau potable (agriculteurs et industriels inclus).<\/p>\n<p class=\" wall-content\">D\u2019o\u00f9 l\u2019importance<a href=\"https:\/\/actu.fr\/occitanie\/toulouse_31555\/toulouse-la-garonne-sous-surveillance-en-ce-chaud-debut-d-ete-un-appel-a-la-sobriete-lance_62867666.html\" target=\"_blank\" rel=\"noopener\"> des gestes de sobri\u00e9t\u00e9<\/a> \u00ab\u2009tout au long de l\u2019ann\u00e9e\u2009\u00bb selon Jean-Michel Fabre, \u00ab\u2009et pas seulement en \u00e9t\u00e9 et dans tous les gestes du quotidien. Plus g\u00e9n\u00e9ralement, il faut faire en sorte que l\u2019eau soit stock\u00e9e l\u00e0 o\u00f9 elle tombe, il faut qu\u2019on ait des sols qui gardent l\u2019eau. Et il faut le faire maintenant, on a dix ans pour agir sur tous les niveaux et avec tous les acteurs.\u2009\u00bb<\/p>\n<p class=\" wall-content\">Sur le bassin Adour-Garonne, qui couvre une bonne partie du sud-ouest de la France dont Toulouse et la Haute-Garonne, on estime qu\u2019il manquera 1,3\u00a0milliard de m3 d\u2019eau en 2050, soit<strong> 60\u2009% de ce qui est aujourd\u2019hui pr\u00e9lev\u00e9 sur le territoire<\/strong>.<\/p>\n<p class=\" wall-content\">Personnalisez votre actualit\u00e9 en ajoutant vos villes et m\u00e9dias en favori avec <a href=\"https:\/\/moncompte.actu.fr\" title=\"D\u00e9couvez Mon Actu\" rel=\"nofollow noopener\" data-trk=\"{&quot;cta&quot;:{&quot;action&quot;:&quot;https:\\\/\\\/moncompte.actu.fr&quot;,&quot;category&quot;:&quot;mon compte&quot;,&quot;from&quot;:&quot;article footer&quot;,&quot;name&quot;:&quot;Mon actu&quot;,&quot;type&quot;:&quot;cta&quot;}}\" target=\"_blank\">Mon Actu<\/a>.<\/p>\n","protected":false},"excerpt":{"rendered":"Par Lucie Fraisse Publi\u00e9 le 11 nov. 2025 \u00e0 14h17 Les Toulousains ne s\u2019en sont peut-\u00eatre pas rendu&hellip;\n","protected":false},"author":2,"featured_media":527276,"comment_status":"","ping_status":"","sticky":false,"template":"","format":"standard","meta":{"footnotes":""},"categories":[2816],"tags":[1111,11,1777,674,1011,27,5601,12,2680,25,12817,104,2312],"class_list":{"0":"post-527275","1":"post","2":"type-post","3":"status-publish","4":"format-standard","5":"has-post-thumbnail","7":"category-toulouse","8":"tag-actu","9":"tag-actualites","10":"tag-eu","11":"tag-europe","12":"tag-fr","13":"tag-france","14":"tag-garonne","15":"tag-news","16":"tag-occitanie","17":"tag-republique-francaise","18":"tag-secheresse","19":"tag-societe","20":"tag-toulouse"},"share_on_mastodon":{"url":"https:\/\/pubeurope.com\/@fr\/115531478070835668","error":""},"_links":{"self":[{"href":"https:\/\/www.europesays.com\/fr\/wp-json\/wp\/v2\/posts\/527275","targetHints":{"allow":["GET"]}}],"collection":[{"href":"https:\/\/www.europesays.com\/fr\/wp-json\/wp\/v2\/posts"}],"about":[{"href":"https:\/\/www.europesays.com\/fr\/wp-json\/wp\/v2\/types\/post"}],"author":[{"embeddable":true,"href":"https:\/\/www.europesays.com\/fr\/wp-json\/wp\/v2\/users\/2"}],"replies":[{"embeddable":true,"href":"https:\/\/www.europesays.com\/fr\/wp-json\/wp\/v2\/comments?post=527275"}],"version-history":[{"count":0,"href":"https:\/\/www.europesays.com\/fr\/wp-json\/wp\/v2\/posts\/527275\/revisions"}],"wp:featuredmedia":[{"embeddable":true,"href":"https:\/\/www.europesays.com\/fr\/wp-json\/wp\/v2\/media\/527276"}],"wp:attachment":[{"href":"https:\/\/www.europesays.com\/fr\/wp-json\/wp\/v2\/media?parent=527275"}],"wp:term":[{"taxonomy":"category","embeddable":true,"href":"https:\/\/www.europesays.com\/fr\/wp-json\/wp\/v2\/categories?post=527275"},{"taxonomy":"post_tag","embeddable":true,"href":"https:\/\/www.europesays.com\/fr\/wp-json\/wp\/v2\/tags?post=527275"}],"curies":[{"name":"wp","href":"https:\/\/api.w.org\/{rel}","templated":true}]}}