{"id":527281,"date":"2025-11-11T14:15:17","date_gmt":"2025-11-11T14:15:17","guid":{"rendered":"https:\/\/www.europesays.com\/fr\/527281\/"},"modified":"2025-11-11T14:15:17","modified_gmt":"2025-11-11T14:15:17","slug":"ouverture-des-ventes-dhiver-des-billets-de-train-disponibles-pour-marseille-et-le-sud-est-jusqua-juillet-2026","status":"publish","type":"post","link":"https:\/\/www.europesays.com\/fr\/527281\/","title":{"rendered":"ouverture des ventes d\u2019hiver, des billets de train disponibles pour Marseille et le Sud-Est jusqu\u2019\u00e0 juillet\u00a02026"},"content":{"rendered":"<p>Il faudra se lever t\u00f4t pour saisir les meilleures offres. \u00c0 partir de ce<strong> mercredi 12\u00a0novembre<\/strong>, la SNCF met en ligne ses billets pour les vacances d\u2019hiver avec des r\u00e9servations pour les voyages du <strong>8\u00a0janvier au 29\u00a0mars\u00a02026<\/strong> et pour certaines destinations. Des r\u00e9servations sont d\u00e9j\u00e0 ouvertes <strong>jusqu\u2019au 3\u00a0juillet\u00a02026.<\/strong> La SNCF recommande de se connecter \u00e0<strong> 6h<\/strong>. La plateforme Trainline qui vend des billets <a href=\"https:\/\/www.sncf-connect.com\/bons-plans\/ouverture-ventes-neige\" target=\"_blank\" rel=\"noopener\">SNCF <\/a>estime que s\u2019y prendre t\u00f4t, permet d\u2019\u00e9conomiser en moyenne <strong>30%<\/strong> par rapport \u00e0 une r\u00e9servation de derni\u00e8re minute.<\/p>\n<p>R\u00e9servez vos billets pour le sud-est avec 6 mois d\u2019avance<\/p>\n<p>Les trains<strong> TGV Inoui, Ouigo et Intercit\u00e9s<\/strong> sont concern\u00e9s. Cette ann\u00e9e, la compagnie ferroviaire tente pour la premi\u00e8re fois une ouverture des ventes pour des \u00ab\u00a0circulations valables dans les six prochains mois\u00a0\u00bb, pour les <strong>trajets directs en TGV Inoui dans le Sud-Est<\/strong> de la France, vers Lyon, Montpellier, Nice, mais aussi <a href=\"https:\/\/www.laprovence.com\/bouches-du-rhone\/marseille-13055\" target=\"_blank\" rel=\"noopener\"><strong>Marseille<\/strong><\/a>.<\/p>\n<p>Cette exp\u00e9rimentation permettra aux voyageurs de bloquer leurs billets de train pour les <strong>six prochains mois<\/strong> et survient au moment o\u00f9 le concurrent de la SNCF, Trenitalia, se lance sur <a href=\"https:\/\/www.laprovence.com\/article\/region\/806041428254214\/le-train-est-revenu-dans-lautre-sens-un-tgv-marseille-paris-loupe-son-arret-a-aix-puis-fait-demi-tour\" target=\"_blank\" rel=\"noopener\">Paris-Marseille<\/a> avec quatre allers-retours quotidiens \u00e0 partir du 14\u00a0d\u00e9cembre, et des r\u00e9servations possibles jusqu\u2019en mai\u00a02026.<\/p>\n<p>Pour accompagner les d\u00e9parts en vacances d\u2019hiver, la SNCF renforce son offre\u00a0: <strong>850 TGV Inoui <\/strong>desserviront les massifs fran\u00e7ais pendant les cinq week-ends de vacances scolaires. Les Intercit\u00e9s permettront \u00e9galement de rejoindre le Massif central, les Alpes et les Pyr\u00e9n\u00e9es. \u00ab\u00a0Cela repr\u00e9sente un d\u00e9part toutes les 15 minutes de Paris Gare de Lyon, un samedi de la zone C\u00a0\u00bb, pr\u00e9cise la <a href=\"https:\/\/www.sncf-voyageurs.com\/fr\/presse\/tgv-inoui-ouigo-et-intercites-ouvrent-leurs-ventes-pour-les-conges-dhiver\" target=\"_blank\" rel=\"noopener\">SNCF dans un communiqu\u00e9<\/a>.<\/p>\n<p>En\u00a02026, les vacances d\u2019hiver s\u2019\u00e9tendent du samedi 7\u00a0f\u00e9vrier au lundi 23\u00a0f\u00e9vrier (zone A &#8211; Besan\u00e7on, Bordeaux, Clermont-Ferrand, Dijon, Grenoble, Limoges, Lyon et Poitiers.), du samedi 14\u00a0f\u00e9vrier au lundi 2\u00a0mars (Zone B &#8211; Aix-Marseille, Amiens, Caen, Lille, Nancy-Metz, Nantes, Nice, Orl\u00e9ans-Tours, Reims, Rennes, Rouen, Strasbourg) et du samedi 21\u00a0f\u00e9vrier au lundi 9\u00a0mars pour la zone C qui correspond aux acad\u00e9mies de Cr\u00e9teil, Montpellier, Paris, Toulouse et Versailles.<\/p>\n","protected":false},"excerpt":{"rendered":"Il faudra se lever t\u00f4t pour saisir les meilleures offres. \u00c0 partir de ce mercredi 12\u00a0novembre, la SNCF&hellip;\n","protected":false},"author":2,"featured_media":527282,"comment_status":"","ping_status":"","sticky":false,"template":"","format":"standard","meta":{"footnotes":""},"categories":[2814],"tags":[17,1111,11,11720,33,1777,674,1011,27,884,12,882,3583,25,12634,2215,3356,3585,4100],"class_list":{"0":"post-527281","1":"post","2":"type-post","3":"status-publish","4":"format-standard","5":"has-post-thumbnail","7":"category-marseille","8":"tag-17","9":"tag-actu","10":"tag-actualites","11":"tag-billet","12":"tag-economie","13":"tag-eu","14":"tag-europe","15":"tag-fr","16":"tag-france","17":"tag-marseille","18":"tag-news","19":"tag-provence-alpes-cote-dazur","20":"tag-qui","21":"tag-republique-francaise","22":"tag-savoir","23":"tag-sncf","24":"tag-sur","25":"tag-tout","26":"tag-vente"},"share_on_mastodon":{"url":"https:\/\/pubeurope.com\/@fr\/115531489198761353","error":""},"_links":{"self":[{"href":"https:\/\/www.europesays.com\/fr\/wp-json\/wp\/v2\/posts\/527281","targetHints":{"allow":["GET"]}}],"collection":[{"href":"https:\/\/www.europesays.com\/fr\/wp-json\/wp\/v2\/posts"}],"about":[{"href":"https:\/\/www.europesays.com\/fr\/wp-json\/wp\/v2\/types\/post"}],"author":[{"embeddable":true,"href":"https:\/\/www.europesays.com\/fr\/wp-json\/wp\/v2\/users\/2"}],"replies":[{"embeddable":true,"href":"https:\/\/www.europesays.com\/fr\/wp-json\/wp\/v2\/comments?post=527281"}],"version-history":[{"count":0,"href":"https:\/\/www.europesays.com\/fr\/wp-json\/wp\/v2\/posts\/527281\/revisions"}],"wp:featuredmedia":[{"embeddable":true,"href":"https:\/\/www.europesays.com\/fr\/wp-json\/wp\/v2\/media\/527282"}],"wp:attachment":[{"href":"https:\/\/www.europesays.com\/fr\/wp-json\/wp\/v2\/media?parent=527281"}],"wp:term":[{"taxonomy":"category","embeddable":true,"href":"https:\/\/www.europesays.com\/fr\/wp-json\/wp\/v2\/categories?post=527281"},{"taxonomy":"post_tag","embeddable":true,"href":"https:\/\/www.europesays.com\/fr\/wp-json\/wp\/v2\/tags?post=527281"}],"curies":[{"name":"wp","href":"https:\/\/api.w.org\/{rel}","templated":true}]}}