{"id":527283,"date":"2025-11-11T14:17:17","date_gmt":"2025-11-11T14:17:17","guid":{"rendered":"https:\/\/www.europesays.com\/fr\/527283\/"},"modified":"2025-11-11T14:17:17","modified_gmt":"2025-11-11T14:17:17","slug":"que-vient-faire-le-navire-de-guerre-dixmude-au-port-de-marseille","status":"publish","type":"post","link":"https:\/\/www.europesays.com\/fr\/527283\/","title":{"rendered":"Que vient faire le navire de guerre Dixmude au port de Marseille ?"},"content":{"rendered":"<p><img loading=\"lazy\" decoding=\"async\" alt=\"\u00a9 Shutterstock - Le Dixmude, dont le port d'attache est Toulon, sera en escale \u00e0 Marseille, ce 15 novembre.\" data-zoom-src=\"https:\/\/www.europesays.com\/fr\/wp-content\/uploads\/2025\/11\/initial-dixmude-marseille.jpg\" data-zoomable=\"\" height=\"702\" src=\"https:\/\/www.europesays.com\/fr\/wp-content\/uploads\/2025\/11\/initial-dixmude-marseille.jpg\" width=\"1248\"\/>  <\/p>\n<p class=\"article-desc\">\u00a9 Shutterstock &#8211; Le Dixmude, dont le port d&rsquo;attache est Toulon, sera en escale \u00e0 Marseille, ce 15 novembre. <\/p>\n<p>Le <strong>Dixmude <\/strong>est de retour \u00e0 <strong>Marseille<\/strong>. Le<strong> porte-h\u00e9licopt\u00e8res amphibie<\/strong> est annonc\u00e9 ce 15 novembre pour une escale \u00e0 l\u2019esplanade du J4, face au Mucem. Marseille est r\u00e9guli\u00e8rement le port d&rsquo;escale de navires de guerre. En ao\u00fbt,<a href=\"https:\/\/mesinfos.fr\/13000-marseille\/que-fait-le-plus-puissant-porte-avions-du-monde-a-marseille-227804.html\" rel=\"noopener\" target=\"_blank\"> le porte-avions am\u00e9ricain USS Gerald R. Ford est rest\u00e9 six jours<\/a>. <\/p>\n<p>Marseille, ville marraine du Dixmude <\/p>\n<p>Le Dixmude n&rsquo;\u00e9tait plus revenu dans la cit\u00e9 phoc\u00e9enne depuis sept ans.<strong>\u00a0Marseille est marraine du Dixmude<\/strong> depuis le 13 janvier 2017. Une de ses coursives porte m\u00eame le nom de Pyth\u00e9as. Il est aussi l&rsquo;un des symboles du lien entre <strong>le Bataillon de marins-pompiers de Marseille<\/strong> et son arm\u00e9e de rattachement.\u00a0<\/p>\n<p>  Le Dixmude, un des navires les plus imposants de la flotte fran\u00e7aise <\/p>\n<p>Con\u00e7u pour \u00ab intervenir partout dans le monde, le PHA Dixmude peut projeter des forces, conduire des op\u00e9rations humanitaires, assurer le soutien m\u00e9dical des populations et servir de poste de commandement interarm\u00e9es \u00bb, rappelle <strong>la Marine Nationale<\/strong>. Avec ses 199 m\u00e8tres de long, pour 32 m\u00e8tres de large, le Dixmude p\u00e8se 21 500 tonnes et accueille une plateforme de 6 400 m2 qui peut <strong>faire atterrir des h\u00e9licopt\u00e8res<\/strong>. Il est en service actif depuis juillet 2012.<\/p>\n<p>En octobre, le <strong>Dixmude \u00e9tait en Corse<\/strong>. Il a particip\u00e9 \u00e0 un exercice d&rsquo;\u00e9vacuation de ressortissants aux c\u00f4t\u00e9 de militaires de l&rsquo;arm\u00e9e de Terre. Le Dixmude est r\u00e9guli\u00e8rement projet\u00e9 sur des th\u00e9\u00e2tre d&rsquo;op\u00e9ration, ou des missions \u00e0 travers le monde. Il assure r\u00e9guli\u00e8rement l&rsquo;accueil de la mission Jeanne d&rsquo;Arc. Il \u00e9tait en 2024 au large de <strong>Gaza <\/strong>pour une op\u00e9ration hospitali\u00e8re.<\/p>\n","protected":false},"excerpt":{"rendered":"\u00a9 Shutterstock &#8211; Le Dixmude, dont le port d&rsquo;attache est Toulon, sera en escale \u00e0 Marseille, ce 15&hellip;\n","protected":false},"author":2,"featured_media":527284,"comment_status":"","ping_status":"","sticky":false,"template":"","format":"standard","meta":{"footnotes":""},"categories":[2814],"tags":[1111,11,64652,5160,1777,674,1011,27,3381,567,884,11678,12,882,25],"class_list":{"0":"post-527283","1":"post","2":"type-post","3":"status-publish","4":"format-standard","5":"has-post-thumbnail","7":"category-marseille","8":"tag-actu","9":"tag-actualites","10":"tag-armu00e9es","11":"tag-bateau","12":"tag-eu","13":"tag-europe","14":"tag-fr","15":"tag-france","16":"tag-gendarmerie","17":"tag-marine-nationale","18":"tag-marseille","19":"tag-navire","20":"tag-news","21":"tag-provence-alpes-cote-dazur","22":"tag-republique-francaise"},"share_on_mastodon":{"url":"https:\/\/pubeurope.com\/@fr\/115531497679171851","error":""},"_links":{"self":[{"href":"https:\/\/www.europesays.com\/fr\/wp-json\/wp\/v2\/posts\/527283","targetHints":{"allow":["GET"]}}],"collection":[{"href":"https:\/\/www.europesays.com\/fr\/wp-json\/wp\/v2\/posts"}],"about":[{"href":"https:\/\/www.europesays.com\/fr\/wp-json\/wp\/v2\/types\/post"}],"author":[{"embeddable":true,"href":"https:\/\/www.europesays.com\/fr\/wp-json\/wp\/v2\/users\/2"}],"replies":[{"embeddable":true,"href":"https:\/\/www.europesays.com\/fr\/wp-json\/wp\/v2\/comments?post=527283"}],"version-history":[{"count":0,"href":"https:\/\/www.europesays.com\/fr\/wp-json\/wp\/v2\/posts\/527283\/revisions"}],"wp:featuredmedia":[{"embeddable":true,"href":"https:\/\/www.europesays.com\/fr\/wp-json\/wp\/v2\/media\/527284"}],"wp:attachment":[{"href":"https:\/\/www.europesays.com\/fr\/wp-json\/wp\/v2\/media?parent=527283"}],"wp:term":[{"taxonomy":"category","embeddable":true,"href":"https:\/\/www.europesays.com\/fr\/wp-json\/wp\/v2\/categories?post=527283"},{"taxonomy":"post_tag","embeddable":true,"href":"https:\/\/www.europesays.com\/fr\/wp-json\/wp\/v2\/tags?post=527283"}],"curies":[{"name":"wp","href":"https:\/\/api.w.org\/{rel}","templated":true}]}}