{"id":527285,"date":"2025-11-11T14:18:12","date_gmt":"2025-11-11T14:18:12","guid":{"rendered":"https:\/\/www.europesays.com\/fr\/527285\/"},"modified":"2025-11-11T14:18:12","modified_gmt":"2025-11-11T14:18:12","slug":"enleve-denude-et-passe-a-tabac-un-homme-retrouve-couvert-de-plaies-a-oullins-pierre-benite","status":"publish","type":"post","link":"https:\/\/www.europesays.com\/fr\/527285\/","title":{"rendered":"enlev\u00e9, d\u00e9nud\u00e9 et pass\u00e9 \u00e0 tabac, un homme retrouv\u00e9 couvert de plaies \u00e0 Oullins-Pierre-B\u00e9nite"},"content":{"rendered":"<p itemprop=\"description\"><strong>Ce lundi soir vers 19h, la police a \u00e9t\u00e9 pr\u00e9venue d&rsquo;une violente sc\u00e8ne survenue dans le quartier de la Saulaie \u00e0 Oullins-Pierre-B\u00e9nite.<\/strong><\/p>\n<p>Un homme venait d&rsquo;\u00eatre frapp\u00e9 dans la rue par plusieurs individus encagoul\u00e9s, puis oblig\u00e9 de monter dans leur voiture.<\/p>\n<p>Rapidement, les autorit\u00e9s ont compris que l&rsquo;affaire semblait li\u00e9e au trafic de drogue, puisque les faits s&rsquo;\u00e9taient d\u00e9roul\u00e9s \u00e0 proximit\u00e9 d&rsquo;un point de deal.<\/p>\n<p>La victime de cet enl\u00e8vement a \u00e9t\u00e9 finalement retrouv\u00e9e dans la soir\u00e9e, toujours \u00e0 Oullins-Pierre-B\u00e9nite, mais dans le quartier de Haute Roche. Cet homme \u00e2g\u00e9 d&rsquo;une trentaine d&rsquo;ann\u00e9es avait \u00e9t\u00e9 d\u00e9nud\u00e9 et abandonn\u00e9 au pied des tours. Pr\u00e9sentant d&rsquo;importantes plaies au visage et sur le reste du corps, il a \u00e9t\u00e9 hospitalis\u00e9.<\/p>\n<p>Les enqu\u00eateurs vont d\u00e9sormais tenter d&rsquo;identifier ses ravisseurs qui seraient au moins quatre selon les premiers t\u00e9moignages, mais aussi comprendre ce qui a valu \u00e0 la victime un tel traitement.<\/p>\n","protected":false},"excerpt":{"rendered":"Ce lundi soir vers 19h, la police a \u00e9t\u00e9 pr\u00e9venue d&rsquo;une violente sc\u00e8ne survenue dans le quartier de&hellip;\n","protected":false},"author":2,"featured_media":527286,"comment_status":"","ping_status":"","sticky":false,"template":"","format":"standard","meta":{"footnotes":""},"categories":[1889],"tags":[1111,11,2813,2190,2430,1109,251,1112,2811,1777,674,118,1011,27,1922,1110,1114,2428,2810,12,241,316,25,2812,517,800],"class_list":{"0":"post-527285","1":"post","2":"type-post","3":"status-publish","4":"format-standard","5":"has-post-thumbnail","7":"category-lyon","8":"tag-actu","9":"tag-actualites","10":"tag-article","11":"tag-asvel","12":"tag-auvergne-rhone-alpes","13":"tag-breves","14":"tag-culture","15":"tag-depeches","16":"tag-economique","17":"tag-eu","18":"tag-europe","19":"tag-faits-divers","20":"tag-fr","21":"tag-france","22":"tag-info","23":"tag-informations","24":"tag-infos","25":"tag-lyon","26":"tag-lyonmag","27":"tag-news","28":"tag-ol","29":"tag-politique","30":"tag-republique-francaise","31":"tag-sociale","32":"tag-sport","33":"tag-transports"},"share_on_mastodon":{"url":"https:\/\/pubeurope.com\/@fr\/115531501062805402","error":""},"_links":{"self":[{"href":"https:\/\/www.europesays.com\/fr\/wp-json\/wp\/v2\/posts\/527285","targetHints":{"allow":["GET"]}}],"collection":[{"href":"https:\/\/www.europesays.com\/fr\/wp-json\/wp\/v2\/posts"}],"about":[{"href":"https:\/\/www.europesays.com\/fr\/wp-json\/wp\/v2\/types\/post"}],"author":[{"embeddable":true,"href":"https:\/\/www.europesays.com\/fr\/wp-json\/wp\/v2\/users\/2"}],"replies":[{"embeddable":true,"href":"https:\/\/www.europesays.com\/fr\/wp-json\/wp\/v2\/comments?post=527285"}],"version-history":[{"count":0,"href":"https:\/\/www.europesays.com\/fr\/wp-json\/wp\/v2\/posts\/527285\/revisions"}],"wp:featuredmedia":[{"embeddable":true,"href":"https:\/\/www.europesays.com\/fr\/wp-json\/wp\/v2\/media\/527286"}],"wp:attachment":[{"href":"https:\/\/www.europesays.com\/fr\/wp-json\/wp\/v2\/media?parent=527285"}],"wp:term":[{"taxonomy":"category","embeddable":true,"href":"https:\/\/www.europesays.com\/fr\/wp-json\/wp\/v2\/categories?post=527285"},{"taxonomy":"post_tag","embeddable":true,"href":"https:\/\/www.europesays.com\/fr\/wp-json\/wp\/v2\/tags?post=527285"}],"curies":[{"name":"wp","href":"https:\/\/api.w.org\/{rel}","templated":true}]}}