{"id":527287,"date":"2025-11-11T14:19:16","date_gmt":"2025-11-11T14:19:16","guid":{"rendered":"https:\/\/www.europesays.com\/fr\/527287\/"},"modified":"2025-11-11T14:19:16","modified_gmt":"2025-11-11T14:19:16","slug":"dans-le-quartier-des-etats-unis-la-place-rene-et-madeleine-caille-ne-sera-pas-rehabilitee","status":"publish","type":"post","link":"https:\/\/www.europesays.com\/fr\/527287\/","title":{"rendered":"dans le quartier des Etats-Unis, la place Ren\u00e9 et Madeleine Caille ne sera pas r\u00e9habilit\u00e9e"},"content":{"rendered":"<p>Inaugur\u00e9 le 8\u00a0mai 1992, ce m\u00e9morial de la R\u00e9sistance, situ\u00e9 dans le jardin Ren\u00e9 et Madeleine Caille, dans le quartier des Etats-Unis, n\u2019est certainement pas le plus connu de Lyon. Mais les habitants du quartier, membres du Comit\u00e9 d\u2019int\u00e9r\u00eat local (CIL), qui avaient milit\u00e9 pour son installation aupr\u00e8s de la municipalit\u00e9 RPR de <a href=\"https:\/\/www.leprogres.fr\/p\/michel-noir\" target=\"_blank\" rel=\"noopener\">Michel Noir<\/a> (1989 \u2013 1995) y semblent encore tr\u00e8s attach\u00e9s. Lors du second budget participatif (Bupa), dont les 90 laur\u00e9ats ont \u00e9t\u00e9 connus en juin dernier, ils avaient m\u00eame d\u00e9pos\u00e9 un projet pour sa restauration.<\/p>\n<p>Un parcours pour rendre hommage \u00e0 la R\u00e9sistance<\/p>\n<p>Depuis son inauguration, \u00ab\u00a0ce m\u00e9morial est laiss\u00e9 \u00e0 l\u2019abandon\u00a0\u00bb, selon eux. Con\u00e7u sous forme de parcours, l\u2019\u00e9difice ne rend pas hommage \u00e0 des r\u00e9sistants sp\u00e9cifiques mais \u00e0 la R\u00e9sistance en g\u00e9n\u00e9ral. Sur&#8230;<\/p>\n","protected":false},"excerpt":{"rendered":"Inaugur\u00e9 le 8\u00a0mai 1992, ce m\u00e9morial de la R\u00e9sistance, situ\u00e9 dans le jardin Ren\u00e9 et Madeleine Caille, dans&hellip;\n","protected":false},"author":2,"featured_media":527288,"comment_status":"","ping_status":"","sticky":false,"template":"","format":"standard","meta":{"footnotes":""},"categories":[1889],"tags":[1111,11,2430,1687,2757,436,1777,674,1011,27,1116,1908,2428,2756,12,2661,25,2429,801,104,1631],"class_list":{"0":"post-527287","1":"post","2":"type-post","3":"status-publish","4":"format-standard","5":"has-post-thumbnail","7":"category-lyon","8":"tag-actu","9":"tag-actualites","10":"tag-auvergne-rhone-alpes","11":"tag-culture-loisirs","12":"tag-edition-lyon-villeurbanne","13":"tag-environnement","14":"tag-eu","15":"tag-europe","16":"tag-fr","17":"tag-france","18":"tag-immobilier","19":"tag-logement","20":"tag-lyon","21":"tag-lyon-bassin","22":"tag-news","23":"tag-patrimoine-culturel","24":"tag-republique-francaise","25":"tag-rhone","26":"tag-social","27":"tag-societe","28":"tag-vie-associative"},"share_on_mastodon":{"url":"https:\/\/pubeurope.com\/@fr\/115531504899436233","error":""},"_links":{"self":[{"href":"https:\/\/www.europesays.com\/fr\/wp-json\/wp\/v2\/posts\/527287","targetHints":{"allow":["GET"]}}],"collection":[{"href":"https:\/\/www.europesays.com\/fr\/wp-json\/wp\/v2\/posts"}],"about":[{"href":"https:\/\/www.europesays.com\/fr\/wp-json\/wp\/v2\/types\/post"}],"author":[{"embeddable":true,"href":"https:\/\/www.europesays.com\/fr\/wp-json\/wp\/v2\/users\/2"}],"replies":[{"embeddable":true,"href":"https:\/\/www.europesays.com\/fr\/wp-json\/wp\/v2\/comments?post=527287"}],"version-history":[{"count":0,"href":"https:\/\/www.europesays.com\/fr\/wp-json\/wp\/v2\/posts\/527287\/revisions"}],"wp:featuredmedia":[{"embeddable":true,"href":"https:\/\/www.europesays.com\/fr\/wp-json\/wp\/v2\/media\/527288"}],"wp:attachment":[{"href":"https:\/\/www.europesays.com\/fr\/wp-json\/wp\/v2\/media?parent=527287"}],"wp:term":[{"taxonomy":"category","embeddable":true,"href":"https:\/\/www.europesays.com\/fr\/wp-json\/wp\/v2\/categories?post=527287"},{"taxonomy":"post_tag","embeddable":true,"href":"https:\/\/www.europesays.com\/fr\/wp-json\/wp\/v2\/tags?post=527287"}],"curies":[{"name":"wp","href":"https:\/\/api.w.org\/{rel}","templated":true}]}}