{"id":527299,"date":"2025-11-11T14:26:27","date_gmt":"2025-11-11T14:26:27","guid":{"rendered":"https:\/\/www.europesays.com\/fr\/527299\/"},"modified":"2025-11-11T14:26:27","modified_gmt":"2025-11-11T14:26:27","slug":"la-russie-mene-t-elle-des-essais-nucleaires-secrets-nous-sommes-prets-a-discuter-des-soupcons-de-nos-collegues-americains","status":"publish","type":"post","link":"https:\/\/www.europesays.com\/fr\/527299\/","title":{"rendered":"La Russie m\u00e8ne-t-elle des essais nucl\u00e9aires secrets ? \u00ab\u00a0Nous sommes pr\u00eats \u00e0 discuter des soup\u00e7ons de nos coll\u00e8gues am\u00e9ricains\u00a0\u00bb"},"content":{"rendered":"<p class=\"ap-StoryElement ap-StoryElement--mb ap-StoryText\">\u00ab\u00a0Nous sommes pr\u00eats \u00e0 discuter des soup\u00e7ons que nos coll\u00e8gues am\u00e9ricains ont soulev\u00e9s quant au fait que nous serions secr\u00e8tement en train de faire quelque chose profond\u00e9ment sous terre\u00a0\u00bb, a d\u00e9clar\u00e9 Sergue\u00ef Lavrov lors d&rsquo;une rencontre avec des m\u00e9dias russes, retransmise sur les cha\u00eenes d&rsquo;Etat, ajoutant que Moscou rejetait les accusations de Donald Trump.<\/p>\n","protected":false},"excerpt":{"rendered":"\u00ab\u00a0Nous sommes pr\u00eats \u00e0 discuter des soup\u00e7ons que nos coll\u00e8gues am\u00e9ricains ont soulev\u00e9s quant au fait que nous&hellip;\n","protected":false},"author":2,"featured_media":527300,"comment_status":"","ping_status":"","sticky":false,"template":"","format":"standard","meta":{"footnotes":""},"categories":[1591],"tags":[11,6376,309,554,312,1887,12,5654,1885,1886,132,308],"class_list":{"0":"post-527299","1":"post","2":"type-post","3":"status-publish","4":"format-standard","5":"has-post-thumbnail","7":"category-russie","8":"tag-actualites","9":"tag-armes","10":"tag-chine","11":"tag-defense","12":"tag-diplomatie","13":"tag-federation-de-russie","14":"tag-news","15":"tag-nucleaire","16":"tag-russia","17":"tag-russian-federation","18":"tag-russie","19":"tag-usa"},"share_on_mastodon":{"url":"https:\/\/pubeurope.com\/@fr\/115531532572583389","error":""},"_links":{"self":[{"href":"https:\/\/www.europesays.com\/fr\/wp-json\/wp\/v2\/posts\/527299","targetHints":{"allow":["GET"]}}],"collection":[{"href":"https:\/\/www.europesays.com\/fr\/wp-json\/wp\/v2\/posts"}],"about":[{"href":"https:\/\/www.europesays.com\/fr\/wp-json\/wp\/v2\/types\/post"}],"author":[{"embeddable":true,"href":"https:\/\/www.europesays.com\/fr\/wp-json\/wp\/v2\/users\/2"}],"replies":[{"embeddable":true,"href":"https:\/\/www.europesays.com\/fr\/wp-json\/wp\/v2\/comments?post=527299"}],"version-history":[{"count":0,"href":"https:\/\/www.europesays.com\/fr\/wp-json\/wp\/v2\/posts\/527299\/revisions"}],"wp:featuredmedia":[{"embeddable":true,"href":"https:\/\/www.europesays.com\/fr\/wp-json\/wp\/v2\/media\/527300"}],"wp:attachment":[{"href":"https:\/\/www.europesays.com\/fr\/wp-json\/wp\/v2\/media?parent=527299"}],"wp:term":[{"taxonomy":"category","embeddable":true,"href":"https:\/\/www.europesays.com\/fr\/wp-json\/wp\/v2\/categories?post=527299"},{"taxonomy":"post_tag","embeddable":true,"href":"https:\/\/www.europesays.com\/fr\/wp-json\/wp\/v2\/tags?post=527299"}],"curies":[{"name":"wp","href":"https:\/\/api.w.org\/{rel}","templated":true}]}}