{"id":527307,"date":"2025-11-11T14:30:26","date_gmt":"2025-11-11T14:30:26","guid":{"rendered":"https:\/\/www.europesays.com\/fr\/527307\/"},"modified":"2025-11-11T14:30:26","modified_gmt":"2025-11-11T14:30:26","slug":"une-region-dallemagne-reclame-le-remboursement-des-aides-recues-par-les-entreprises-lors-de-lepidemie","status":"publish","type":"post","link":"https:\/\/www.europesays.com\/fr\/527307\/","title":{"rendered":"une r\u00e9gion d&rsquo;Allemagne r\u00e9clame le remboursement des aides re\u00e7ues par les entreprises lors de l&rsquo;\u00e9pid\u00e9mie"},"content":{"rendered":"\n<p class=\"c-chapo \">\n  Plus de 100 000 petites et moyennes entreprises du Bade-Wurtemberg, dans le sud-ouest du pays, sont concern\u00e9es.\n<\/p>\n<p>      lire plus tard<\/p>\n<p id=\"dialog__title\" class=\"dialog__title\">Pour sauvegarder cet article, connectez-vous ou cr\u00e9ez un compte franceinfo<\/p>\n<p class=\"dialog__description\">Sans paiement. Sans abonnement.<\/p>\n<p>        Fermer la fen\u00eatre d\u2019activation des notifications France Info<\/p>\n<p>      cr\u00e9er votre compte<\/p>\n<p>      se connecter<\/p>\n<p>        Fermer la fen\u00eatre de pr\u00e9sentation<\/p>\n<p>    <img loading=\"lazy\" decoding=\"async\" class=\"signature__image lazyload\" width=\"100\" height=\"100\" data- alt=\"\" src=\"https:\/\/www.europesays.com\/fr\/wp-content\/uploads\/2025\/05\/64a7df4c5fe71_placeholder-36b69ec8.png\"\/><\/p>\n<p>    Publi\u00e9 le 11\/11\/2025 15:25<\/p>\n<p>        Temps de lecture : 1min<\/p>\n<p>    <img decoding=\"async\"  alt=\"Dans le centre-ville de T\u00fcbingen lors de l'\u00e9pid\u00e9mie de Covid, le 21 avril 2021 (VANESSA MEYER \/ MAXPPP)\" width=\"432\" height=\"243\" src=\"https:\/\/www.europesays.com\/fr\/wp-content\/uploads\/2025\/11\/covid-allemagne-691344e7f05c1045701892.jpg\" fetchpriority=\"high\"\/><\/p>\n<p>      Dans le centre-ville de T\u00fcbingen lors de l&rsquo;\u00e9pid\u00e9mie de Covid, le 21 avril 2021 (VANESSA MEYER \/ MAXPPP)<\/p>\n<p><a href=\"https:\/\/sport.francetvinfo.fr\/sante\/maladie\/coronavirus\/\" target=\"_blank\" rel=\"noopener\">Les ann\u00e9es Covid<\/a> sont derri\u00e8re nous depuis d\u00e9j\u00e0 quelques ann\u00e9es, mais leurs effets continuent parfois \u00e0 se faire sentir. Dans la r\u00e9gion allemande du Bade-Wurtemberg, dans le sud-ouest du pays, plus de 100\u00a0000 petites et moyennes entreprises ont eu une tr\u00e8s mauvaise surprise : leurs patrons ont re\u00e7u un courrier leur demandant de rembourser tout ou partie des aides re\u00e7ues pendant la crise sanitaire.\u00a0<\/p>\n<p>En effet, pour compenser les pertes li\u00e9es aux six semaines du premier confinement, en\u00a02020, et \u00e9viter que certains commer\u00e7ants mettent la cl\u00e9 sous la porte, la r\u00e9gion a vers\u00e9 des aides g\u00e9n\u00e9reuses allant de 9\u00a0000 \u00e0 30\u00a0000\u00a0euros par entreprise en fonction du nombre de salari\u00e9s.<\/p>\n<p>Il y a par exemple ce <a href=\"https:\/\/www.stuttgarter-nachrichten.de\/inhalt.baden-wuerttemberg-friseur-gewinnt-im-streit-um-corona-hilfe.4f87e72e-4d50-4223-8371-9b5b01542063.html\" target=\"_blank\" rel=\"noopener\">coiffeur de Heidenheim<\/a>, pr\u00e8s de Stuttgart, priv\u00e9 du jour au lendemain de ses 40\u00a0000 euros de chiffres d&rsquo;affaires mensuels, qui a pu toucher une aide de 15\u00a0000 euros.\u00a0Au total, ce sont donc 245 000 subventions qui ont \u00e9t\u00e9 attribu\u00e9es pour un montant de 2,3\u00a0milliards d&rsquo;euros, selon les calculs des autorit\u00e9s.<\/p>\n<p>Mais apr\u00e8s la crise sanitaire, la r\u00e9gion a fait ses comptes et d\u00e9cid\u00e9 de r\u00e9clamer les trop-per\u00e7us aux entreprises, et notamment celles dont les r\u00e9sultats ont \u00e9t\u00e9 sup\u00e9rieurs aux pr\u00e9visions. Le coiffeur d&rsquo;Heidenheim a donc re\u00e7u un courrier il y a plusieurs semaines lui demandant de restituer 10\u00a0424 euros.<\/p>\n<p>Comme lui, 117\u00a0000 autres patrons du Bade-Wurtemberg doivent donc rembourser ce qui \u00e9tait pr\u00e9sent\u00e9 au d\u00e9part comme une subvention et non pas un simple pr\u00eat. Certains, comme le coiffeur, ont port\u00e9 plainte contre ces recouvrements. La justice doit se prononcer dans quelques jours sur leur l\u00e9galit\u00e9.<\/p>\n","protected":false},"excerpt":{"rendered":"Plus de 100 000 petites et moyennes entreprises du Bade-Wurtemberg, dans le sud-ouest du pays, sont concern\u00e9es. lire&hellip;\n","protected":false},"author":2,"featured_media":527308,"comment_status":"","ping_status":"","sticky":false,"template":"","format":"standard","meta":{"footnotes":""},"categories":[1587],"tags":[11,672,1804,1805,1803,1777,674,1801,12,1802],"class_list":{"0":"post-527307","1":"post","2":"type-post","3":"status-publish","4":"format-standard","5":"has-post-thumbnail","7":"category-allemagne","8":"tag-actualites","9":"tag-allemagne","10":"tag-bundesrepublik-deutschland","11":"tag-de","12":"tag-deutschland","13":"tag-eu","14":"tag-europe","15":"tag-germany","16":"tag-news","17":"tag-republique-federale-dallemagne"},"share_on_mastodon":{"url":"https:\/\/pubeurope.com\/@fr\/115531548921675731","error":""},"_links":{"self":[{"href":"https:\/\/www.europesays.com\/fr\/wp-json\/wp\/v2\/posts\/527307","targetHints":{"allow":["GET"]}}],"collection":[{"href":"https:\/\/www.europesays.com\/fr\/wp-json\/wp\/v2\/posts"}],"about":[{"href":"https:\/\/www.europesays.com\/fr\/wp-json\/wp\/v2\/types\/post"}],"author":[{"embeddable":true,"href":"https:\/\/www.europesays.com\/fr\/wp-json\/wp\/v2\/users\/2"}],"replies":[{"embeddable":true,"href":"https:\/\/www.europesays.com\/fr\/wp-json\/wp\/v2\/comments?post=527307"}],"version-history":[{"count":0,"href":"https:\/\/www.europesays.com\/fr\/wp-json\/wp\/v2\/posts\/527307\/revisions"}],"wp:featuredmedia":[{"embeddable":true,"href":"https:\/\/www.europesays.com\/fr\/wp-json\/wp\/v2\/media\/527308"}],"wp:attachment":[{"href":"https:\/\/www.europesays.com\/fr\/wp-json\/wp\/v2\/media?parent=527307"}],"wp:term":[{"taxonomy":"category","embeddable":true,"href":"https:\/\/www.europesays.com\/fr\/wp-json\/wp\/v2\/categories?post=527307"},{"taxonomy":"post_tag","embeddable":true,"href":"https:\/\/www.europesays.com\/fr\/wp-json\/wp\/v2\/tags?post=527307"}],"curies":[{"name":"wp","href":"https:\/\/api.w.org\/{rel}","templated":true}]}}