{"id":527309,"date":"2025-11-11T14:31:18","date_gmt":"2025-11-11T14:31:18","guid":{"rendered":"https:\/\/www.europesays.com\/fr\/527309\/"},"modified":"2025-11-11T14:31:18","modified_gmt":"2025-11-11T14:31:18","slug":"bande-6-ghz-la-bataille-fait-rage-en-europe-entre-le-wi-fi-et-la-6g","status":"publish","type":"post","link":"https:\/\/www.europesays.com\/fr\/527309\/","title":{"rendered":"Bande 6 GHz : la bataille fait rage en Europe entre le Wi-Fi et la 6G"},"content":{"rendered":"<p><strong>Une lutte intense se joue actuellement en Europe pour le contr\u00f4le de la partie sup\u00e9rieure de la bande de fr\u00e9quences 6 GHz. Essentielle pour le futur du Wi-Fi 7 comme pour celui de la 6G, cette ressource limit\u00e9e est au c\u0153ur d\u2019un conflit opposant les g\u00e9ants am\u00e9ricains de la tech aux op\u00e9rateurs europ\u00e9ens.<\/strong><\/p>\n<p><img loading=\"lazy\" decoding=\"async\" class=\"aligncenter size-large wp-image-274991\" src=\"https:\/\/www.europesays.com\/fr\/wp-content\/uploads\/2025\/11\/6G-1024x682.jpg\" alt=\"6G\" width=\"1024\" height=\"682\"  \/><\/p>\n<p>L\u2019offensive du camp Wi-Fi pour garantir son avenir<\/p>\n<p>Men\u00e9s par la Wi-Fi Alliance et la Dynamic Spectrum Alliance (DSA), les promoteurs du Wi-Fi ont tir\u00e9 la sonnette d\u2019alarme. Dans des lettres ouvertes adress\u00e9es aux ministres europ\u00e9ens du num\u00e9rique, ils expriment leur crainte de voir la bande 6 425-7 125 MHz devenir interdite au Wi-Fi. Or, cette bande est cruciale pour le d\u00e9ploiement des normes Wi-Fi 6E et surtout Wi-Fi 7 qui en d\u00e9pendent pour offrir des d\u00e9bits \u00e9lev\u00e9s. Bloquer cet acc\u00e8s \u00ab serait d\u00e9vastateur pour l\u2019avenir de la technologie Wi-Fi en Europe \u00bb, affirme la DSA.<\/p>\n<p>Derri\u00e8re ces organisations se trouvent les poids lourds de la tech am\u00e9ricaine : Amazon, Apple, Meta ou encore Microsoft. Ils accusent l\u2019industrie mobile de refuser tout compromis en exigeant d\u00e9sormais un usage exclusif de la bande de fr\u00e9quences, alors que le camp du Wi-Fi se disait pr\u00eat \u00e0 un partage, conform\u00e9ment au mandat initial de la Commission europ\u00e9enne.<\/p>\n<p>La riposte des op\u00e9rateurs, soutenus par les \u00c9tats<\/p>\n<p>Face \u00e0 eux, les op\u00e9rateurs mobiles et les \u00e9quipementiers comme Nokia <a href=\"https:\/\/www.gsma.com\/connectivity-for-good\/spectrum\/wp-content\/uploads\/2025\/05\/6-GHz-CTO-letter.pdf\" rel=\"external nofollow noopener\" target=\"_blank\">affirment<\/a> que cette bande de fr\u00e9quences est indispensable pour augmenter la capacit\u00e9 des r\u00e9seaux 5G et pr\u00e9parer l\u2019arriv\u00e9e de la 6G. Pour appuyer leurs dires, ils mettent en avant des tests concluants : Vodafone a atteint des d\u00e9bits de 5 Gb\/s, tandis que Nokia et Telia ont d\u00e9montr\u00e9 la possibilit\u00e9 d\u2019ajouter une \u00ab capacit\u00e9 massive \u00bb dans les zones denses.<\/p>\n<p>Ce camp b\u00e9n\u00e9ficie de soutiens de poids. L\u2019Union internationale des t\u00e9l\u00e9communications (UIT) a d\u00e9j\u00e0 identifi\u00e9 cette bande pour les services cellulaires. De plus, l\u2019Allemagne semble pencher en leur faveur, son minist\u00e8re du Num\u00e9rique <a href=\"https:\/\/www.heise.de\/en\/news\/WLAN-Rejection-Germany-Favors-Mobile-for-Upper-6-GHz-Band-10965806.html\" rel=\"external nofollow noopener\" target=\"_blank\">jugeant<\/a> les besoins des op\u00e9rateurs mobiles \u00ab plus grands \u00bb en vue des futures applications via la 6G. Cette prise de position pourrait fortement influencer la d\u00e9cision finale de l\u2019Europe, au grand dam des partisans du Wi-Fi. La d\u00e9cision des \u00c9tats-Unis, qui ont r\u00e9serv\u00e9 toute la bande au Wi-Fi d\u00e8s 2020, ne semble pas devenir la r\u00e9f\u00e9rence.<\/p>\n<p>Tous les regards sont d\u00e9sormais tourn\u00e9s vers la r\u00e9union du groupe de la politique du spectre radio\u00e9lectrique (RSPG) du 12 novembre, m\u00eame si la d\u00e9cision technique finale n\u2019est pas attendue avant juillet 2027.<\/p>\n","protected":false},"excerpt":{"rendered":"Une lutte intense se joue actuellement en Europe pour le contr\u00f4le de la partie sup\u00e9rieure de la bande&hellip;\n","protected":false},"author":2,"featured_media":527310,"comment_status":"","ping_status":"","sticky":false,"template":"","format":"standard","meta":{"footnotes":""},"categories":[1586],"tags":[64662,11,2196,1777,674,1011,27,12,48644,25,64663],"class_list":{"0":"post-527309","1":"post","2":"type-post","3":"status-publish","4":"format-standard","5":"has-post-thumbnail","7":"category-europe","8":"tag-6g","9":"tag-actualites","10":"tag-commission-europeenne","11":"tag-eu","12":"tag-europe","13":"tag-fr","14":"tag-france","15":"tag-news","16":"tag-operateur","17":"tag-republique-francaise","18":"tag-wifi"},"share_on_mastodon":{"url":"https:\/\/pubeurope.com\/@fr\/115531552430205256","error":""},"_links":{"self":[{"href":"https:\/\/www.europesays.com\/fr\/wp-json\/wp\/v2\/posts\/527309","targetHints":{"allow":["GET"]}}],"collection":[{"href":"https:\/\/www.europesays.com\/fr\/wp-json\/wp\/v2\/posts"}],"about":[{"href":"https:\/\/www.europesays.com\/fr\/wp-json\/wp\/v2\/types\/post"}],"author":[{"embeddable":true,"href":"https:\/\/www.europesays.com\/fr\/wp-json\/wp\/v2\/users\/2"}],"replies":[{"embeddable":true,"href":"https:\/\/www.europesays.com\/fr\/wp-json\/wp\/v2\/comments?post=527309"}],"version-history":[{"count":0,"href":"https:\/\/www.europesays.com\/fr\/wp-json\/wp\/v2\/posts\/527309\/revisions"}],"wp:featuredmedia":[{"embeddable":true,"href":"https:\/\/www.europesays.com\/fr\/wp-json\/wp\/v2\/media\/527310"}],"wp:attachment":[{"href":"https:\/\/www.europesays.com\/fr\/wp-json\/wp\/v2\/media?parent=527309"}],"wp:term":[{"taxonomy":"category","embeddable":true,"href":"https:\/\/www.europesays.com\/fr\/wp-json\/wp\/v2\/categories?post=527309"},{"taxonomy":"post_tag","embeddable":true,"href":"https:\/\/www.europesays.com\/fr\/wp-json\/wp\/v2\/tags?post=527309"}],"curies":[{"name":"wp","href":"https:\/\/api.w.org\/{rel}","templated":true}]}}