{"id":527311,"date":"2025-11-11T14:32:16","date_gmt":"2025-11-11T14:32:16","guid":{"rendered":"https:\/\/www.europesays.com\/fr\/527311\/"},"modified":"2025-11-11T14:32:16","modified_gmt":"2025-11-11T14:32:16","slug":"jai-eu-les-larmes-aux-yeux-a-fleury-merogis-des-detenus-participent-a-la-commemoration-de-larmistice","status":"publish","type":"post","link":"https:\/\/www.europesays.com\/fr\/527311\/","title":{"rendered":"\u00ab\u00a0J\u2019ai eu les larmes aux yeux\u00a0\u00bb\u00a0: \u00e0 Fleury-M\u00e9rogis, des d\u00e9tenus participent \u00e0 la comm\u00e9moration de l\u2019Armistice"},"content":{"rendered":"<p class=\"paragraph text_align_left lp-f-body-02\">Il est 9h15, ce mardi 11 novembre. Devant l\u2019entr\u00e9e du cimeti\u00e8re de Fleury-M\u00e9rogis (Essonne), porte-drapeaux, \u00e9lus, repr\u00e9sentants d\u2019anciens combattants et anonymes avancent d\u2019un m\u00eame pas. Tous se sont r\u00e9unis, sous une pluie fine, pour comm\u00e9morer l\u2019Armistice sign\u00e9 il y a tout juste 107 ans. Ce texte acte la d\u00e9faite de l\u2019Allemagne et la fin de la Premi\u00e8re Guerre mondiale.<\/p>\n<p class=\"paragraph text_align_left lp-f-body-02\">Au micro, Bob* prend la parole pour lire un texte \u00e9crit par un poilu \u00e0 son fils. Fran\u00e7ois*, lui, a d\u00e9cid\u00e9 de parler de p\u00e9p\u00e9 Gustave, son arri\u00e8re-grand-p\u00e8re qu\u2019il a connu enfant. Dans un texte po\u00e9tique, il y parle des souffrances endur\u00e9es, de cette L\u00e9gion d\u2019honneur re\u00e7ue, \u00ab aussi n\u00e9cessaire que m\u00e9rit\u00e9 \u00bb, mais aussi de ce message de paix qu\u2019il a voulu laisser, pour \u00ab ne plus jamais commettre les m\u00eames erreurs \u00bb.<\/p>\n<p>\u00ab Je pense que la justice doit aussi \u00eatre r\u00e9paratrice \u00bb<\/p>\n<p class=\"paragraph text_align_left lp-f-body-02\">Au milieu de la foule, ces deux hommes ont un statut \u00e0 part. Ils sont surveill\u00e9s de pr\u00e8s. Quelques heures auparavant, ils \u00e9taient encore dans leur cellule, au sein de <a href=\"https:\/\/www.leparisien.fr\/essonne-91\/fleury-merogis-la-plus-grande-prison-d-europe-se-devoile-pour-ses-50-ans-07-02-2019-8006544.php\" target=\"_blank\" rel=\"noreferrer noopener\">la maison d\u2019arr\u00eat de Fleury<\/a>. C\u2019est par le biais de leur professeure d\u2019histoire, Nathalie de Spirt, qu\u2019ils ont pu participer \u00e0 cette c\u00e9r\u00e9monie.<\/p>\n<p class=\"paragraph text_align_left lp-f-body-02\">\u00ab J\u2019avais pris l\u2019habitude de proposer au maire de venir assister \u00e0 la comm\u00e9moration organis\u00e9e au sein de la prison, raconte-t-elle. Jusqu\u2019en 2022, o\u00f9 il nous a invit\u00e9s \u00e0 celle de la commune avec des d\u00e9tenus. Depuis, c\u2019est la troisi\u00e8me fois que nous partageons ce moment. \u00bb Une participation in\u00e9dite : \u00ab Nous sommes la seule commune de France o\u00f9 cela se passe ainsi \u00bb, assure Olivier Corzani, le maire.<\/p>\n<p class=\"paragraph text_align_left lp-f-body-02\">\u00ab Avec cette proposition, nous voulions donner encore plus d\u2019ampleur au travail r\u00e9alis\u00e9 en prison, poursuit l\u2019\u00e9lu. On souhaitait qu\u2019ils vivent cette c\u00e9r\u00e9monie avec tous les officiels. Cela n\u2019a pu voir le jour que gr\u00e2ce \u00e0 un partenariat de confiance qui s\u2019est cr\u00e9\u00e9 avec le minist\u00e8re de la Justice. Je pense que la justice doit aussi \u00eatre r\u00e9paratrice et pas que punitive. En donnant l\u2019occasion \u00e0 ces d\u00e9tenus de venir ce matin, c\u2019est aussi un moyen de valoriser <a href=\"https:\/\/www.leparisien.fr\/essonne-91\/essonne-les-detenus-de-fleury-merogis-travaillent-sur-leur-reinsertion-25-11-2019-8201478.php\" target=\"_blank\" rel=\"noreferrer noopener\">leur future r\u00e9insertion.<\/a> \u00bb<\/p>\n<p>\u00ab J\u2019ai eu les larmes aux yeux \u00bb<\/p>\n<p class=\"paragraph text_align_left lp-f-body-02\">Tous les deux se sont port\u00e9s volontaires pour participer \u00e0 cette journ\u00e9e. \u00ab Parce que c\u2019\u00e9tait une occasion de sortir \u00bb, reconna\u00eet Bob, mais pas seulement. \u00ab Je suis quelqu\u2019un de tr\u00e8s curieux, j\u2019ai envie d\u2019apprendre de nouvelles choses, c\u2019est pourquoi j\u2019ai souhait\u00e9 faire cette activit\u00e9. J\u2019ai voulu lire le texte de ce poilu parce qu\u2019il m\u2019a touch\u00e9. Il y parle du choix qu\u2019on a entre nos mains, entre <a href=\"https:\/\/www.leparisien.fr\/essonne-91\/au-salon-de-coiffure-de-la-prison-de-fleury-merogis-les-detenues-ont-des-mains-en-or-05-04-2023-RH7CVMWXFRDBFJY7FK7Z2HTACA.php\" target=\"_blank\" rel=\"noreferrer noopener\">\u00eatre sur le droit chemin ou non<\/a>. C\u2019est une question qui se pose forc\u00e9ment quand on est en prison. \u00bb<\/p>\n<p class=\"paragraph text_align_left lp-f-body-02\">C\u2019est par le biais de cet atelier et l\u2019aide de sa professeure que Fran\u00e7ois a pu retrouver des archives sur son arri\u00e8re-grand-p\u00e8re. \u00ab J\u2019\u00e9tais tout petit quand il est mort mais j\u2019ai encore une image tr\u00e8s vivace de lui. Avec ce qu\u2019il a v\u00e9cu, il fait aussi partie de l\u2019histoire de mon pays. Lorsque le d\u00e9put\u00e9 (Antoine L\u00e9aument, LFI) est venu me f\u00e9liciter pour mon texte, j\u2019ai eu les larmes aux yeux. On peut \u00eatre en prison et avoir des capacit\u00e9s dans un domaine comme l\u2019\u00e9criture \u00bb.<\/p>\n<p><img decoding=\"async\" class=\"image \" loading=\"lazy\" src=\"https:\/\/www.europesays.com\/fr\/wp-content\/uploads\/2025\/11\/TCOWNJMLXRHZFOHE2F6HC3P5KE.jpg\" alt=\"Fleury-M\u00e9rogis, mardi 11 novembre 2025. Un agent p\u00e9nitencier \u00e9tait pr\u00e9sent pour veiller sur les deux d\u00e9tenus.\" align=\"\" data-rubrique-principale=\"\" data-article-type=\"\" fetchpriority=\"auto\"\/>Fleury-M\u00e9rogis, mardi 11 novembre 2025. Un agent p\u00e9nitencier \u00e9tait pr\u00e9sent pour veiller sur les deux d\u00e9tenus.<\/p>\n<p class=\"paragraph text_align_left lp-f-body-02\">Un autre d\u00e9tenu \u00e9tait pr\u00e9sent \u00e0 la c\u00e9r\u00e9monie. Ou plut\u00f4t un ancien d\u00e9tenu. Brice* a \u00e9t\u00e9 lib\u00e9r\u00e9 il y a une semaine. \u00ab Je tenais \u00e0 \u00eatre pr\u00e9sent, c\u2019est un projet que l\u2019on \u00e9voque depuis des semaines, indique-t-il. J\u2019ai \u00e9t\u00e9 surpris de voir toutes ces personnes en uniforme \u00e9mues, alors que ce n\u2019est pas un fait de leur \u00e9poque. Peut-\u00eatre qu\u2019ils s\u2019identifient \u00e0 ce qu\u2019ont v\u00e9cu les soldats. J\u2019avais pens\u00e9 m\u2019engager dans l\u2019arm\u00e9e mais la menace de devoir faire la guerre, de laisser sa famille ici, m\u2019a fait peur. C\u2019est pourquoi j\u2019avais choisi un texte d\u2019un homme qui voyait tous les autres mourir autour de lui et qui se demandait quand viendrait son tour. \u00bb<\/p>\n<p class=\"paragraph text_align_left lp-f-body-02\">Ce travail dans et hors la prison, Olivier Corzani esp\u00e8re pouvoir le faire perdurer. \u00ab Les d\u00e9tenus se sentent valoris\u00e9s par leur travail, conclut l\u2019\u00e9lu. Je suis favorable \u00e0 tout ce qui est r\u00e9parateur, pour qu\u2019apr\u00e8s la d\u00e9tention, la r\u00e9insertion soit r\u00e9ussie. \u00bb<\/p>\n<p class=\"paragraph text_align_left lp-f-body-02\">*Les pr\u00e9noms ont \u00e9t\u00e9 modifi\u00e9s.<\/p>\n","protected":false},"excerpt":{"rendered":"Il est 9h15, ce mardi 11 novembre. Devant l\u2019entr\u00e9e du cimeti\u00e8re de Fleury-M\u00e9rogis (Essonne), porte-drapeaux, \u00e9lus, repr\u00e9sentants d\u2019anciens&hellip;\n","protected":false},"author":2,"featured_media":527312,"comment_status":"","ping_status":"","sticky":false,"template":"","format":"standard","meta":{"footnotes":""},"categories":[1586],"tags":[11,1936,1777,674,1779,1011,27,1944,12,25,1778,364],"class_list":{"0":"post-527311","1":"post","2":"type-post","3":"status-publish","4":"format-standard","5":"has-post-thumbnail","7":"category-europe","8":"tag-actualites","9":"tag-essonne","10":"tag-eu","11":"tag-europe","12":"tag-european-union","13":"tag-fr","14":"tag-france","15":"tag-ma-ville","16":"tag-news","17":"tag-republique-francaise","18":"tag-ue","19":"tag-union-europeenne"},"share_on_mastodon":{"url":"https:\/\/pubeurope.com\/@fr\/115531557023853065","error":""},"_links":{"self":[{"href":"https:\/\/www.europesays.com\/fr\/wp-json\/wp\/v2\/posts\/527311","targetHints":{"allow":["GET"]}}],"collection":[{"href":"https:\/\/www.europesays.com\/fr\/wp-json\/wp\/v2\/posts"}],"about":[{"href":"https:\/\/www.europesays.com\/fr\/wp-json\/wp\/v2\/types\/post"}],"author":[{"embeddable":true,"href":"https:\/\/www.europesays.com\/fr\/wp-json\/wp\/v2\/users\/2"}],"replies":[{"embeddable":true,"href":"https:\/\/www.europesays.com\/fr\/wp-json\/wp\/v2\/comments?post=527311"}],"version-history":[{"count":0,"href":"https:\/\/www.europesays.com\/fr\/wp-json\/wp\/v2\/posts\/527311\/revisions"}],"wp:featuredmedia":[{"embeddable":true,"href":"https:\/\/www.europesays.com\/fr\/wp-json\/wp\/v2\/media\/527312"}],"wp:attachment":[{"href":"https:\/\/www.europesays.com\/fr\/wp-json\/wp\/v2\/media?parent=527311"}],"wp:term":[{"taxonomy":"category","embeddable":true,"href":"https:\/\/www.europesays.com\/fr\/wp-json\/wp\/v2\/categories?post=527311"},{"taxonomy":"post_tag","embeddable":true,"href":"https:\/\/www.europesays.com\/fr\/wp-json\/wp\/v2\/tags?post=527311"}],"curies":[{"name":"wp","href":"https:\/\/api.w.org\/{rel}","templated":true}]}}