{"id":527313,"date":"2025-11-11T14:33:17","date_gmt":"2025-11-11T14:33:17","guid":{"rendered":"https:\/\/www.europesays.com\/fr\/527313\/"},"modified":"2025-11-11T14:33:17","modified_gmt":"2025-11-11T14:33:17","slug":"la-navigatrice-marie-descoubes-et-son-coequipier-portes-disparus-au-large-des-bermudes","status":"publish","type":"post","link":"https:\/\/www.europesays.com\/fr\/527313\/","title":{"rendered":"la navigatrice Marie Descoubes et son co\u00e9quipier port\u00e9s disparus au large des Bermudes"},"content":{"rendered":"<p class=\"article-p mdl\">Un silence radio inqui\u00e9tant. \u00c0 bord d&rsquo;un voilier de 11,3 m\u00e8tres, le SV Liahona, une navigatrice de 28 ans, Marie Descoubes, ainsi que son co\u00e9quipier am\u00e9ricain ne donnent plus de signes de vie depuis le 6 novembre dernier. \u00ab\u00a0Marie convoyait un voilier vers Porto Rico avec Nathan Perrins. Ils ne donnent plus de localisation\u00a0\u00bb, a alert\u00e9 sa m\u00e8re, Nathalie Le Roux, sur Facebook le 9 novembre.\u00a0<\/p>\n<p class=\"article-p mdl\">Ils devaient faire escale aux Bermudes \u00e0 cette date-l\u00e0, afin de se ravitailler en essence, mais le signal GPS a alors cess\u00e9 d&rsquo;\u00e9mettre. La m\u00e8re de la navigatrice estime qu&rsquo;une panne d&rsquo;essence a pu intervenir. Cela \u00ab\u00a0ne permet plus d\u2019avoir de l\u2019\u00e9lectricit\u00e9 sur leur voilier\u00a0\u00bb, a-t-elle expliqu\u00e9 en ajoutant que cette zone \u00e9tait actuellement travers\u00e9e par \u00ab\u00a0une temp\u00eate\u00a0\u00bb.\u00a0<\/p>\n<p class=\"article-p mdl\">Comme l&rsquo;indique\u00a0<a class=\"link\" href=\"https:\/\/www.leparisien.fr\/faits-divers\/marie-convoyait-un-voilier-vers-porto-rico-une-navigatrice-francaise-portee-disparue-au-nord-des-bermudes-10-11-2025-6AJVC3U5KVGGBP5QH6YKKIT44A.php\" target=\"_blank\" rel=\"nofollow noopener\">Le Parisien<\/a>\u00a0qui cite le\u00a0<a class=\"link\" href=\"https:\/\/boatwatch.org\/current-watches\/bolo-sv-liahona-maine-to-puerto-rico-via-bermuda\/\" target=\"_blank\" rel=\"nofollow noopener\">Centre r\u00e9gional de coordination des op\u00e9rations des Bermudes<\/a>, peu avant la perte du signal, Nathan Perrins avait indiqu\u00e9 \u00e0 son \u00e9quipage au sol son besoin de carburant.<\/p>\n<blockquote class=\"article-quote\">\n<p class=\"article-quote-text icon icon-quote-v2\">Avec Marie, il ne faut jamais s\u2019inqui\u00e9ter<\/p>\n<p>Nathalie Le Roux, m\u00e8re de Marie Descoubes, sur Facebook<\/p>\n<\/blockquote>\n<p class=\"article-p mdl\">\u00ab\u00a0Les recherches en h\u00e9licopt\u00e8re autour de la zone se sont arr\u00eat\u00e9es\u00a0\u00bb, s&rsquo;inqui\u00e8te-t-elle.\u00a0\u00ab\u00a0Avec Marie, il ne faut jamais s\u2019inqui\u00e9ter. C\u2019est une tr\u00e8s bonne navigatrice, le monsieur aussi a l\u2019air tr\u00e8s bien. J\u2019ai peur d\u2019alerter trop t\u00f4t et qu\u2019elle me dise : \u2019Maman, tu t\u2019es encore inqui\u00e9t\u00e9e pour rien'\u00a0\u00bb, a confi\u00e9 Nathalie Le Roux \u00e0 nos confr\u00e8res de\u00a0<a class=\"link\" href=\"https:\/\/france3-regions.franceinfo.fr\/nouvelle-aquitaine\/charente-maritime\/la-rochelle\/une-navigatrice-rochelaise-portee-disparue-au-nord-des-bermudes-sa-mere-demande-l-aide-des-marins-presents-dans-la-zone-3246799.html\" target=\"_blank\" rel=\"nofollow noopener\">France 3 Nouvelle-Aquitaine<\/a>.<\/p>\n<p class=\"article-p mdl\">Le site Boatwach a \u00e9mis une alerte. \u00ab\u00a0Le SV Liahona n&rsquo;a donn\u00e9 aucun signe de vie et pourrait avoir d\u00e9rout\u00e9 son itin\u00e9raire pour se rendre directement \u00e0 Porto Rico (&#8230;) Sa coque est blanche, son tableau arri\u00e8re est en forme de cano\u00eb, avec des finitions bleu fonc\u00e9\u00a0\u00bb, peut-on notamment lire.\u00a0<\/p>\n<p class=\"article-p mdl\">Dans son message, la m\u00e8re de Marie Descoubes lance aussi un appel : \u00ab\u00a0Si vous les croisez dans cette zone, merci de me contacter. N\u2019h\u00e9sitez pas \u00e0 relayer l\u2019info \u00e0 tous vos contacts marins ! Nous esp\u00e9rons qu\u2019ils puissent rejoindre Porto Rico ou les \u00eeles de Hamilton\u00a0\u00bb, a-t-elle \u00e9crit. Initialement, les deux navigateurs devaient arriver \u00e0 Porto Rico jeudi 13 novembre.\u00a0<\/p>\n<p>    La r\u00e9daction vous recommande<\/p>\n<p class=\"s-newsletter__title\">\n                L\u2019actualit\u00e9 par la r\u00e9daction de RTL dans votre bo\u00eete mail.\n            <\/p>\n<p class=\"s-newsletter__subtitle\">\n                Gr\u00e2ce \u00e0 votre compte RTL abonnez-vous \u00e0 la newsletter RTL info pour suivre toute l&rsquo;actualit\u00e9 au quotidien\n            <\/p>\n<p>\n                                    Lire la suite\n                                <\/p>\n","protected":false},"excerpt":{"rendered":"Un silence radio inqui\u00e9tant. \u00c0 bord d&rsquo;un voilier de 11,3 m\u00e8tres, le SV Liahona, une navigatrice de 28&hellip;\n","protected":false},"author":2,"featured_media":527314,"comment_status":"","ping_status":"","sticky":false,"template":"","format":"standard","meta":{"footnotes":""},"categories":[2],"tags":[11,107,1011,27,14,12,25,10887],"class_list":{"0":"post-527313","1":"post","2":"type-post","3":"status-publish","4":"format-standard","5":"has-post-thumbnail","7":"category-actualites","8":"tag-actualites","9":"tag-fil-info","10":"tag-fr","11":"tag-france","12":"tag-international","13":"tag-news","14":"tag-republique-francaise","15":"tag-voile"},"share_on_mastodon":{"url":"https:\/\/pubeurope.com\/@fr\/115531560216413272","error":""},"_links":{"self":[{"href":"https:\/\/www.europesays.com\/fr\/wp-json\/wp\/v2\/posts\/527313","targetHints":{"allow":["GET"]}}],"collection":[{"href":"https:\/\/www.europesays.com\/fr\/wp-json\/wp\/v2\/posts"}],"about":[{"href":"https:\/\/www.europesays.com\/fr\/wp-json\/wp\/v2\/types\/post"}],"author":[{"embeddable":true,"href":"https:\/\/www.europesays.com\/fr\/wp-json\/wp\/v2\/users\/2"}],"replies":[{"embeddable":true,"href":"https:\/\/www.europesays.com\/fr\/wp-json\/wp\/v2\/comments?post=527313"}],"version-history":[{"count":0,"href":"https:\/\/www.europesays.com\/fr\/wp-json\/wp\/v2\/posts\/527313\/revisions"}],"wp:featuredmedia":[{"embeddable":true,"href":"https:\/\/www.europesays.com\/fr\/wp-json\/wp\/v2\/media\/527314"}],"wp:attachment":[{"href":"https:\/\/www.europesays.com\/fr\/wp-json\/wp\/v2\/media?parent=527313"}],"wp:term":[{"taxonomy":"category","embeddable":true,"href":"https:\/\/www.europesays.com\/fr\/wp-json\/wp\/v2\/categories?post=527313"},{"taxonomy":"post_tag","embeddable":true,"href":"https:\/\/www.europesays.com\/fr\/wp-json\/wp\/v2\/tags?post=527313"}],"curies":[{"name":"wp","href":"https:\/\/api.w.org\/{rel}","templated":true}]}}