{"id":527319,"date":"2025-11-11T14:37:13","date_gmt":"2025-11-11T14:37:13","guid":{"rendered":"https:\/\/www.europesays.com\/fr\/527319\/"},"modified":"2025-11-11T14:37:13","modified_gmt":"2025-11-11T14:37:13","slug":"mme-bouchra-hajij-citee-parmi-les-50-africaines-les-plus-influentes-dans-le-sport-en-2025","status":"publish","type":"post","link":"https:\/\/www.europesays.com\/fr\/527319\/","title":{"rendered":"Mme Bouchra Hajij cit\u00e9e parmi les \u00ab 50 Africaines les plus influentes dans le sport en 2025 \u00bb"},"content":{"rendered":"<p style=\"text-align: justify;\">Le <b>groupe Africa Sports Ventures<\/b> a annonc\u00e9, en fin de semaine \u00e0 Nairobi, les laur\u00e9ates de l\u2019\u00e9dition 2025 de sa liste des \u00ab 50 femmes les plus influentes dans le sport \u00bb, une distinction qui rend hommage aux femmes africaines fa\u00e7onnant l\u2019avenir du sport sur le continent. <\/p>\n<p data-end=\"627\" data-start=\"379\" style=\"text-align: justify;\">Parmi les personnalit\u00e9s distingu\u00e9es figure la pr\u00e9sidente de la FRMVB, Mme Bouchra Hajij, \u00e9galement pr\u00e9sidente de la Conf\u00e9d\u00e9ration africaine de volleyball, salu\u00e9e pour son r\u00f4le majeur dans la promotion et le d\u00e9veloppement du volleyball en Afrique. <\/p>\n<p data-end=\"892\" data-start=\"629\" style=\"text-align: justify;\">Cette s\u00e9lection met \u00e0 l\u2019honneur des femmes issues de divers horizons (championnes olympiques, responsables politiques, pr\u00e9sidentes de f\u00e9d\u00e9rations, cheffes d\u2019entreprise ou journalistes \u2026) qui contribuent chacune, \u00e0 leur mani\u00e8re, \u00e0 l\u2019essor du sport africain. <\/p>\n<p data-end=\"1230\" data-is-last-node=\"\" data-is-only-node=\"\" data-start=\"894\" style=\"text-align: justify;\">La liste de cette ann\u00e9e regroupe plusieurs figures majeures du sport continental, parmi lesquelles, aux c\u00f4t\u00e9s de Mme Bouchra Hajij, Kirsty Coventry, pr\u00e9sidente du CIO, Fatma Samoura, ancienne secr\u00e9taire g\u00e9n\u00e9rale de la FIFA, Claire Akamanzi, directrice ex\u00e9cutive de la NBA Africa, ainsi que la double championne olympique Faith Kipyegon. <\/p>\n","protected":false},"excerpt":{"rendered":"Le groupe Africa Sports Ventures a annonc\u00e9, en fin de semaine \u00e0 Nairobi, les laur\u00e9ates de l\u2019\u00e9dition 2025&hellip;\n","protected":false},"author":2,"featured_media":527320,"comment_status":"","ping_status":"","sticky":false,"template":"","format":"standard","meta":{"footnotes":""},"categories":[1417],"tags":[11,5024,5025,5026,258,5028,1659,5029,5027,251,33,2518,1283,1011,27,1757,1393,985,316,104,517,60,5030,1470,1469],"class_list":{"0":"post-527319","1":"post","2":"type-post","3":"status-publish","4":"format-standard","5":"has-post-thumbnail","7":"category-volley","8":"tag-actualites","9":"tag-actualites-et-infos-au-maroc","10":"tag-actualites-et-infos-mondiale","11":"tag-actualites-marocaines-du-jour","12":"tag-alimentation","13":"tag-analyses","14":"tag-art-de-vivre","15":"tag-chronique","16":"tag-consommation-et-bien-etre","17":"tag-culture","18":"tag-economie","19":"tag-edito","20":"tag-etudes","21":"tag-fr","22":"tag-france","23":"tag-insolite","24":"tag-loisirs","25":"tag-mode","26":"tag-politique","27":"tag-societe","28":"tag-sport","29":"tag-sports","30":"tag-tribune","31":"tag-volley","32":"tag-volleyball"},"share_on_mastodon":{"url":"https:\/\/pubeurope.com\/@fr\/115531575806678039","error":""},"_links":{"self":[{"href":"https:\/\/www.europesays.com\/fr\/wp-json\/wp\/v2\/posts\/527319","targetHints":{"allow":["GET"]}}],"collection":[{"href":"https:\/\/www.europesays.com\/fr\/wp-json\/wp\/v2\/posts"}],"about":[{"href":"https:\/\/www.europesays.com\/fr\/wp-json\/wp\/v2\/types\/post"}],"author":[{"embeddable":true,"href":"https:\/\/www.europesays.com\/fr\/wp-json\/wp\/v2\/users\/2"}],"replies":[{"embeddable":true,"href":"https:\/\/www.europesays.com\/fr\/wp-json\/wp\/v2\/comments?post=527319"}],"version-history":[{"count":0,"href":"https:\/\/www.europesays.com\/fr\/wp-json\/wp\/v2\/posts\/527319\/revisions"}],"wp:featuredmedia":[{"embeddable":true,"href":"https:\/\/www.europesays.com\/fr\/wp-json\/wp\/v2\/media\/527320"}],"wp:attachment":[{"href":"https:\/\/www.europesays.com\/fr\/wp-json\/wp\/v2\/media?parent=527319"}],"wp:term":[{"taxonomy":"category","embeddable":true,"href":"https:\/\/www.europesays.com\/fr\/wp-json\/wp\/v2\/categories?post=527319"},{"taxonomy":"post_tag","embeddable":true,"href":"https:\/\/www.europesays.com\/fr\/wp-json\/wp\/v2\/tags?post=527319"}],"curies":[{"name":"wp","href":"https:\/\/api.w.org\/{rel}","templated":true}]}}