{"id":52732,"date":"2025-04-25T21:32:08","date_gmt":"2025-04-25T21:32:08","guid":{"rendered":"https:\/\/www.europesays.com\/fr\/52732\/"},"modified":"2025-04-25T21:32:08","modified_gmt":"2025-04-25T21:32:08","slug":"en-video-lextraordinaire-essai-de-cent-metres-de-langlais-arron-reed","status":"publish","type":"post","link":"https:\/\/www.europesays.com\/fr\/52732\/","title":{"rendered":"en vid\u00e9o, l\u2019extraordinaire essai de cent m\u00e8tres de l\u2019Anglais Arron Reed"},"content":{"rendered":"<p>L\u2019ailier des Sale Sharks a r\u00e9alis\u00e9, vendredi soir en Premiership, une incroyable relance gagnante.<\/p>\n<p class=\"fig-paragraph\">L\u2019action est \u00e9poustouflante. Servi sur son aile gauche juste devant sa ligne d\u2019en-but, Arron Reed a entrepris de traverser tout le terrain ce vendredi soir lors de la rencontre de Premiership \u2013 le championnat d\u2019Angleterre \u2013 entre Sale et les Saracens.<\/p>\n<p class=\"fig-paragraph\">Un crochet, une acc\u00e9l\u00e9ration, un nouveau crochet, un cad-d\u00e9b sur le dernier d\u00e9fenseur et une nouvelle acc\u00e9l\u00e9ration pour une course de pr\u00e8s de cent m\u00e8tres jusqu\u2019\u00e0 l\u2019en-but adverse. Pour un essai de l\u00e9gende salu\u00e9 par tout le public.<\/p>\n","protected":false},"excerpt":{"rendered":"L\u2019ailier des Sale Sharks a r\u00e9alis\u00e9, vendredi soir en Premiership, une incroyable relance gagnante. L\u2019action est \u00e9poustouflante. Servi&hellip;\n","protected":false},"author":2,"featured_media":52733,"comment_status":"","ping_status":"","sticky":false,"template":"","format":"standard","meta":{"footnotes":""},"categories":[1416],"tags":[2306,525,2309,1981,2313,1089,451,814,1011,27,955,2308,2311,1980,479,1468,14619,2259,2307,60,478,2310,2312,513],"class_list":{"0":"post-52732","1":"post","2":"type-post","3":"status-publish","4":"format-standard","5":"has-post-thumbnail","7":"category-rugby","8":"tag-6-nations","9":"tag-calendrier","10":"tag-challenge-europeen","11":"tag-classement","12":"tag-clermont","13":"tag-coupe-deurope","14":"tag-coupe-du-monde","15":"tag-direct","16":"tag-fr","17":"tag-france","18":"tag-match","19":"tag-pro-d2","20":"tag-racing","21":"tag-resultats","22":"tag-rugby","23":"tag-rugby-football","24":"tag-sale-sharks","25":"tag-score","26":"tag-six-nations","27":"tag-sports","28":"tag-top-14","29":"tag-toulon","30":"tag-toulouse","31":"tag-xv-de-france"},"share_on_mastodon":{"url":"https:\/\/pubeurope.com\/@fr\/114400745416941642","error":""},"_links":{"self":[{"href":"https:\/\/www.europesays.com\/fr\/wp-json\/wp\/v2\/posts\/52732","targetHints":{"allow":["GET"]}}],"collection":[{"href":"https:\/\/www.europesays.com\/fr\/wp-json\/wp\/v2\/posts"}],"about":[{"href":"https:\/\/www.europesays.com\/fr\/wp-json\/wp\/v2\/types\/post"}],"author":[{"embeddable":true,"href":"https:\/\/www.europesays.com\/fr\/wp-json\/wp\/v2\/users\/2"}],"replies":[{"embeddable":true,"href":"https:\/\/www.europesays.com\/fr\/wp-json\/wp\/v2\/comments?post=52732"}],"version-history":[{"count":0,"href":"https:\/\/www.europesays.com\/fr\/wp-json\/wp\/v2\/posts\/52732\/revisions"}],"wp:featuredmedia":[{"embeddable":true,"href":"https:\/\/www.europesays.com\/fr\/wp-json\/wp\/v2\/media\/52733"}],"wp:attachment":[{"href":"https:\/\/www.europesays.com\/fr\/wp-json\/wp\/v2\/media?parent=52732"}],"wp:term":[{"taxonomy":"category","embeddable":true,"href":"https:\/\/www.europesays.com\/fr\/wp-json\/wp\/v2\/categories?post=52732"},{"taxonomy":"post_tag","embeddable":true,"href":"https:\/\/www.europesays.com\/fr\/wp-json\/wp\/v2\/tags?post=52732"}],"curies":[{"name":"wp","href":"https:\/\/api.w.org\/{rel}","templated":true}]}}