{"id":527321,"date":"2025-11-11T14:38:12","date_gmt":"2025-11-11T14:38:12","guid":{"rendered":"https:\/\/www.europesays.com\/fr\/527321\/"},"modified":"2025-11-11T14:38:12","modified_gmt":"2025-11-11T14:38:12","slug":"florian-grill-cest-la-federation-qui-decide-si-un-joueur-va-en-equipe-de-france-ou-pas","status":"publish","type":"post","link":"https:\/\/www.europesays.com\/fr\/527321\/","title":{"rendered":"Florian Grill : \u00ab C\u2019est la F\u00e9d\u00e9ration qui d\u00e9cide si un joueur va en \u00e9quipe de France ou pas ! \u00bb"},"content":{"rendered":"<p>Le pr\u00e9sident de la F\u00e9d\u00e9ration Fran\u00e7aise de Rugby, Florian Grill s\u2019est confi\u00e9 dans les colonnes de <a href=\"https:\/\/www.midilibre.fr\/2025\/11\/07\/on-voulait-redresser-la-ffr-en-trois-ans-on-va-le-faire-en-deux-florian-grill-president-de-la-federation-fait-le-point-avant-france-afrique-du-sud-13039259.php\" rel=\"nofollow noopener\" target=\"_blank\">Midi Libre<\/a>.<\/p>\n<p>Ce-dernier a notamment parl\u00e9 de la sant\u00e9 des joueurs.<\/p>\n<p>Il explique comment la FFR pr\u00e9serve la sant\u00e9 des joueurs.<\/p>\n<p><strong>A lire ci-dessous :<\/strong><\/p>\n<p>\u00ab\u00a0Sur les joueurs, il n\u2019y a qu\u2019un seul juge de paix. Dans le cadre de notre d\u00e9l\u00e9gation de service public, c\u2019est la F\u00e9d\u00e9ration qui d\u00e9cide si un joueur va en \u00e9quipe de France ou pas. Et le seul juge de paix, c\u2019est la sant\u00e9 des pratiquants. On est tr\u00e8s conscient qu\u2019avec la multiplication des comp\u00e9titions, les joueurs sont expos\u00e9s.<\/p>\n<p>D\u2019ailleurs, je suis tr\u00e8s content que notre poids \u00e0 l\u2019international grandisse parce qu\u2019on n\u2019est pas loin d\u2019obtenir des votes sur l\u2019abaissement de la ligne de plaquage, on se bat depuis dessus depuis deux ans.<\/p>\n<p>La priorit\u00e9 dans le rugby, et en particulier pour nos internationaux, c\u2019est de savoir comment est-ce qu\u2019on pr\u00e9serve les joueurs.<\/p>\n<p>L\u2019\u00e9quipe de France, \u00e7a ne peut pas \u00eatre que 25 joueurs, c\u2019est une cinquantaine de joueurs qu\u2019on expose au niveau international, pour lesquels on fait une planification intelligente, presque annualis\u00e9e. Et notre discussion avec la Ligue, elle doit tourner sur la sant\u00e9 des pratiquants, c\u2019est \u00e7a le crit\u00e8re num\u00e9ro un.\u00a0\u00bb<\/p>\n","protected":false},"excerpt":{"rendered":"Le pr\u00e9sident de la F\u00e9d\u00e9ration Fran\u00e7aise de Rugby, Florian Grill s\u2019est confi\u00e9 dans les colonnes de Midi Libre.&hellip;\n","protected":false},"author":2,"featured_media":527322,"comment_status":"","ping_status":"","sticky":false,"template":"","format":"standard","meta":{"footnotes":""},"categories":[1416],"tags":[1011,27,479,1468,60],"class_list":{"0":"post-527321","1":"post","2":"type-post","3":"status-publish","4":"format-standard","5":"has-post-thumbnail","7":"category-rugby","8":"tag-fr","9":"tag-france","10":"tag-rugby","11":"tag-rugby-football","12":"tag-sports"},"share_on_mastodon":{"url":"https:\/\/pubeurope.com\/@fr\/115531579704723880","error":""},"_links":{"self":[{"href":"https:\/\/www.europesays.com\/fr\/wp-json\/wp\/v2\/posts\/527321","targetHints":{"allow":["GET"]}}],"collection":[{"href":"https:\/\/www.europesays.com\/fr\/wp-json\/wp\/v2\/posts"}],"about":[{"href":"https:\/\/www.europesays.com\/fr\/wp-json\/wp\/v2\/types\/post"}],"author":[{"embeddable":true,"href":"https:\/\/www.europesays.com\/fr\/wp-json\/wp\/v2\/users\/2"}],"replies":[{"embeddable":true,"href":"https:\/\/www.europesays.com\/fr\/wp-json\/wp\/v2\/comments?post=527321"}],"version-history":[{"count":0,"href":"https:\/\/www.europesays.com\/fr\/wp-json\/wp\/v2\/posts\/527321\/revisions"}],"wp:featuredmedia":[{"embeddable":true,"href":"https:\/\/www.europesays.com\/fr\/wp-json\/wp\/v2\/media\/527322"}],"wp:attachment":[{"href":"https:\/\/www.europesays.com\/fr\/wp-json\/wp\/v2\/media?parent=527321"}],"wp:term":[{"taxonomy":"category","embeddable":true,"href":"https:\/\/www.europesays.com\/fr\/wp-json\/wp\/v2\/categories?post=527321"},{"taxonomy":"post_tag","embeddable":true,"href":"https:\/\/www.europesays.com\/fr\/wp-json\/wp\/v2\/tags?post=527321"}],"curies":[{"name":"wp","href":"https:\/\/api.w.org\/{rel}","templated":true}]}}