{"id":527325,"date":"2025-11-11T14:43:15","date_gmt":"2025-11-11T14:43:15","guid":{"rendered":"https:\/\/www.europesays.com\/fr\/527325\/"},"modified":"2025-11-11T14:43:15","modified_gmt":"2025-11-11T14:43:15","slug":"sportbreizh-axel-armor-lux-leffectif-2026-actualite","status":"publish","type":"post","link":"https:\/\/www.europesays.com\/fr\/527325\/","title":{"rendered":"SportBreizh Axel Armor-Lux : L&rsquo;effectif 2026 &#8211; Actualit\u00e9"},"content":{"rendered":"<p style=\"text-align: justify;\">SportBreizh Axel Armor-Lux aura un effectif de seize \u00e9l\u00e9ments en 2026. Parmi eux, Owen Musset \u00e9voluera \u00e9galement avec EuroCyclingTrips. \u00c0 noter que la formation bretonne est candidate \u00e0 la N2, et enregistre ainsi sept arriv\u00e9es, notamment Robin Lesn\u00e9 et Damien Bonetto, qui viennent tous les deux de N1.<\/p>\n<p><strong>L&rsquo;effectif 2026 de SportBreizh Axel Armor-Lux :<\/strong><br \/>Samuel Abbott, 18 ans (Shibden Apex Junior RT)<br \/>Louis Allain, 23 ans<br \/>Evann Balcon, 20 ans<br \/>L\u00e9o Boileau, 28 ans<br \/>Damien Bonetto, 24 ans (VC Pays de Loud\u00e9ac)<br \/>Guerlain Conan, 23 ans (GSC Blagnac V\u00e9lo Sport 31)<br \/>Evan Le Guilloux, 18 ans (OC Locmin\u00e9 Junior)<br \/>Alexis Le Gu\u00e9vel, 24 ans<br \/>Julian Le Her, 18 ans (Sportbreizh Axel Armor-Lux U19)<br \/>Robin Lesn\u00e9, 23 ans (Dinan Sport Cycling)<br \/>Shane McKay, 21 ans<br \/>Paul Menke, 20 ans<br \/>Owen Musset, 23 ans<br \/>Maxime Priolet, 28 ans<br \/>Paul Regaudiat, 23 ans<br \/>Noah R\u00e9my, 18 ans (Cyclisme Langueux Tr\u00e9gueux Junior)<\/p>\n<p>Les principaux d\u00e9parts : Tom Amice (VC Avranches), Alan Robert (Dynamic Club Qu\u00e9dillac), Brendan Le Cam.<\/p>\n","protected":false},"excerpt":{"rendered":"SportBreizh Axel Armor-Lux aura un effectif de seize \u00e9l\u00e9ments en 2026. Parmi eux, Owen Musset \u00e9voluera \u00e9galement avec&hellip;\n","protected":false},"author":2,"featured_media":527326,"comment_status":"","ping_status":"","sticky":false,"template":"","format":"standard","meta":{"footnotes":""},"categories":[1411],"tags":[834,828,836,829,837,827,83,826,824,823,1154,207,814,817,815,816,822,821,832,211,839,1011,27,820,818,819,835,831,830,833,838,60,212,208,825],"class_list":{"0":"post-527325","1":"post","2":"type-post","3":"status-publish","4":"format-standard","5":"has-post-thumbnail","7":"category-cyclisme","8":"tag-attaque","9":"tag-belgique","10":"tag-braquet","11":"tag-bretagne","12":"tag-chute","13":"tag-competition","14":"tag-coupe-de-france","15":"tag-coureur","16":"tag-course-cyclisme","17":"tag-course-cycliste","18":"tag-cycling","19":"tag-cyclisme","20":"tag-direct","21":"tag-direct-velo","22":"tag-directvelo","23":"tag-directvelo-com","24":"tag-epreuve","25":"tag-epreuve-cycliste","26":"tag-federation-francaise-de-cyclisme","27":"tag-ffc","28":"tag-flandres","29":"tag-fr","30":"tag-france","31":"tag-live","32":"tag-live-course","33":"tag-live-epreuve","34":"tag-peloton","35":"tag-radio-peloton","36":"tag-radio-tour","37":"tag-ravitaillement","38":"tag-relance","39":"tag-sports","40":"tag-uci","41":"tag-velo","42":"tag-velos"},"share_on_mastodon":{"url":"https:\/\/pubeurope.com\/@fr\/115531599400093521","error":""},"_links":{"self":[{"href":"https:\/\/www.europesays.com\/fr\/wp-json\/wp\/v2\/posts\/527325","targetHints":{"allow":["GET"]}}],"collection":[{"href":"https:\/\/www.europesays.com\/fr\/wp-json\/wp\/v2\/posts"}],"about":[{"href":"https:\/\/www.europesays.com\/fr\/wp-json\/wp\/v2\/types\/post"}],"author":[{"embeddable":true,"href":"https:\/\/www.europesays.com\/fr\/wp-json\/wp\/v2\/users\/2"}],"replies":[{"embeddable":true,"href":"https:\/\/www.europesays.com\/fr\/wp-json\/wp\/v2\/comments?post=527325"}],"version-history":[{"count":0,"href":"https:\/\/www.europesays.com\/fr\/wp-json\/wp\/v2\/posts\/527325\/revisions"}],"wp:featuredmedia":[{"embeddable":true,"href":"https:\/\/www.europesays.com\/fr\/wp-json\/wp\/v2\/media\/527326"}],"wp:attachment":[{"href":"https:\/\/www.europesays.com\/fr\/wp-json\/wp\/v2\/media?parent=527325"}],"wp:term":[{"taxonomy":"category","embeddable":true,"href":"https:\/\/www.europesays.com\/fr\/wp-json\/wp\/v2\/categories?post=527325"},{"taxonomy":"post_tag","embeddable":true,"href":"https:\/\/www.europesays.com\/fr\/wp-json\/wp\/v2\/tags?post=527325"}],"curies":[{"name":"wp","href":"https:\/\/api.w.org\/{rel}","templated":true}]}}