{"id":527328,"date":"2025-11-11T14:45:14","date_gmt":"2025-11-11T14:45:14","guid":{"rendered":"https:\/\/www.europesays.com\/fr\/527328\/"},"modified":"2025-11-11T14:45:14","modified_gmt":"2025-11-11T14:45:14","slug":"cyril-hanouna-proche-de-nicolas-sarkozy","status":"publish","type":"post","link":"https:\/\/www.europesays.com\/fr\/527328\/","title":{"rendered":"Cyril Hanouna proche de Nicolas Sarkozy ? &#8230;"},"content":{"rendered":"<p>EN BREF<\/p>\n<ul class=\"bloc_resume_post_list\">\n<li>Le 10 novembre, Nicolas Sarkozy a quitt\u00e9 la prison de la<br \/>\nSant\u00e9 apr\u00e8s une d\u00e9cision de la cour d\u00a0\u00bbappel de Paris.<\/li>\n<li>L&rsquo;ancien pr\u00e9sident est lib\u00e9r\u00e9 sous contr\u00f4le judiciaire,<br \/>\ninterdit de quitter la France, suite \u00e0 sa condamnation pour<br \/>\nfinancement libyen.<\/li>\n<li>Des personnalit\u00e9s comme Patrick Balkany et Cyril Hanouna<br \/>\nont r\u00e9agi \u00e0 cette lib\u00e9ration, \u00e9voquant int\u00e9grit\u00e9 et<br \/>\nsoutien.<\/li>\n<\/ul>\n<p data-start=\"166\" data-end=\"597\">Lundi 10 novembre dans<br \/>\nl\u2019apr\u00e8s-midi, <strong>Nicolas Sarkozy<\/strong> a quitt\u00e9 la prison<br \/>\nde la Sant\u00e9 pour regagner son domicile, apr\u00e8s que la cour d\u2019appel<br \/>\nde Paris a ordonn\u00e9 sa mise en libert\u00e9. L\u2019ancien pr\u00e9sident,<br \/>\nincarc\u00e9r\u00e9 \u00e0 la suite de sa <strong>condamnation<\/strong> pour<br \/>\nassociation de malfaiteurs dans l\u2019affaire du financement libyen de<br \/>\nsa campagne de 2007, reste d\u00e9sormais soumis \u00e0 un contr\u00f4le<br \/>\njudiciaire qui lui interdit de quitter le territoire fran\u00e7ais.<\/p>\n<p data-start=\"634\" data-end=\"964\">Selon l\u2019arr\u00eat consult\u00e9 par<br \/>\nfranceinfo, la cour<br \/>\nd\u2019appel de Paris a d\u00e9taill\u00e9 les \u00e9l\u00e9ments ayant conduit \u00e0 cette<br \/>\nd\u00e9cision. Le document mentionne des \u00ab\u00a0garanties de<br \/>\nrepr\u00e9sentations\u00a0\u00bb lors du proc\u00e8s en appel, mais aussi un risque<br \/>\nde \u00ab\u00a0pressions\u00a0\u00bb de la part d&rsquo;un pr\u00e9venu dot\u00e9 \u00ab\u00a0d&rsquo;une<br \/>\ncapacit\u00e9 \u00e0 actionner diff\u00e9rents services de l&rsquo;\u00c9tat\u00a0\u00bb. Le sujet a<br \/>\nensuite \u00e9t\u00e9 abord\u00e9 sur <a href=\"https:\/\/www.telestar.fr\/actu_tv\/une-nouvelle-recrue-dans-tbt9-cest-une-tres-celebre-animatrice-qui-na-pas-sa-langue-dans-sa-poche-1744485\" target=\"_blank\" rel=\"noopener\"><br \/>\nTBT9<\/a>, o\u00f9 Cyril<br \/>\nHanouna et Patrick Balkany ont r\u00e9agi \u00e0 la sortie de Nicolas Sarkozy<br \/>\net ont partag\u00e9 son point de vue sur cette d\u00e9cision judiciaire.<\/p>\n<p>Patrick Balkany parle d&rsquo;int\u00e9grit\u00e9<\/p>\n<p data-start=\"132\" data-end=\"627\"><a href=\"https:\/\/www.telestar.fr\/actu_tv\/il-est-tres-solide-les-confidences-de-patrick-balkany-sur-nicolas-sarkozy-1744956\" target=\"_blank\" rel=\"noopener\"><br \/>\nPatrick Balkany<\/a> est revenu sur les accusations et soup\u00e7ons<br \/>\nentourant les finances de Nicolas Sarkozy : \u00ab\u00a0On manquait<br \/>\njamais, il y a suffisamment de gens qui ont aid\u00e9 nos partis pour<br \/>\nfaire les campagnes. On n&rsquo;a jamais eu besoin d&rsquo;aller pleurer \u00e0<br \/>\nl&rsquo;\u00e9tranger. Et quant \u00e0 lui personnellement, il n&rsquo;a jamais eu besoin<br \/>\nd&rsquo;argent. Il a son cabinet, qui travaille depuis des ann\u00e9es, il<br \/>\nfait ses conf\u00e9rences, etc. <strong>C&rsquo;est un gar\u00e7on fonci\u00e8rement<br \/>\nhonn\u00eate<\/strong>\u00ab\u00a0.<\/p>\n<p data-start=\"666\" data-end=\"935\">Il a \u00e9galement tenu \u00e0 clarifier<br \/>\nsa situation personnelle : \u00ab\u00a0J&rsquo;en profite pour dire que moi<br \/>\n<strong>j&rsquo;ai rien d\u00e9tourn\u00e9 non plus<\/strong>, que j&rsquo;ai \u00e9t\u00e9<br \/>\ncondamn\u00e9, tu sais pourquoi ? Pour fraude fiscale sur l&rsquo;argent qui<br \/>\n\u00e9tait depuis la guerre en Suisse. Pas le mien, celui de mon<br \/>\np\u00e8re\u00a0\u00bb.<\/p>\n<p>Cyril Hanouna apporte son soutien \u00e0<br \/>\nNicolas Sarkozy<\/p>\n<p>Apr\u00e8s la mise en libert\u00e9 sous contr\u00f4le judiciaire de Nicolas<br \/>\nSarkozy, Cyril Hanouna a exprim\u00e9 sa joie dans TBT9 le 10 novembre :<br \/>\n\u00ab\u00a0En tout cas bon, voil\u00e0. C&rsquo;est vrai que je ne rentre pas dans<br \/>\nles consid\u00e9rations de ce qui s&rsquo;est pass\u00e9. En tout cas, <strong>je<br \/>\nsuis tellement heureux aujourd&rsquo;hui pour mon ami<\/strong>. Comme je<br \/>\nl&rsquo;ai dit, je ne rentre pas dans la dedans, qui a fait quoi. Mais \u00e7a<br \/>\nreste mon ami, quoi qu&rsquo;il arrive. Nicolas Sarkozy, je suis heureux<br \/>\nque ce soit. Il ait pu retrouver sa famille\u00a0\u00bb, a-t-il<br \/>\nconfi\u00e9.<\/p>\n<p data-start=\"708\" data-end=\"1222\"><a href=\"https:\/\/www.closermag.fr\/people\/giulia-sarkozy-son-amitie-avec-bianca-la-fille-de-cyril-hanouna-3578783\" target=\"_blank\" rel=\"noopener\"><br \/>\nL\u2019animateur a \u00e9galement soulign\u00e9 la solidit\u00e9 de leur lien<\/a> :<br \/>\n\u00ab\u00a0On n&rsquo;a jamais parl\u00e9 de \u00e7a tous les deux. Mais en tout cas, \u00e0<br \/>\nchaque fois que j&rsquo;ai besoin de lui, \u00e0 chaque fois qu&rsquo;il y a quelque<br \/>\nchose autour de moi, <strong>il est toujours l\u00e0 pour me donner des<br \/>\nconseils<\/strong>, pour m&rsquo;appeler. Voil\u00e0, et \u00e7a restera mon ami<br \/>\nquoi qu&rsquo;il arrive. Et c&rsquo;est des amis comme \u00e7a, il n&rsquo;y en a pas<br \/>\nbeaucoup. C&rsquo;est quelqu&rsquo;un sur qui on peut compter \u00e0 tout<br \/>\nmoment\u00a0\u00bb.<\/p>\n","protected":false},"excerpt":{"rendered":"EN BREF Le 10 novembre, Nicolas Sarkozy a quitt\u00e9 la prison de la Sant\u00e9 apr\u00e8s une d\u00e9cision de&hellip;\n","protected":false},"author":2,"featured_media":527329,"comment_status":"","ping_status":"","sticky":false,"template":"","format":"standard","meta":{"footnotes":""},"categories":[1359],"tags":[548,1083,58,59,1011,27,3091,973],"class_list":{"0":"post-527328","1":"post","2":"type-post","3":"status-publish","4":"format-standard","5":"has-post-thumbnail","7":"category-people","8":"tag-article-simple","9":"tag-cyril-hanouna","10":"tag-divertissement","11":"tag-entertainment","12":"tag-fr","13":"tag-france","14":"tag-nicolas-sarkozy","15":"tag-people"},"share_on_mastodon":{"url":"https:\/\/pubeurope.com\/@fr\/115531607436403180","error":""},"_links":{"self":[{"href":"https:\/\/www.europesays.com\/fr\/wp-json\/wp\/v2\/posts\/527328","targetHints":{"allow":["GET"]}}],"collection":[{"href":"https:\/\/www.europesays.com\/fr\/wp-json\/wp\/v2\/posts"}],"about":[{"href":"https:\/\/www.europesays.com\/fr\/wp-json\/wp\/v2\/types\/post"}],"author":[{"embeddable":true,"href":"https:\/\/www.europesays.com\/fr\/wp-json\/wp\/v2\/users\/2"}],"replies":[{"embeddable":true,"href":"https:\/\/www.europesays.com\/fr\/wp-json\/wp\/v2\/comments?post=527328"}],"version-history":[{"count":0,"href":"https:\/\/www.europesays.com\/fr\/wp-json\/wp\/v2\/posts\/527328\/revisions"}],"wp:featuredmedia":[{"embeddable":true,"href":"https:\/\/www.europesays.com\/fr\/wp-json\/wp\/v2\/media\/527329"}],"wp:attachment":[{"href":"https:\/\/www.europesays.com\/fr\/wp-json\/wp\/v2\/media?parent=527328"}],"wp:term":[{"taxonomy":"category","embeddable":true,"href":"https:\/\/www.europesays.com\/fr\/wp-json\/wp\/v2\/categories?post=527328"},{"taxonomy":"post_tag","embeddable":true,"href":"https:\/\/www.europesays.com\/fr\/wp-json\/wp\/v2\/tags?post=527328"}],"curies":[{"name":"wp","href":"https:\/\/api.w.org\/{rel}","templated":true}]}}