{"id":527334,"date":"2025-11-11T14:49:12","date_gmt":"2025-11-11T14:49:12","guid":{"rendered":"https:\/\/www.europesays.com\/fr\/527334\/"},"modified":"2025-11-11T14:49:12","modified_gmt":"2025-11-11T14:49:12","slug":"jean-jacques-goldman-ecrit-aux-francais-pour-le-11-novembre","status":"publish","type":"post","link":"https:\/\/www.europesays.com\/fr\/527334\/","title":{"rendered":"Jean-Jacques Goldman \u00e9crit aux Fran\u00e7ais pour le 11-novembre"},"content":{"rendered":"<p>        <img decoding=\"async\" loading=\"lazy\" src=\"https:\/\/www.europesays.com\/fr\/wp-content\/uploads\/2025\/11\/5d5a92d_upload-1-wi8g19vy0q6m-afp-20240108-hl-nguyonnet-2253964-v1-highres-franceculturemusicconcert.jpeg\"  width=\"728\" height=\"410\" alt=\"Jean Jacques Goldman, ici lors d\u2019un concert des enfoir\u00e9s \u00e0 Montpellier, le 31\u00a0janvier 2011.\"\/>  <\/p>\n<p>NICOLAS GUYONNET \/ Hans Lucas via AFP<\/p>\n<p>Jean Jacques Goldman, ici lors d\u2019un concert des enfoir\u00e9s \u00e0 Montpellier, le 31\u00a0janvier 2011.<\/p>\n<p>      <strong>EN BREF<\/strong> <strong>\u2022 <\/strong>D\u2019ordinaire discret, Jean-Jacques Goldman est sorti de sa r\u00e9serve \u00e0 l\u2019occasion des c\u00e9r\u00e9monies du 11-Novembre.<br \/><strong>\u2022 <\/strong>Le chanteur, ambassadeur du Bleuet de France, a \u00e9crit aux Fran\u00e7ais pour dire l\u2019importance de soutenir les arm\u00e9es et les forces de s\u00e9curit\u00e9.<br \/>\n<br \/><strong>\u2022 <\/strong>Le Bleuet de France, similaire au poppy britannique, aide les anciens combattants, victimes de guerre et terrorisme, et promeut la m\u00e9moire.                         <\/p>\n<p class=\"asset asset-text\">11-NOVEMBRE &#8211; \u00c0 l\u2019occasion de ce jour f\u00e9ri\u00e9 du 11\u00a0novembre, <a href=\"https:\/\/www.huffingtonpost.fr\/culture\/article\/celine-dion-raconte-d-eux-jean-jacques-goldman-n-a-rien-laisse-au-hasard-pour-que-cet-album-soit-un-carton_254345.html\" target=\"_blank\" rel=\"noopener\">Jean-Jacques Goldman<\/a> s\u2019est adress\u00e9 aux Fran\u00e7ais. Tr\u00e8s rarement pr\u00e9sent dans les m\u00e9dias, le chanteur a fait une exception \u00e0 sa discr\u00e9tion en couchant couch\u00e9 quelques lignes pour l\u2019occasion, lui qui est ambassadeur du <a href=\"https:\/\/www.huffingtonpost.fr\/politique\/article\/11-novembre-le-bleuet-de-france-cette-fleur-symbole-qui-refleurit-a-chaque-commemoration_225608.html\" target=\"_blank\" rel=\"noopener\">Bleuet de France<\/a>, qui c\u00e9l\u00e8bre son centenaire en 2025.<\/p>\n<p class=\"asset asset-text\">Le Bleuet de France est une association qui vient en aide aux anciens combattants et \u00e0 leurs familles, ainsi qu\u2019aux victimes du terrorisme.<\/p>\n<p class=\"asset asset-text\">\u00ab\u00a0Nous avons peut-\u00eatre eu tendance \u00e0 l\u2019oublier, mais l\u2019actualit\u00e9 nous le rappelle dramatiquement chaque jour. Il me semblait important de montrer notre reconnaissance envers nos arm\u00e9es, ses bless\u00e9s et plus g\u00e9n\u00e9ralement avec toutes les forces de s\u00e9curit\u00e9 qui nous prot\u00e8gent au quotidien. Je suis heureux et fier de pouvoir aider le Bleuet de France, qui accompagne ceux qui nous prot\u00e8gent et leurs familles\u00a0\u00bb, \u00e9crit le chanteur de 74\u00a0ans dans une note manuscrite <a href=\"https:\/\/www.franceinfo.fr\/societe\/guerre-de-14-18\/11-novembre\/document-pas-de-paix-sans-gardien-ni-liberte-sans-soldat-a-l-occasion-des-commemorations-du-11-novembre-jean-jacques-goldman-adresse-un-message-aux-francais_7609268.html\" target=\"_blank\" rel=\"noopener\" title=\"Nouvelle fen\u00eatre\">dont a eu connaissance franceinfo<\/a>.<\/p>\n<p>                     \u00ab\u00a0On sera l\u00e0\u00a0\u00bb    <\/p>\n<p class=\"asset asset-text\">Plus t\u00f4t dans l\u2019ann\u00e9e, une chanson \u00e9crite et compos\u00e9e par\u00a0Jean-Jacques Goldman\u00a0\u00e9tait sortie. Le titre, <a href=\"https:\/\/www.huffingtonpost.fr\/culture\/article\/on-sera-la-la-nouvelle-chanson-de-jean-jacques-goldman-pour-le-bleuet-de-france-est-disponible_248693.html\" target=\"_blank\" rel=\"noopener\">intitul\u00e9\u00a0On sera l\u00e0<\/a>, est chant\u00e9 par les anciens gendarmes Elo\u00efz et Yvard, tous deux li\u00e9s au\u00a0Bleuet de France.<\/p>\n<p class=\"asset asset-text\">D\u00e9voil\u00e9e pour la premi\u00e8re fois lors du concert caritatif Sentinelles\u00a0d\u2019un soir en avril \u00e0 la salle Pleyel \u00e0\u00a0Paris, lors d\u2019un \u00e9v\u00e9nement au profit des\u00a0anciens combattants, des victimes de guerre et du terrorisme et des pupilles de la nation, la chanson est d\u00e9sormais accompagn\u00e9s d\u2019un clip (<strong>\u00e0 voir ci-dessous<\/strong>).<\/p>\n<p> La lecture de ce contenu est susceptible d\u2019entra\u00eener un d\u00e9p\u00f4t de cookies de la part de l\u2019op\u00e9rateur tiers qui l\u2019h\u00e9berge. Compte-tenu des choix que vous avez exprim\u00e9s en mati\u00e8re de d\u00e9p\u00f4t de cookies, nous avons bloqu\u00e9 l\u2019affichage de ce contenu. Si vous souhaitez y acc\u00e9der, vous devez accepter la cat\u00e9gorie de cookies \u201cContenus tiers\u201d en cliquant sur le bouton ci-dessous. <\/p>\n<p> Lire la Vid\u00e9o              <\/p>\n<p class=\"asset asset-text\">D\u00e9voil\u00e9es \u00e0 l\u2019occasion de ce 11-Novembre, ces images sont un hommage \u00ab\u00a0discret et puissant \u00e0 ceux qui restent\u00a0\u00bb, victimes civiles et militaires des conflits arm\u00e9s, selon le Bleuet de France.<\/p>\n<p>                     Le Bleuet de France comme le poppy britannique    <\/p>\n<p class=\"asset asset-text\">Le Bleuet de France est une \u0153uvre caritative longtemps rattach\u00e9e au minist\u00e8re des Arm\u00e9es qui a deux missions essentielles ax\u00e9es autour de la solidarit\u00e9 et de la transmission de la m\u00e9moire\u00a0:<\/p>\n<ul class=\"asset asset-bulletedList\">\n<li>Une aide mat\u00e9rielle et financi\u00e8re pour les bless\u00e9s de guerre (mais aussi les victimes du terrorisme) et les proches des familles. Les \u00e9tudes de certains pupilles de la nation sont ainsi prises en charge par l\u2019institution.<\/li>\n<li>Le soutien \u00e0 des projets culturels et p\u00e9dagogiques qui valorisent l\u2019histoire et la m\u00e9moire avec l\u2019objectif de promouvoir les valeurs de citoyennet\u00e9.<\/li>\n<\/ul>\n<p class=\"asset asset-text\">Ce symbole remonte aux ann\u00e9es 20. Certains pensionnaires des Invalides (h\u00f4pital militaire) \u00e9taient invit\u00e9s \u00e0 confectionner des bleuets en tissu et \u00e0 les vendre pour s\u2019occuper et trouver une source de revenus nouvelle. Cette fleur avait \u00e9t\u00e9 choisie pour trois raisons\u00a0:<\/p>\n<ul class=\"asset asset-bulletedList\">\n<li>Elle rappelait la couleur bleu horizon du costume port\u00e9 par les jeunes recrues (baptis\u00e9es \u00ab\u00a0bleuets\u00a0\u00bb) qui rejoignaient les poilus sur le front.<\/li>\n<li>C\u2019\u00e9tait la seule note color\u00e9e dans les tranch\u00e9es boueuses du front car elle parvenait \u00e0 y pousser.<\/li>\n<li>Elle symbolise aussi le bleu du drapeau tricolore.<\/li>\n<\/ul>\n<p class=\"asset asset-text\">Cette op\u00e9ration qui se d\u00e9veloppe chaque ann\u00e9e un peu plus en France rappelle celle qui est devenue une tradition outre-Manche. Au Royaume-Uni, c\u2019est un coquelicot (\u00ab\u00a0poppy\u00a0\u00bb, en anglais) qui est port\u00e9 r\u00e9guli\u00e8rement au d\u00e9but du mois de novembre, y compris par les membres de la famille royale pour promouvoir les appels au don en faveur des v\u00e9t\u00e9rans et de leur famille.<\/p>\n","protected":false},"excerpt":{"rendered":"NICOLAS GUYONNET \/ Hans Lucas via AFP Jean Jacques Goldman, ici lors d\u2019un concert des enfoir\u00e9s \u00e0 Montpellier,&hellip;\n","protected":false},"author":2,"featured_media":527335,"comment_status":"","ping_status":"","sticky":false,"template":"","format":"standard","meta":{"footnotes":""},"categories":[1355],"tags":[10914,251,58,59,1011,27,7195,1361,873],"class_list":{"0":"post-527334","1":"post","2":"type-post","3":"status-publish","4":"format-standard","5":"has-post-thumbnail","7":"category-musique","8":"tag-11-novembre","9":"tag-culture","10":"tag-divertissement","11":"tag-entertainment","12":"tag-fr","13":"tag-france","14":"tag-jean-jacques-goldman","15":"tag-music","16":"tag-musique"},"share_on_mastodon":{"url":"https:\/\/pubeurope.com\/@fr\/115531623460023521","error":""},"_links":{"self":[{"href":"https:\/\/www.europesays.com\/fr\/wp-json\/wp\/v2\/posts\/527334","targetHints":{"allow":["GET"]}}],"collection":[{"href":"https:\/\/www.europesays.com\/fr\/wp-json\/wp\/v2\/posts"}],"about":[{"href":"https:\/\/www.europesays.com\/fr\/wp-json\/wp\/v2\/types\/post"}],"author":[{"embeddable":true,"href":"https:\/\/www.europesays.com\/fr\/wp-json\/wp\/v2\/users\/2"}],"replies":[{"embeddable":true,"href":"https:\/\/www.europesays.com\/fr\/wp-json\/wp\/v2\/comments?post=527334"}],"version-history":[{"count":0,"href":"https:\/\/www.europesays.com\/fr\/wp-json\/wp\/v2\/posts\/527334\/revisions"}],"wp:featuredmedia":[{"embeddable":true,"href":"https:\/\/www.europesays.com\/fr\/wp-json\/wp\/v2\/media\/527335"}],"wp:attachment":[{"href":"https:\/\/www.europesays.com\/fr\/wp-json\/wp\/v2\/media?parent=527334"}],"wp:term":[{"taxonomy":"category","embeddable":true,"href":"https:\/\/www.europesays.com\/fr\/wp-json\/wp\/v2\/categories?post=527334"},{"taxonomy":"post_tag","embeddable":true,"href":"https:\/\/www.europesays.com\/fr\/wp-json\/wp\/v2\/tags?post=527334"}],"curies":[{"name":"wp","href":"https:\/\/api.w.org\/{rel}","templated":true}]}}