{"id":527356,"date":"2025-11-11T15:02:22","date_gmt":"2025-11-11T15:02:22","guid":{"rendered":"https:\/\/www.europesays.com\/fr\/527356\/"},"modified":"2025-11-11T15:02:22","modified_gmt":"2025-11-11T15:02:22","slug":"decouvrez-les-villages-annonces-pour-2025","status":"publish","type":"post","link":"https:\/\/www.europesays.com\/fr\/527356\/","title":{"rendered":"d\u00e9couvrez les villages annonc\u00e9s pour 2025"},"content":{"rendered":"<p>            Par<br \/>\n        <strong><br \/>\n            <a href=\"https:\/\/actu.fr\/auteur\/amandine-mehl\" title=\"Consulter tous les articles de Amandine Mehl\" target=\"_blank\" rel=\"noopener\">Amandine Mehl<\/a><br \/>\n        <\/strong><\/p>\n<p>        Publi\u00e9 le<\/p>\n<p>            11 nov. 2025 \u00e0 15h32        <\/p>\n<p>Du 21\u00a0novembre 2025 au 4\u00a0janvier 2026, <strong>Nancy<\/strong> vibrera au rythme des F\u00eates de <a href=\"https:\/\/actu.fr\/tag\/saint-nicolas\" target=\"_blank\" rel=\"noopener\">Saint-Nicolas<\/a>. Parmi les animations propos\u00e9es, le public retrouvera <strong>les diff\u00e9rents villages<\/strong> diss\u00e9min\u00e9s dans les rues de la cit\u00e9 ducale.<\/p>\n<p class=\" wall-content\">Voici la liste.<\/p>\n<p>Le Grand village de Saint-Nicolas<\/p>\n<p class=\" wall-content\">On commence par le <a href=\"https:\/\/actu.fr\/grand-est\/nancy_54395\/grand-village-de-saint-nicolas-a-nancy-de-nouveaux-horaires-annonces-pour-2025_63395946.html\" target=\"_blank\" rel=\"noopener\">Grand village de Saint-Nicolas<\/a>, install\u00e9 <strong>place Charles III<\/strong>. Organis\u00e9 par l\u2019association de commer\u00e7ants Les Vitrines de Nancy, il mettra en avant <strong>65 chalets<\/strong> dont 60\u2009% seront occup\u00e9s par des artisans.<\/p>\n<p class=\" wall-content\">Inaugur\u00e9 le 21\u00a0novembre \u00e0 18h45, il proposera <strong>diff\u00e9rentes animations<\/strong> tout au long des festivit\u00e9s.<\/p>\n<p class=\" wall-content\">Le Grand village de Saint-Nicolas sera <strong>ouvert<\/strong> de 10h \u00e0 20h le dimanche, de 12h \u00e0 20h le lundi, de 11h \u00e0 20h du mardi au jeudi et chaque vendredi et samedi de 10h \u00e0 21h. Il <strong>fermera<\/strong> \u00e0 17h le 24\u00a0d\u00e9cembre et sera ferm\u00e9 le 25.<\/p>\n<p>La Place des merveilles<\/p>\n<p class=\" wall-content\">On fait le <strong>plein de surprises<\/strong> du c\u00f4t\u00e9 de la <strong>place de la Carri\u00e8re<\/strong> avec <strong>la Place des merveilles<\/strong>. Outre le retour de la <strong>grande roue<\/strong> et des <strong>diff\u00e9rents chalets gourmands<\/strong> qui l\u2019accompagnent, le public appr\u00e9ciera le retour d\u2019une <a href=\"https:\/\/actu.fr\/grand-est\/nancy_54395\/fetes-de-saint-nicolas-2025-a-nancy-une-patinoire-en-glace-naturelle-va-faire-son-retour-voici-ou_63410637.html\" target=\"_blank\" rel=\"noopener\">patinoire en glace naturelle<\/a>.<\/p>\n<p>Votre r\u00e9gion, votre actu !<\/p>\n<p>Recevez chaque jour les infos qui comptent pour vous.<\/p>\n<p>\t<a href=\"https:\/\/actu.fr\/newsletter\" class=\"ac-btn ac-btn--corner ac-btn--medium ac-btn--blue800\" target=\"_blank\" rel=\"noopener\">S&rsquo;incrire<\/a><\/p>\n<p class=\" wall-content\">Sans oublier l\u2019arriv\u00e9e d\u2019<a href=\"https:\/\/actu.fr\/grand-est\/nancy_54395\/exclusif-un-tout-nouveau-village-a-l-etude-pour-les-fetes-de-saint-nicolas-2025-a-nancy_63164407.html\" target=\"_blank\" rel=\"noopener\">un tout nouveau village<\/a>, devant le palais du gouvernement, intitul\u00e9 le <strong>Village du gouverneur<\/strong>. Un rendez-vous \u00e0 ne pas manquer si vous souhaitez d\u00e9nicher des cadeaux originaux et faits main.<\/p>\n<p class=\" wall-content\">La Place des merveilles sera <strong>ouverte<\/strong> du dimanche au mercredi de 11h \u00e0 22h et du jeudi au samedi de 11h \u00e0 22h. <strong>Fermeture<\/strong> annonc\u00e9e les lundis hors vacances scolaires, le 25\u00a0d\u00e9cembre et le 1\u1d49\u02b3 janvier.<\/p>\n<p>Le Hameau gourmand de Saint-Nicolas<\/p>\n<p class=\" wall-content\">Les gourmands sont attendus place Vaud\u00e9mont, au <strong>Hameau gourmand de Saint-Nicolas<\/strong>, o\u00f9 ils trouveront<strong> huit chalets<\/strong> port\u00e9s par l\u2019association Le Grenier de Callot.<\/p>\n<p class=\" wall-content\">Que ce soit sur place ou \u00e0 emporter, tous proposeront de quoi se <strong>restaurer<\/strong>.<\/p>\n<p class=\" wall-content\">Le Hameau gourmand de Saint-Nicolas sera <strong>ouvert<\/strong> les mercredis et jeudi de 16h \u00e0 22h, les vendredis et samedis de 12h \u00e0 23h et les dimanches de 12h \u00e0 21h. Il sera <strong>ferm\u00e9<\/strong> les lundis, mardis, les 24, 25, 31\u00a0d\u00e9cembre et 1\u1d49\u02b3 janvier. Deux <strong>ouvertures exceptionnelles<\/strong> sont fix\u00e9es les mardis 23 et 30\u00a0d\u00e9cembre.<\/p>\n<p>Le Hameau gourmand de la Craffe<\/p>\n<p class=\" wall-content\">L\u00e0 encore, les <strong>gourmands<\/strong> y trouveront leur compte\u2009! <strong>Porte de la Craffe<\/strong>, le <strong>Hameau gourmand de la Craffe<\/strong>, port\u00e9 par les restaurants Carte Blanche et Le Vivier, offrira une \u00ab<strong>\u2009parenth\u00e8se enchant\u00e9e hautement raffin\u00e9e<\/strong>\u2009\u00bb.<\/p>\n<p class=\" wall-content\">Au programme\u2009: des produits en circuit court, des produits du terroir qui se d\u00e9gustent sur place ou \u00e0 emporter et une <strong>ambiance d\u00e9licatement soign\u00e9e<\/strong>.<\/p>\n<p class=\" wall-content\">Le Hameau gourmand de la Craffe sera <strong>ouvert<\/strong> du mardi au jeudi de 16h \u00e0 22h et du vendredi au dimanche de 12h \u00e0 22h. Il <strong>fermera<\/strong> ses portes les lundis, mais aussi les 24, 25, 31\u00a0d\u00e9cembre et le 1er\u00a0janvier.<\/p>\n<p>Le Hameau des fondues festives<\/p>\n<p class=\" wall-content\">Les <strong>amateurs de fromages<\/strong> appr\u00e9cieront. <strong>Place Saint-Epvre<\/strong>, le <strong>Hameau des fondues festives<\/strong>, imagin\u00e9 par les \u00e9quipes du Petit Bodiem et du Speakeasy, \u00ab\u2009r\u00e9invente l\u2019art de cocooner pour le plaisir\u2009\u00bb.<\/p>\n<p class=\" wall-content\">Un <strong>refuge id\u00e9al<\/strong> o\u00f9 passer l\u2019hiver\u2009!<\/p>\n<p class=\" wall-content\">Le Hameau des fondues festives sera <strong>ouvert<\/strong> le mardi, mercredi, jeudi et dimanche de 12h \u00e0 21h et les vendredis et samedis de 12h \u00e0 22h. <strong>Fermeture<\/strong> les lundis, le 25\u00a0d\u00e9cembre et le 1er\u00a0janvier. <strong>Ouverture exceptionnelle<\/strong> jusqu\u2019\u00e0 18h les 24 et 31\u00a0d\u00e9cembre.<\/p>\n<p>Le Petit hameau de Nico et Mouja<\/p>\n<p class=\" wall-content\"><strong>Rue du Pont Mouja<\/strong>, le <strong>Petit hameau de Nico et Mouja<\/strong> revient pour une seconde \u00e9dition et avec <strong>un chalet suppl\u00e9mentaire<\/strong>.<\/p>\n<p class=\" wall-content\">Au menu\u2009: hu\u00eetres, vins chauds, soupes, cr\u00eapes, paninis ou encore sp\u00e9cialit\u00e9s asiatiques.<\/p>\n<p class=\" wall-content\">Le Petit hameau de Nico et Mouja sera <strong>ouvert<\/strong> du lundi au dimanche de 11h \u00e0 21h. Il sera <strong>ferm\u00e9<\/strong> le 25\u00a0d\u00e9cembre et le 1er\u00a0janvier. <strong>Ouverture exceptionnelle<\/strong> jusqu\u2019\u00e0 18h les 24 et 31\u00a0d\u00e9cembre.<\/p>\n<p>Un march\u00e9 de cr\u00e9ateurs et artisans locaux<\/p>\n<p class=\" wall-content\">Pour celles et ceux qui en veulent encore\u2009: <strong>rendez-vous les 22 et 23\u00a0novembre<\/strong>, de 10h \u00e0 18h, <strong>sous l\u2019Arc H\u00e9r\u00e9<\/strong>.<\/p>\n<p class=\" wall-content\">Durant ces deux jours, l\u2019association m\u00e9tiers d\u2019art fran\u00e7ais organise un<strong> march\u00e9 de cr\u00e9ateurs et artisans locaux<\/strong>. L\u2019occasion, l\u00e0 encore, de faire le plein d\u2019id\u00e9es pour les cadeaux.<\/p>\n<p class=\" wall-content\">Personnalisez votre actualit\u00e9 en ajoutant vos villes et m\u00e9dias en favori avec <a href=\"https:\/\/moncompte.actu.fr\" title=\"D\u00e9couvez Mon Actu\" rel=\"nofollow noopener\" data-trk=\"{&quot;cta&quot;:{&quot;action&quot;:&quot;https:\\\/\\\/moncompte.actu.fr&quot;,&quot;category&quot;:&quot;mon compte&quot;,&quot;from&quot;:&quot;article footer&quot;,&quot;name&quot;:&quot;Mon actu&quot;,&quot;type&quot;:&quot;cta&quot;}}\" target=\"_blank\">Mon Actu<\/a>.<\/p>\n","protected":false},"excerpt":{"rendered":"Par Amandine Mehl Publi\u00e9 le 11 nov. 2025 \u00e0 15h32 Du 21\u00a0novembre 2025 au 4\u00a0janvier 2026, Nancy vibrera&hellip;\n","protected":false},"author":2,"featured_media":527357,"comment_status":"","ping_status":"","sticky":false,"template":"","format":"standard","meta":{"footnotes":""},"categories":[9635],"tags":[1111,11,1777,674,1011,27,775,1702,12,25,14334,104],"class_list":{"0":"post-527356","1":"post","2":"type-post","3":"status-publish","4":"format-standard","5":"has-post-thumbnail","7":"category-nancy","8":"tag-actu","9":"tag-actualites","10":"tag-eu","11":"tag-europe","12":"tag-fr","13":"tag-france","14":"tag-grand-est","15":"tag-nancy","16":"tag-news","17":"tag-republique-francaise","18":"tag-saint-nicolas","19":"tag-societe"},"share_on_mastodon":{"url":"https:\/\/pubeurope.com\/@fr\/115531674230653379","error":""},"_links":{"self":[{"href":"https:\/\/www.europesays.com\/fr\/wp-json\/wp\/v2\/posts\/527356","targetHints":{"allow":["GET"]}}],"collection":[{"href":"https:\/\/www.europesays.com\/fr\/wp-json\/wp\/v2\/posts"}],"about":[{"href":"https:\/\/www.europesays.com\/fr\/wp-json\/wp\/v2\/types\/post"}],"author":[{"embeddable":true,"href":"https:\/\/www.europesays.com\/fr\/wp-json\/wp\/v2\/users\/2"}],"replies":[{"embeddable":true,"href":"https:\/\/www.europesays.com\/fr\/wp-json\/wp\/v2\/comments?post=527356"}],"version-history":[{"count":0,"href":"https:\/\/www.europesays.com\/fr\/wp-json\/wp\/v2\/posts\/527356\/revisions"}],"wp:featuredmedia":[{"embeddable":true,"href":"https:\/\/www.europesays.com\/fr\/wp-json\/wp\/v2\/media\/527357"}],"wp:attachment":[{"href":"https:\/\/www.europesays.com\/fr\/wp-json\/wp\/v2\/media?parent=527356"}],"wp:term":[{"taxonomy":"category","embeddable":true,"href":"https:\/\/www.europesays.com\/fr\/wp-json\/wp\/v2\/categories?post=527356"},{"taxonomy":"post_tag","embeddable":true,"href":"https:\/\/www.europesays.com\/fr\/wp-json\/wp\/v2\/tags?post=527356"}],"curies":[{"name":"wp","href":"https:\/\/api.w.org\/{rel}","templated":true}]}}