{"id":527358,"date":"2025-11-11T15:03:28","date_gmt":"2025-11-11T15:03:28","guid":{"rendered":"https:\/\/www.europesays.com\/fr\/527358\/"},"modified":"2025-11-11T15:03:28","modified_gmt":"2025-11-11T15:03:28","slug":"photos-les-ceremonies-du-11-novembre-dans-la-banlieue-sud-de-nancy","status":"publish","type":"post","link":"https:\/\/www.europesays.com\/fr\/527358\/","title":{"rendered":"Photos. Les c\u00e9r\u00e9monies du 11-Novembre dans la banlieue sud de Nancy"},"content":{"rendered":"<p>&#13;<br \/>\n              L&rsquo;Est R\u00e9publicain  &#8211; &#13;<br \/>\n        &#13;<br \/>\n          Aujourd&rsquo;hui \u00e0 15:03&#13;<br \/>\n    &#13;<br \/>\n                  | mis \u00e0 jour aujourd&rsquo;hui \u00e0 15:40&#13;<br \/>\n              &#8211; Temps de lecture : &#13;<br \/>\n  &#13;\n<\/p>\n<ul class=\"galerieContent carousel-wrapper__slides\" id=\"caabc8f2-3baf-4394-91dd-d11c9b7be9a6\">        &#13;<\/p>\n<li class=\"carousel-wrapper__slides--slide item\" id=\"slide-1\">&#13;<br \/>\n                                    &#13;<br \/>\n                        <a class=\"chocolat-image GA-tracking\" data-ga_type=\"click\" data-ga_category=\"D\u00e9tail\" data-ga_action=\"zoomer\" data-ga_label=\"aggrandir image\" href=\"https:\/\/cdn-s-www.estrepublicain.fr\/images\/7EE1D058-D854-4803-B853-2E18B8DCE783\/NW_raw\/bainville-sur-madon-c-etait-la-premiere-ceremonie-du-souvenir-pour-le-nouveau-porte-drapeau-pompier-volontaire-noe-altewey-age-de-19-ans-a-accepte-cette-mission-monsieur-gervais-bourion-dernier-ancien-combattant-de-la-section-locale-se-rejouit-de-voir-des-jeunes-reprendre-le-flambeau-faute-d-adherents-l-association-a-du-cesser-ses-activites-les-6-anciens-membres-restant-adherents-a-la-section-departementale-1762870005.jpg\" title=\"Bainville-sur-Madon. C&#039;\u00e9tait la premi\u00e8re c\u00e9r\u00e9monie du souvenir pour le nouveau porte-drapeau. Pompier volontaire, No\u00e9 Altewey, \u00e2g\u00e9 de 19 ans a accept\u00e9 cette mission. Monsieur Gervais Bourion, dernier ancien combattant de la section locale se r\u00e9jouit de voir des jeunes reprendre le flambeau. Faute d&#039;adh\u00e9rents, l&#039;association a d\u00fb cesser ses activit\u00e9s, les 6 anciens membres restant adh\u00e9rents \u00e0 la section d\u00e9partementale.\" target=\"_blank\" rel=\"noopener\">&#13;<br \/>\n                            <img decoding=\"async\" src=\"https:\/\/www.europesays.com\/fr\/wp-content\/uploads\/2025\/11\/bainville-sur-madon-c-etait-la-premiere-ceremonie-du-souvenir-pour-le-nouveau-porte-drapeau-pompier-.jpeg\"   alt=\"Bainville-sur-Madon. C'\u00e9tait la premi\u00e8re c\u00e9r\u00e9monie du souvenir pour le nouveau porte-drapeau. Pompier volontaire, No\u00e9 Altewey, \u00e2g\u00e9 de 19 ans a accept\u00e9 cette mission. Monsieur Gervais Bourion, dernier ancien combattant de la section locale se r\u00e9jouit de voir des jeunes reprendre le flambeau. Faute d'adh\u00e9rents, l'association a d\u00fb cesser ses activit\u00e9s, les 6 anciens membres restant adh\u00e9rents \u00e0 la section d\u00e9partementale.\" fetchpriority=\"high\" data-mobile=\"NW_detail_M|1762870005\" data-base=\"NW_detail|1762870005\"\/>&#13;<br \/>\n                        <\/a>&#13;<\/p>\n<p>Bainville-sur-Madon. C&rsquo;\u00e9tait la premi\u00e8re c\u00e9r\u00e9monie du souvenir pour le nouveau porte-drapeau. Pompier volontaire, No\u00e9 Altewey, \u00e2g\u00e9 de 19 ans a accept\u00e9 cette mission. Monsieur Gervais Bourion, dernier ancien combattant de la section locale se r\u00e9jouit de voir des jeunes reprendre le flambeau. Faute d&rsquo;adh\u00e9rents, l&rsquo;association a d\u00fb cesser ses activit\u00e9s, les 6 anciens membres restant adh\u00e9rents \u00e0 la section d\u00e9partementale.<\/p>\n<p>                        &#13;<br \/>\n                                           &#13;\n                <\/li>\n<p>&#13;<br \/>\n            &#13;<\/p>\n<li class=\"carousel-wrapper__slides--slide item slideWithPub\" id=\"slide-2\">&#13;<br \/>\n                        &#13;<br \/>\n                            <a class=\"chocolat-image\" title=\"Publicit\u00e9\" href=\"data:image\/gif;base64,R0lGODlhAQABAAD\/ACwAAAAAAQABAAACADs=\">&#13;<br \/>\n                                <img decoding=\"async\" src=\"data:image\/gif;base64,R0lGODlhAQABAAD\/ACwAAAAAAQABAAACADs=\" alt=\"Publicit\u00e9\" loading=\"lazy\" fetchpriority=\"low\"\/>&#13;<br \/>\n                            <\/a>&#13;<br \/>\n                        &#13;\n                    <\/li>\n<p>&#13;<\/p>\n<li class=\"carousel-wrapper__slides--slide item\" id=\"slide-3\">&#13;<br \/>\n                                    &#13;<br \/>\n                        <a class=\"chocolat-image GA-tracking\" data-ga_type=\"click\" data-ga_category=\"D\u00e9tail\" data-ga_action=\"zoomer\" data-ga_label=\"aggrandir image\" href=\"https:\/\/cdn-s-www.estrepublicain.fr\/images\/D2A1355F-E5F7-4736-ADCC-E6D77BA2152B\/NW_raw\/richardmenil-et-flavigny-sur-moselle-les-enfants-de-l-ecole-accompagnes-de-leurs-enseignantes-du-conseil-municipal-des-jeunes-et-des-jeunes-porte-drapeaux-ont-participe-activement-a-cette-ceremonie-temoignant-de-leur-profond-attachement-au-devoir-de-memoire-xavier-boussert-maire-de-richardmenil-a-lu-le-message-de-sebastien-lecornu-ministre-des-armees-puis-avec-marcel-tedesco-maire-de-flavigny-et-lison-maire-du-cmj-a-depose-une-gerbe-au-pied-du-monument-aux-morts-en-presence-de-christian-bourgaux-president-des-anciens-combattants-et-du-souvenir-francais-et-de-jocelyn-lamielle-president-des-jeunes-porte-drapeaux-les-pompiers-de-la-commune-ont-honore-l-evenement-de-leur-presence-tandis-que-l-harmonie-bulles-musicales-assurait-la-partie-musicale-de-cette-celebration-devant-un-nombreux-public-1762870139.jpg\" title=\"Richardm\u00e9nil et Flavigny-sur-Moselle. Les enfants de l&#039;\u00e9cole, accompagn\u00e9s de leurs enseignantes, du conseil municipal des jeunes et des jeunes porte-drapeaux, ont particip\u00e9 activement \u00e0 cette c\u00e9r\u00e9monie, t\u00e9moignant de leur profond attachement au devoir de m\u00e9moire. Xavier Boussert, maire de Richardm\u00e9nil a lu le message de S\u00e9bastien Lecornu, ministre des Arm\u00e9es, puis, avec Marcel Tedesco, maire de Flavigny, et Lison, maire du CMJ, a d\u00e9pos\u00e9 une gerbe au pied du monument aux morts en pr\u00e9sence de Christian Bourgaux, pr\u00e9sident des anciens combattants et du Souvenir fran\u00e7ais, et de Jocelyn Lamielle, pr\u00e9sident des jeunes porte-drapeaux. Les pompiers de la commune ont honor\u00e9 l&#039;\u00e9v\u00e9nement de leur pr\u00e9sence, tandis que l&#039;harmonie Bulles Musicales assurait la partie musicale de cette c\u00e9l\u00e9bration devant un nombreux public.\" target=\"_blank\" rel=\"noopener\">&#13;<br \/>\n                            <img decoding=\"async\" src=\"https:\/\/www.europesays.com\/fr\/wp-content\/uploads\/2025\/11\/richardmenil-et-flavigny-sur-moselle-les-enfants-de-l-ecole-accompagnes-de-leurs-enseignantes-du-con.jpeg\"   alt=\"Richardm\u00e9nil et Flavigny-sur-Moselle. Les enfants de l'\u00e9cole, accompagn\u00e9s de leurs enseignantes, du conseil municipal des jeunes et des jeunes porte-drapeaux, ont particip\u00e9 activement \u00e0 cette c\u00e9r\u00e9monie, t\u00e9moignant de leur profond attachement au devoir de m\u00e9moire. Xavier Boussert, maire de Richardm\u00e9nil a lu le message de S\u00e9bastien Lecornu, ministre des Arm\u00e9es, puis, avec Marcel Tedesco, maire de Flavigny, et Lison, maire du CMJ, a d\u00e9pos\u00e9 une gerbe au pied du monument aux morts en pr\u00e9sence de Christian Bourgaux, pr\u00e9sident des anciens combattants et du Souvenir fran\u00e7ais, et de Jocelyn Lamielle, pr\u00e9sident des jeunes porte-drapeaux. Les pompiers de la commune ont honor\u00e9 l'\u00e9v\u00e9nement de leur pr\u00e9sence, tandis que l'harmonie Bulles Musicales assurait la partie musicale de cette c\u00e9l\u00e9bration devant un nombreux public.\" loading=\"lazy\" fetchpriority=\"low\" data-mobile=\"NW_detail_M|1762870139\" data-base=\"NW_detail|1762870139\"\/>&#13;<br \/>\n                        <\/a>&#13;<\/p>\n<p>Richardm\u00e9nil et Flavigny-sur-Moselle. Les enfants de l&rsquo;\u00e9cole, accompagn\u00e9s de leurs enseignantes, du conseil municipal des jeunes et des jeunes porte-drapeaux, ont particip\u00e9 activement \u00e0 cette c\u00e9r\u00e9monie, t\u00e9moignant de leur profond attachement au devoir de m\u00e9moire. Xavier Boussert, maire de Richardm\u00e9nil a lu le message de S\u00e9bastien Lecornu, ministre des Arm\u00e9es, puis, avec Marcel Tedesco, maire de Flavigny, et Lison, maire du CMJ, a d\u00e9pos\u00e9 une gerbe au pied du monument aux morts en pr\u00e9sence de Christian Bourgaux, pr\u00e9sident des anciens combattants et du Souvenir fran\u00e7ais, et de Jocelyn Lamielle, pr\u00e9sident des jeunes porte-drapeaux. Les pompiers de la commune ont honor\u00e9 l&rsquo;\u00e9v\u00e9nement de leur pr\u00e9sence, tandis que l&rsquo;harmonie Bulles Musicales assurait la partie musicale de cette c\u00e9l\u00e9bration devant un nombreux public.<\/p>\n<p>                        &#13;<br \/>\n                                           &#13;\n                <\/li>\n<p>&#13;<br \/>\n            &#13;<\/p>\n<li class=\"carousel-wrapper__slides--slide item\" id=\"slide-4\">&#13;<br \/>\n                                    &#13;<br \/>\n                        <a class=\"chocolat-image GA-tracking\" data-ga_type=\"click\" data-ga_category=\"D\u00e9tail\" data-ga_action=\"zoomer\" data-ga_label=\"aggrandir image\" href=\"https:\/\/cdn-s-www.estrepublicain.fr\/images\/445428D9-E277-4CC6-ABD2-EE39B325796A\/NW_raw\/viterne-c-est-devant-le-monument-aux-morts-que-tous-se-sont-recueillis-en-se-souvenant-de-leurs-disparus-lors-de-la-premiere-guerre-mondiale-et-des-guerres-suivantes-en-1920-la-paix-revenue-le-bleuet-est-devenue-la-fleur-des-soldats-pour-parfaire-cette-ceremonie-rien-ne-fut-oublie-des-chaises-avaient-ete-installees-pour-les-anciens-les-enfants-a-partir-du-cp-ont-chante-la-marseillaise-et-un-ancien-combattant-etait-accompagne-d-un-jeune-sapeur-pompier-volontaire-et-porteur-du-drapeau-1762870269.jpg\" title=\"Viterne. C&#039;est devant le monument aux morts que tous se sont recueillis en se souvenant de leurs disparus lors de la premi\u00e8re guerre mondiale et des guerres suivantes. EN 1920, la paix revenue, le bleuet est devenue la fleur des soldats. Pour parfaire cette c\u00e9r\u00e9monie, rien ne fut oubli\u00e9, des chaises avaient \u00e9t\u00e9 install\u00e9es pour les anciens, les enfants \u00e0 partir du CP ont chant\u00e9 la Marseillaise et un ancien combattant \u00e9tait accompagn\u00e9 d&#039;un jeune sapeur-pompier volontaire et porteur du drapeau.\" target=\"_blank\" rel=\"noopener\">&#13;<br \/>\n                            <img decoding=\"async\" src=\"https:\/\/www.europesays.com\/fr\/wp-content\/uploads\/2025\/11\/viterne-c-est-devant-le-monument-aux-morts-que-tous-se-sont-recueillis-en-se-souvenant-de-leurs-disp.jpeg\"   alt=\"Viterne. C'est devant le monument aux morts que tous se sont recueillis en se souvenant de leurs disparus lors de la premi\u00e8re guerre mondiale et des guerres suivantes. EN 1920, la paix revenue, le bleuet est devenue la fleur des soldats. Pour parfaire cette c\u00e9r\u00e9monie, rien ne fut oubli\u00e9, des chaises avaient \u00e9t\u00e9 install\u00e9es pour les anciens, les enfants \u00e0 partir du CP ont chant\u00e9 la Marseillaise et un ancien combattant \u00e9tait accompagn\u00e9 d'un jeune sapeur-pompier volontaire et porteur du drapeau.\" loading=\"lazy\" fetchpriority=\"low\" data-mobile=\"NW_detail_M|1762870269\" data-base=\"NW_detail|1762870269\"\/>&#13;<br \/>\n                        <\/a>&#13;<\/p>\n<p>Viterne. C&rsquo;est devant le monument aux morts que tous se sont recueillis en se souvenant de leurs disparus lors de la premi\u00e8re guerre mondiale et des guerres suivantes. EN 1920, la paix revenue, le bleuet est devenue la fleur des soldats. Pour parfaire cette c\u00e9r\u00e9monie, rien ne fut oubli\u00e9, des chaises avaient \u00e9t\u00e9 install\u00e9es pour les anciens, les enfants \u00e0 partir du CP ont chant\u00e9 la Marseillaise et un ancien combattant \u00e9tait accompagn\u00e9 d&rsquo;un jeune sapeur-pompier volontaire et porteur du drapeau.<\/p>\n<p>                        &#13;<br \/>\n                                           &#13;\n                <\/li>\n<p>&#13;<br \/>\n            &#13;<\/p>\n<li class=\"carousel-wrapper__slides--slide item\" id=\"slide-5\">&#13;<br \/>\n                                    &#13;<br \/>\n                        <a class=\"chocolat-image GA-tracking\" data-ga_type=\"click\" data-ga_category=\"D\u00e9tail\" data-ga_action=\"zoomer\" data-ga_label=\"aggrandir image\" href=\"https:\/\/cdn-s-www.estrepublicain.fr\/images\/262255D0-4550-4E75-8818-EAFA4B992BD6\/NW_raw\/viterne-c-est-devant-le-monument-aux-morts-que-tous-se-sont-recueillis-en-se-souvenant-de-leurs-disparus-lors-de-la-premiere-guerre-mondiale-et-des-guerres-suivantes-en-1920-la-paix-revenue-le-bleuet-est-devenue-la-fleur-des-soldats-pour-parfaire-cette-ceremonie-rien-ne-fut-oublie-des-chaises-avaient-ete-installees-pour-les-anciens-les-enfants-a-partir-du-cp-ont-chante-la-marseillaise-et-un-ancien-combattant-etait-accompagne-d-un-jeune-sapeur-pompier-volontaire-et-porteur-du-drapeau-1762870269.jpg\" title=\"Viterne. C&#039;est devant le monument aux morts que tous se sont recueillis en se souvenant de leurs disparus lors de la premi\u00e8re guerre mondiale et des guerres suivantes. EN 1920, la paix revenue, le bleuet est devenue la fleur des soldats. Pour parfaire cette c\u00e9r\u00e9monie, rien ne fut oubli\u00e9, des chaises avaient \u00e9t\u00e9 install\u00e9es pour les anciens, les enfants \u00e0 partir du CP ont chant\u00e9 la Marseillaise et un ancien combattant \u00e9tait accompagn\u00e9 d&#039;un jeune sapeur-pompier volontaire et porteur du drapeau.\" target=\"_blank\" rel=\"noopener\">&#13;<br \/>\n                            <img decoding=\"async\" src=\"https:\/\/www.europesays.com\/fr\/wp-content\/uploads\/2025\/11\/1762873403_373_viterne-c-est-devant-le-monument-aux-morts-que-tous-se-sont-recueillis-en-se-souvenant-de-leurs-disp.jpeg\"   alt=\"Viterne. C'est devant le monument aux morts que tous se sont recueillis en se souvenant de leurs disparus lors de la premi\u00e8re guerre mondiale et des guerres suivantes. EN 1920, la paix revenue, le bleuet est devenue la fleur des soldats. Pour parfaire cette c\u00e9r\u00e9monie, rien ne fut oubli\u00e9, des chaises avaient \u00e9t\u00e9 install\u00e9es pour les anciens, les enfants \u00e0 partir du CP ont chant\u00e9 la Marseillaise et un ancien combattant \u00e9tait accompagn\u00e9 d'un jeune sapeur-pompier volontaire et porteur du drapeau.\" loading=\"lazy\" fetchpriority=\"low\" data-mobile=\"NW_detail_M|1762870269\" data-base=\"NW_detail|1762870269\"\/>&#13;<br \/>\n                        <\/a>&#13;<\/p>\n<p>Viterne. C&rsquo;est devant le monument aux morts que tous se sont recueillis en se souvenant de leurs disparus lors de la premi\u00e8re guerre mondiale et des guerres suivantes. EN 1920, la paix revenue, le bleuet est devenue la fleur des soldats. Pour parfaire cette c\u00e9r\u00e9monie, rien ne fut oubli\u00e9, des chaises avaient \u00e9t\u00e9 install\u00e9es pour les anciens, les enfants \u00e0 partir du CP ont chant\u00e9 la Marseillaise et un ancien combattant \u00e9tait accompagn\u00e9 d&rsquo;un jeune sapeur-pompier volontaire et porteur du drapeau.<\/p>\n<p>                        &#13;<br \/>\n                                           &#13;\n                <\/li>\n<p>&#13;<br \/>\n            &#13;<\/p>\n<li class=\"carousel-wrapper__slides--slide item\" id=\"slide-6\">&#13;<br \/>\n                                    &#13;<br \/>\n                        <a class=\"chocolat-image GA-tracking\" data-ga_type=\"click\" data-ga_category=\"D\u00e9tail\" data-ga_action=\"zoomer\" data-ga_label=\"aggrandir image\" href=\"https:\/\/cdn-s-www.estrepublicain.fr\/images\/EEF88B25-1998-4529-9D30-CA8BEE23853E\/NW_raw\/roville-devant-bayon-pour-la-commemoration-du-11-novembre-elia-6-ans-a-eu-le-privilege-d-allumer-la-flamme-de-la-nation-se-trouvant-sur-le-monument-aux-morts-de-roville-la-commemoration-s-est-poursuivie-avec-le-traditionnel-depot-de-gerbes-en-presence-de-beaucoup-de-personnes-et-s-est-poursuivie-par-un-vin-d-honneur-a-la-mairie-1762870370.jpg\" title=\"Roville-devant-Bayon. Pour la comm\u00e9moration du 11-Novembre, Elia, 6 ans, a eu le privil\u00e8ge d&#039;allumer la flamme de la nation se trouvant sur le monument aux morts de Roville.\u00a0La\u00a0 comm\u00e9moration s&#039;est poursuivie avec le traditionnel d\u00e9p\u00f4t de gerbes en pr\u00e9sence de beaucoup de personnes et s&#039;est poursuivie par un vin d&#039;honneur \u00e0 la mairie.\" target=\"_blank\" rel=\"noopener\">&#13;<br \/>\n                            <img decoding=\"async\" src=\"https:\/\/www.europesays.com\/fr\/wp-content\/uploads\/2025\/11\/roville-devant-bayon-pour-la-commemoration-du-11-novembre-elia-6-ans-a-eu-le-privilege-d-allumer-la-.jpeg\"   alt=\"Roville-devant-Bayon. Pour la comm\u00e9moration du 11-Novembre, Elia, 6 ans, a eu le privil\u00e8ge d'allumer la flamme de la nation se trouvant sur le monument aux morts de Roville.\u00a0La\u00a0 comm\u00e9moration s'est poursuivie avec le traditionnel d\u00e9p\u00f4t de gerbes en pr\u00e9sence de beaucoup de personnes et s'est poursuivie par un vin d'honneur \u00e0 la mairie.\" loading=\"lazy\" fetchpriority=\"low\" data-mobile=\"NW_detail_M|1762870370\" data-base=\"NW_detail|1762870370\"\/>&#13;<br \/>\n                        <\/a>&#13;<\/p>\n<p>Roville-devant-Bayon. Pour la comm\u00e9moration du 11-Novembre, Elia, 6 ans, a eu le privil\u00e8ge d&rsquo;allumer la flamme de la nation se trouvant sur le monument aux morts de Roville.\u00a0La\u00a0 comm\u00e9moration s&rsquo;est poursuivie avec le traditionnel d\u00e9p\u00f4t de gerbes en pr\u00e9sence de beaucoup de personnes et s&rsquo;est poursuivie par un vin d&rsquo;honneur \u00e0 la mairie.<\/p>\n<p>                        &#13;<br \/>\n                                           &#13;\n                <\/li>\n<p>&#13;<br \/>\n            &#13;<\/p>\n<li class=\"carousel-wrapper__slides--slide item slideWithPub\" id=\"slide-7\">&#13;<br \/>\n                        &#13;<br \/>\n                            <a class=\"chocolat-image\" title=\"Publicit\u00e9\" href=\"data:image\/gif;base64,R0lGODlhAQABAAD\/ACwAAAAAAQABAAACADs=\">&#13;<br \/>\n                                <img decoding=\"async\" src=\"data:image\/gif;base64,R0lGODlhAQABAAD\/ACwAAAAAAQABAAACADs=\" alt=\"Publicit\u00e9\" loading=\"lazy\" fetchpriority=\"low\"\/>&#13;<br \/>\n                            <\/a>&#13;<br \/>\n                        &#13;\n                    <\/li>\n<p>&#13;<\/p>\n<li class=\"carousel-wrapper__slides--slide item\" id=\"slide-8\">&#13;<br \/>\n                                    &#13;<br \/>\n                        <a class=\"chocolat-image GA-tracking\" data-ga_type=\"click\" data-ga_category=\"D\u00e9tail\" data-ga_action=\"zoomer\" data-ga_label=\"aggrandir image\" href=\"https:\/\/cdn-s-www.estrepublicain.fr\/images\/23ED4829-5ED6-43EE-8365-F11CF3C8C870\/NW_raw\/mangonville-pendant-la-commemoration-du-11-novembre-a-mangonville-roger-laurent-president-de-l-amc-de-roville-depuis-1995-a-mene-la-ceremonie-et-il-en-a-profite-pour-remercier-toutes-les-personnes-qui-se-sont-deplacees-toujours-plus-nombreuses-ca-fait-plaisir-de-voir-la-jeunesse-derriere-les-anciens-1762870413.jpg\" title=\"Mangonville. Pendant la comm\u00e9moration du 11 novembre, \u00e0 Mangonville, Roger Laurent, Pr\u00e9sident de l&#039;AMC de Roville depuis 1995, a men\u00e9 la c\u00e9r\u00e9monie et il en a profit\u00e9 pour remercier toutes les personnes qui se sont d\u00e9plac\u00e9es, toujours plus nombreuses. \u00ab \u00c7a fait plaisir de voir la jeunesse derri\u00e8re les anciens ! \u00bb\" target=\"_blank\" rel=\"noopener\">&#13;<br \/>\n                            <img decoding=\"async\" src=\"https:\/\/www.europesays.com\/fr\/wp-content\/uploads\/2025\/11\/mangonville-pendant-la-commemoration-du-11-novembre-a-mangonville-roger-laurent-president-de-l-amc-d.jpeg\"   alt=\"Mangonville. Pendant la comm\u00e9moration du 11 novembre, \u00e0 Mangonville, Roger Laurent, Pr\u00e9sident de l'AMC de Roville depuis 1995, a men\u00e9 la c\u00e9r\u00e9monie et il en a profit\u00e9 pour remercier toutes les personnes qui se sont d\u00e9plac\u00e9es, toujours plus nombreuses. \u00ab \u00c7a fait plaisir de voir la jeunesse derri\u00e8re les anciens ! \u00bb\" loading=\"lazy\" fetchpriority=\"low\" data-mobile=\"NW_detail_M|1762870413\" data-base=\"NW_detail|1762870413\"\/>&#13;<br \/>\n                        <\/a>&#13;<\/p>\n<p>Mangonville. Pendant la comm\u00e9moration du 11 novembre, \u00e0 Mangonville, Roger Laurent, Pr\u00e9sident de l&rsquo;AMC de Roville depuis 1995, a men\u00e9 la c\u00e9r\u00e9monie et il en a profit\u00e9 pour remercier toutes les personnes qui se sont d\u00e9plac\u00e9es, toujours plus nombreuses. \u00ab \u00c7a fait plaisir de voir la jeunesse derri\u00e8re les anciens ! \u00bb<\/p>\n<p>                        &#13;<br \/>\n                                           &#13;\n                <\/li>\n<p>&#13;<br \/>\n            &#13;<\/p>\n<li class=\"carousel-wrapper__slides--slide item\" id=\"slide-9\">&#13;<br \/>\n                                    &#13;<br \/>\n                        <a class=\"chocolat-image GA-tracking\" data-ga_type=\"click\" data-ga_category=\"D\u00e9tail\" data-ga_action=\"zoomer\" data-ga_label=\"aggrandir image\" href=\"https:\/\/cdn-s-www.estrepublicain.fr\/images\/3A331F28-5194-4E76-9A68-85C55EF8E336\/NW_raw\/tonnoy-avant-de-rejoindre-la-commemoration-intercommunale-elus-et-anciens-combattants-entourent-le-drapeau-devant-le-monument-aux-morts-de-tonnoy-en-presence-de-quelques-habitants-observation-de-la-minute-de-silence-en-signe-de-respect-pour-les-morts-pour-la-france-1762871764.jpg\" title=\"Tonnoy. Avant de rejoindre la comm\u00e9moration intercommunale, \u00e9lus et anciens combattants entourent le drapeau devant le monument aux morts de Tonnoy en pr\u00e9sence de quelques habitants. Observation de la minute de silence en signe de respect pour les morts pour la France.\" target=\"_blank\" rel=\"noopener\">&#13;<br \/>\n                            <img decoding=\"async\" src=\"https:\/\/www.europesays.com\/fr\/wp-content\/uploads\/2025\/11\/tonnoy-avant-de-rejoindre-la-commemoration-intercommunale-elus-et-anciens-combattants-entourent-le-d.jpeg\"   alt=\"Tonnoy. Avant de rejoindre la comm\u00e9moration intercommunale, \u00e9lus et anciens combattants entourent le drapeau devant le monument aux morts de Tonnoy en pr\u00e9sence de quelques habitants. Observation de la minute de silence en signe de respect pour les morts pour la France.\" loading=\"lazy\" fetchpriority=\"low\" data-mobile=\"NW_detail_M|1762871764\" data-base=\"NW_detail|1762871764\"\/>&#13;<br \/>\n                        <\/a>&#13;<\/p>\n<p>Tonnoy. Avant de rejoindre la comm\u00e9moration intercommunale, \u00e9lus et anciens combattants entourent le drapeau devant le monument aux morts de Tonnoy en pr\u00e9sence de quelques habitants. Observation de la minute de silence en signe de respect pour les morts pour la France.<\/p>\n<p>                        &#13;<br \/>\n                                           &#13;\n                <\/li>\n<p>&#13;<br \/>\n            &#13;<\/p>\n<li class=\"carousel-wrapper__slides--slide item\" id=\"slide-10\">&#13;<br \/>\n                                    &#13;<br \/>\n                        <a class=\"chocolat-image GA-tracking\" data-ga_type=\"click\" data-ga_category=\"D\u00e9tail\" data-ga_action=\"zoomer\" data-ga_label=\"aggrandir image\" href=\"https:\/\/cdn-s-www.estrepublicain.fr\/images\/EA262009-5ED6-4EC2-99CE-A1C0B7127657\/NW_raw\/varangeville-de-nombreuses-personnes-ont-commemore-l-armistice-en-presence-de-christopher-varin-alexandre-louis-thibault-bazin-des-elus-des-anciens-combattants-et-porte-drapeaux-de-l-emsn-des-sapeurs-pompiers-des-jsp-et-des-autorites-militaires-les-eleves-du-ce2-au-cm2-et-les-enseignants-ont-interprete-la-marseillaise-au-cimetiere-discours-et-gerbes-ont-temoigne-de-l-importance-du-devoir-de-memoire-1762871833.jpg\" title=\"Varang\u00e9ville. De nombreuses personnes ont comm\u00e9mor\u00e9 l&#039;armistice en pr\u00e9sence de Christopher Varin, Alexandre Louis, Thibault Bazin, des \u00e9lus, des anciens combattants et porte-drapeaux, de l&#039;EMSN, des sapeurs-pompiers, des JSP et des autorit\u00e9s militaires. Les \u00e9l\u00e8ves du CE2 au CM2 et les enseignants ont interpr\u00e9t\u00e9 la Marseillaise. Au cimeti\u00e8re, discours et gerbes ont t\u00e9moign\u00e9 de l&#039;importance du devoir de m\u00e9moire.\" target=\"_blank\" rel=\"noopener\">&#13;<br \/>\n                            <img decoding=\"async\" src=\"https:\/\/www.europesays.com\/fr\/wp-content\/uploads\/2025\/11\/varangeville-de-nombreuses-personnes-ont-commemore-l-armistice-en-presence-de-christopher-varin-alex.jpeg\"   alt=\"Varang\u00e9ville. De nombreuses personnes ont comm\u00e9mor\u00e9 l'armistice en pr\u00e9sence de Christopher Varin, Alexandre Louis, Thibault Bazin, des \u00e9lus, des anciens combattants et porte-drapeaux, de l'EMSN, des sapeurs-pompiers, des JSP et des autorit\u00e9s militaires. Les \u00e9l\u00e8ves du CE2 au CM2 et les enseignants ont interpr\u00e9t\u00e9 la Marseillaise. Au cimeti\u00e8re, discours et gerbes ont t\u00e9moign\u00e9 de l'importance du devoir de m\u00e9moire.\" loading=\"lazy\" fetchpriority=\"low\" data-mobile=\"NW_detail_M|1762871833\" data-base=\"NW_detail|1762871833\"\/>&#13;<br \/>\n                        <\/a>&#13;<\/p>\n<p>Varang\u00e9ville. De nombreuses personnes ont comm\u00e9mor\u00e9 l&rsquo;armistice en pr\u00e9sence de Christopher Varin, Alexandre Louis, Thibault Bazin, des \u00e9lus, des anciens combattants et porte-drapeaux, de l&rsquo;EMSN, des sapeurs-pompiers, des JSP et des autorit\u00e9s militaires. Les \u00e9l\u00e8ves du CE2 au CM2 et les enseignants ont interpr\u00e9t\u00e9 la Marseillaise. Au cimeti\u00e8re, discours et gerbes ont t\u00e9moign\u00e9 de l&rsquo;importance du devoir de m\u00e9moire.<\/p>\n<p>                        &#13;<br \/>\n                                           &#13;\n                <\/li>\n<p>&#13;<br \/>\n            &#13;\n                <\/ul>\n","protected":false},"excerpt":{"rendered":"&#13; L&rsquo;Est R\u00e9publicain &#8211; &#13; &#13; Aujourd&rsquo;hui \u00e0 15:03&#13; &#13; | mis \u00e0 jour aujourd&rsquo;hui \u00e0 15:40&#13; &#8211;&hellip;\n","protected":false},"author":2,"featured_media":527359,"comment_status":"","ping_status":"","sticky":false,"template":"","format":"standard","meta":{"footnotes":""},"categories":[9635],"tags":[1111,11,35689,1704,1777,674,24494,1011,27,2798,775,937,64665,1702,9847,12,25,24495,41520,104,25889,11987,64664],"class_list":{"0":"post-527358","1":"post","2":"type-post","3":"status-publish","4":"format-standard","5":"has-post-thumbnail","7":"category-nancy","8":"tag-actu","9":"tag-actualites","10":"tag-bainville-sur-madon","11":"tag-edition-nancy-et-agglomeration","12":"tag-eu","13":"tag-europe","14":"tag-flavigny-sur-moselle","15":"tag-fr","16":"tag-france","17":"tag-galerie-photo","18":"tag-grand-est","19":"tag-histoire","20":"tag-mangonville","21":"tag-nancy","22":"tag-neuves-maisons","23":"tag-news","24":"tag-republique-francaise","25":"tag-richardmenil","26":"tag-roville-devant-bayon","27":"tag-societe","28":"tag-tonnoy","29":"tag-varangeville","30":"tag-viterne"},"share_on_mastodon":{"url":"https:\/\/pubeurope.com\/@fr\/115531679142749161","error":""},"_links":{"self":[{"href":"https:\/\/www.europesays.com\/fr\/wp-json\/wp\/v2\/posts\/527358","targetHints":{"allow":["GET"]}}],"collection":[{"href":"https:\/\/www.europesays.com\/fr\/wp-json\/wp\/v2\/posts"}],"about":[{"href":"https:\/\/www.europesays.com\/fr\/wp-json\/wp\/v2\/types\/post"}],"author":[{"embeddable":true,"href":"https:\/\/www.europesays.com\/fr\/wp-json\/wp\/v2\/users\/2"}],"replies":[{"embeddable":true,"href":"https:\/\/www.europesays.com\/fr\/wp-json\/wp\/v2\/comments?post=527358"}],"version-history":[{"count":0,"href":"https:\/\/www.europesays.com\/fr\/wp-json\/wp\/v2\/posts\/527358\/revisions"}],"wp:featuredmedia":[{"embeddable":true,"href":"https:\/\/www.europesays.com\/fr\/wp-json\/wp\/v2\/media\/527359"}],"wp:attachment":[{"href":"https:\/\/www.europesays.com\/fr\/wp-json\/wp\/v2\/media?parent=527358"}],"wp:term":[{"taxonomy":"category","embeddable":true,"href":"https:\/\/www.europesays.com\/fr\/wp-json\/wp\/v2\/categories?post=527358"},{"taxonomy":"post_tag","embeddable":true,"href":"https:\/\/www.europesays.com\/fr\/wp-json\/wp\/v2\/tags?post=527358"}],"curies":[{"name":"wp","href":"https:\/\/api.w.org\/{rel}","templated":true}]}}