{"id":527375,"date":"2025-11-11T15:15:13","date_gmt":"2025-11-11T15:15:13","guid":{"rendered":"https:\/\/www.europesays.com\/fr\/527375\/"},"modified":"2025-11-11T15:15:13","modified_gmt":"2025-11-11T15:15:13","slug":"a-strasbourg-des-seances-descrime-pour-les-femmes-atteintes-dun-cancer-du-sein","status":"publish","type":"post","link":"https:\/\/www.europesays.com\/fr\/527375\/","title":{"rendered":"A Strasbourg, des s\u00e9ances d\u2019escrime pour les femmes atteintes d\u2019un cancer du sein"},"content":{"rendered":"<p class=\"chapeau\"><a href=\"https:\/\/strasbourg-escrime.net\/\" target=\"_blank\" rel=\"noreferrer noopener\">Le <strong>club Strasbourg Escrime<\/strong><\/a> propose des s\u00e9ances adapt\u00e9es aux femmes ayant surv\u00e9cu \u00e0 un cancer du sein, alliant bien-\u00eatre physique et soutien communautaire.<\/p>\n<p>Chaque mercredi, <a href=\"https:\/\/strasbourg-escrime.net\/\" target=\"_blank\" rel=\"noopener\">le club Strasbourg Es<\/a><a href=\"https:\/\/strasbourg-escrime.net\/\" target=\"_blank\" rel=\"noreferrer noopener\">c<\/a><a href=\"https:\/\/strasbourg-escrime.net\/\" target=\"_blank\" rel=\"noopener\">rime<\/a> accueille des <strong>femmes pr\u00eates \u00e0 se r\u00e9approprier leur corps apr\u00e8s des traitements lourds li\u00e9s au cancer du sein<\/strong>. Encadr\u00e9es par le ma\u00eetre d\u2019armes <strong>Michel Marpeau<\/strong>, ces s\u00e9ances d\u2019escrime th\u00e9rapeutique offrent un espace de r\u00e9habilitation physique et de partage.<\/p>\n<p>Ces s\u00e9ances sont con\u00e7ues pour <strong>travailler la mobilit\u00e9 de l\u2019\u00e9paule<\/strong> et <strong>favoriser le bien-\u00eatre <\/strong>mental. Comme le souligne Michel Marpeau, c\u2019est <strong>en compl\u00e9ment de la kin\u00e9<\/strong> et cela <strong>joue sur la m\u00e9moire et l\u2019\u00e9quilibre des participantes.<\/strong><\/p>\n<p>Une approche inclusive et bienveillante<\/p>\n<p>Les participantes, comme <strong>Blandine<\/strong>, partagent un v\u00e9cu similaire et trouvent du r\u00e9confort dans ces moments. \u201cOn se concentre sur les mouvements, et l\u2019esprit est un peu plus libre\u201c, explique-t-elle, soulignant les bienfaits de l\u2019escrime sur leur quotidien. \u201cIl y a une super ambiance, on rigole bien\u201c, t\u00e9moigne <strong>Catherine<\/strong>, une participante.<\/p>\n<p>Pour prolonger cette exp\u00e9rience, l\u2019audio disponible permet d\u2019<strong>\u00e9couter des t\u00e9moignages inspirants et d\u2019approfondir la r\u00e9flexion sur le lien entre sport et <a class=\"wpil_keyword_link\" href=\"https:\/\/www.airzen.fr\/bien-etre\/bien-dans-mon-corps\/\" title=\"Bien dans mon corps\" data-wpil-keyword-link=\"linked\" data-wpil-monitor-id=\"14468\" target=\"_blank\" rel=\"noopener\">sant\u00e9<\/a>. Ces moments partag\u00e9s sont essentiels pour avancer ensemble.<\/strong><\/p>\n<p>\u201c`<\/p>\n","protected":false},"excerpt":{"rendered":"Le club Strasbourg Escrime propose des s\u00e9ances adapt\u00e9es aux femmes ayant surv\u00e9cu \u00e0 un cancer du sein, alliant&hellip;\n","protected":false},"author":2,"featured_media":527376,"comment_status":"","ping_status":"","sticky":false,"template":"","format":"standard","meta":{"footnotes":""},"categories":[2820],"tags":[1111,11,1777,674,1011,27,775,4862,12,25,640],"class_list":{"0":"post-527375","1":"post","2":"type-post","3":"status-publish","4":"format-standard","5":"has-post-thumbnail","7":"category-strasbourg","8":"tag-actu","9":"tag-actualites","10":"tag-eu","11":"tag-europe","12":"tag-fr","13":"tag-france","14":"tag-grand-est","15":"tag-mieux-etre","16":"tag-news","17":"tag-republique-francaise","18":"tag-strasbourg"},"share_on_mastodon":{"url":"https:\/\/pubeurope.com\/@fr\/115531725176727508","error":""},"_links":{"self":[{"href":"https:\/\/www.europesays.com\/fr\/wp-json\/wp\/v2\/posts\/527375","targetHints":{"allow":["GET"]}}],"collection":[{"href":"https:\/\/www.europesays.com\/fr\/wp-json\/wp\/v2\/posts"}],"about":[{"href":"https:\/\/www.europesays.com\/fr\/wp-json\/wp\/v2\/types\/post"}],"author":[{"embeddable":true,"href":"https:\/\/www.europesays.com\/fr\/wp-json\/wp\/v2\/users\/2"}],"replies":[{"embeddable":true,"href":"https:\/\/www.europesays.com\/fr\/wp-json\/wp\/v2\/comments?post=527375"}],"version-history":[{"count":0,"href":"https:\/\/www.europesays.com\/fr\/wp-json\/wp\/v2\/posts\/527375\/revisions"}],"wp:featuredmedia":[{"embeddable":true,"href":"https:\/\/www.europesays.com\/fr\/wp-json\/wp\/v2\/media\/527376"}],"wp:attachment":[{"href":"https:\/\/www.europesays.com\/fr\/wp-json\/wp\/v2\/media?parent=527375"}],"wp:term":[{"taxonomy":"category","embeddable":true,"href":"https:\/\/www.europesays.com\/fr\/wp-json\/wp\/v2\/categories?post=527375"},{"taxonomy":"post_tag","embeddable":true,"href":"https:\/\/www.europesays.com\/fr\/wp-json\/wp\/v2\/tags?post=527375"}],"curies":[{"name":"wp","href":"https:\/\/api.w.org\/{rel}","templated":true}]}}