{"id":52738,"date":"2025-04-25T21:36:14","date_gmt":"2025-04-25T21:36:14","guid":{"rendered":"https:\/\/www.europesays.com\/fr\/52738\/"},"modified":"2025-04-25T21:36:14","modified_gmt":"2025-04-25T21:36:14","slug":"bulka-superstar-sanson-beni-des-dieux-doue-passe-au-travers","status":"publish","type":"post","link":"https:\/\/www.europesays.com\/fr\/52738\/","title":{"rendered":"Bulka superstar, Sanson b\u00e9ni des dieux, Dou\u00e9 passe au travers"},"content":{"rendered":"<p><strong>D\u00c9CRYPTAGE \u2013 <\/strong>Qui a brill\u00e9, qui s\u2019est rat\u00e9\u00a0? Les notes apr\u00e8s la d\u00e9faite parisienne sur Nice, ce vendredi, au Parc des Princes, lors de la 31e journ\u00e9e de Ligue 1.<\/p>\n<p class=\"fig-paragraph\">L\u2019invincibilit\u00e9, c\u2019est termin\u00e9.\u00a0<a href=\"https:\/\/www.lefigaro.fr\/sports\/football\/ligue-1\/ligue-1-le-psg-perd-son-invincibilite-en-championnat-avant-d-affronter-arsenal-20250425\" target=\"_blank\" data-fig-type=\"NewsFlash\" rel=\"noopener\" data-gtm-custom-categorie=\"navigation\" data-gtm-custom-action=\"crossclick\" data-gtm-custom-label=\"Contextuel\" data-gtm-event=\"customEventSPE\" data-fig-domain=\"LEFIGARO\">Le Paris Saint-Germain a c\u00e9d\u00e9 face \u00e0 Nice (1-3)<\/a>\u00a0vendredi, au Parc des Princes, lors de\u00a0<a href=\"https:\/\/www.lefigaro.fr\/sports\/football\/ligue-1\/calendrier-resultats?journee=31\" target=\"_blank\" rel=\"noopener\" data-gtm-custom-categorie=\"navigation\" data-gtm-custom-action=\"crossclick\" data-gtm-custom-label=\"Contextuel\" data-gtm-event=\"customEventSPE\">la 31e journ\u00e9e de Ligue 1<\/a>. Les Parisiens ne seront pas les premiers \u00e0 terminer une saison de championnat de France sans la moindre d\u00e9faite. Ils ne battront pas non plus le record de Nantes, invaincu en L1 jusqu\u2019\u00e0 la 32e journ\u00e9e lors de la campagne 1994-95. Et ils se rendront surtout \u00e0 Londres avec les valises pleines de doutes avant leur demi-finale aller de Ligue des champions contre Arsenal, mardi. Les Aiglons r\u00e9alisent le hold-up parfait et remontent (provisoirement\u00a0?), \u00e0 la quatri\u00e8me place\u00a0<a href=\"https:\/\/www.lefigaro.fr\/sports\/football\/ligue-1\/classement\" target=\"_blank\" rel=\"noopener\" data-gtm-custom-categorie=\"navigation\" data-gtm-custom-action=\"crossclick\" data-gtm-custom-label=\"Contextuel\" data-gtm-event=\"customEventSPE\">au classement<\/a>.<\/p>\n<p>PSG<\/p>\n<p class=\"fig-paragraph\">76% de possession, 31 tirs \u00e0 7\u00a0: Paris a domin\u00e9 Nice. Mais Paris a c\u00e9d\u00e9 face \u00e0 Nice\u2026 Improbable. Il y a des soirs comme \u00e7a. Les t\u00eates parisiennes \u00e9taient sans doute d\u00e9j\u00e0 un peu \u00e0 Londres. En particulier celle de Marquinhos, f\u00e9brile \u00e0 plusieurs reprises. Le pauvre Gigio Donnarumma ne peut pas grand-chose sur les buts ni\u00e7ois, mais il en prend quatre. Buteur\u2026<\/p>\n<p class=\"fig-premium-paywall__infos\">\n        Cet article est r\u00e9serv\u00e9 aux abonn\u00e9s.        Il vous reste 71% \u00e0 d\u00e9couvrir.\n    <\/p>\n<p>                <img  data- alt=\"Le Figaro\" class=\"fig-img--complete fig-img\"\/><\/p>\n<p class=\"fig-premium-paywall__title\">Vous avez envie de lire la suite ?<\/p>\n<p class=\"fig-premium-paywall__subtitle\">D\u00e9bloquez tous les articles imm\u00e9diatement.<\/p>\n<p class=\"fig-premium-paywall__connect\">\n                D\u00e9j\u00e0 abonn\u00e9\u00a0?                <a class=\"fig-premium-paywall__connect-link\" href=\"https:\/\/connect.lefigaro.fr\/login?client=horizon_web&amp;type=main&amp;redirect_uri=https%3A%2F%2Fwww.lefigaro.fr%2Fsports%2Ffootball%2Fligue-1%2Fles-notes-de-psg-nice-bulka-superstar-sanson-beni-des-dieux-doue-passe-au-travers-20250425\" data-js-gtm=\"{&quot;customCategorie&quot;: &quot;conversion&quot;, &quot;customAction&quot;: &quot;before_Landing_Connexion_paywall_auto&quot;, &quot;customLabel&quot;: &quot;bGVmaWdhcm8uZnJfXzFmMDIyMTY5LTFlNmQtNmNkMC1hYTI3LTQzZjY4MDFmOWRhNV9fTmV3c0ZsYXNo_Les notes de PSG-Nice\u00a0: Bulka superstar, Sanson b\u00e9ni des dieux, Dou\u00e9 passe au travers_363&quot;, &quot;customIDSPE&quot;: &quot;bGVmaWdhcm8uZnJfXzFmMDIyMTY5LTFlNmQtNmNkMC1hYTI3LTQzZjY4MDFmOWRhNV9fTmV3c0ZsYXNo&quot;, &quot;event&quot;: &quot;customEventSPE&quot;}\" target=\"_blank\" rel=\"noopener\"><br \/>\n                    Connectez-vous<br \/>\n                <\/a>\n            <\/p>\n","protected":false},"excerpt":{"rendered":"D\u00c9CRYPTAGE \u2013 Qui a brill\u00e9, qui s\u2019est rat\u00e9\u00a0? Les notes apr\u00e8s la d\u00e9faite parisienne sur Nice, ce vendredi,&hellip;\n","protected":false},"author":2,"featured_media":52739,"comment_status":"","ping_status":"","sticky":false,"template":"","format":"standard","meta":{"footnotes":""},"categories":[1412],"tags":[525,1981,814,1451,2257,63,1452,1453,1454,1455,1011,27,3309,66,1307,955,2268,1176,978,2782,93,1980,60],"class_list":{"0":"post-52738","1":"post","2":"type-post","3":"status-publish","4":"format-standard","5":"has-post-thumbnail","7":"category-f1","8":"tag-calendrier","9":"tag-classement","10":"tag-direct","11":"tag-f1","12":"tag-foot","13":"tag-football","14":"tag-formula-1","15":"tag-formula1","16":"tag-formule-1","17":"tag-formule1","18":"tag-fr","19":"tag-france","20":"tag-l1","21":"tag-ligue-1","22":"tag-lille","23":"tag-match","24":"tag-ogc-nice","25":"tag-olympique-de-marseille","26":"tag-olympique-lyonnais","27":"tag-ousmane-dembele","28":"tag-psg","29":"tag-resultats","30":"tag-sports"},"share_on_mastodon":{"url":"https:\/\/pubeurope.com\/@fr\/114400761174570144","error":""},"_links":{"self":[{"href":"https:\/\/www.europesays.com\/fr\/wp-json\/wp\/v2\/posts\/52738","targetHints":{"allow":["GET"]}}],"collection":[{"href":"https:\/\/www.europesays.com\/fr\/wp-json\/wp\/v2\/posts"}],"about":[{"href":"https:\/\/www.europesays.com\/fr\/wp-json\/wp\/v2\/types\/post"}],"author":[{"embeddable":true,"href":"https:\/\/www.europesays.com\/fr\/wp-json\/wp\/v2\/users\/2"}],"replies":[{"embeddable":true,"href":"https:\/\/www.europesays.com\/fr\/wp-json\/wp\/v2\/comments?post=52738"}],"version-history":[{"count":0,"href":"https:\/\/www.europesays.com\/fr\/wp-json\/wp\/v2\/posts\/52738\/revisions"}],"wp:featuredmedia":[{"embeddable":true,"href":"https:\/\/www.europesays.com\/fr\/wp-json\/wp\/v2\/media\/52739"}],"wp:attachment":[{"href":"https:\/\/www.europesays.com\/fr\/wp-json\/wp\/v2\/media?parent=52738"}],"wp:term":[{"taxonomy":"category","embeddable":true,"href":"https:\/\/www.europesays.com\/fr\/wp-json\/wp\/v2\/categories?post=52738"},{"taxonomy":"post_tag","embeddable":true,"href":"https:\/\/www.europesays.com\/fr\/wp-json\/wp\/v2\/tags?post=52738"}],"curies":[{"name":"wp","href":"https:\/\/api.w.org\/{rel}","templated":true}]}}