{"id":527381,"date":"2025-11-11T15:18:10","date_gmt":"2025-11-11T15:18:10","guid":{"rendered":"https:\/\/www.europesays.com\/fr\/527381\/"},"modified":"2025-11-11T15:18:10","modified_gmt":"2025-11-11T15:18:10","slug":"la-terre-nous-est-propice-au-sud-de-nantes-habitants-et-ecoliers-sunissent-pour","status":"publish","type":"post","link":"https:\/\/www.europesays.com\/fr\/527381\/","title":{"rendered":"\u00ab La terre nous est propice \u00bb\u00a0: au sud de Nantes, habitants et \u00e9coliers s\u2019unissent pour"},"content":{"rendered":"<p>La convention sign\u00e9e en mai entre la commune de <a href=\"https:\/\/www.ouest-france.fr\/pays-de-la-loire\/la-chevroliere-44118\/\" rel=\"nofollow noopener\" target=\"_blank\">La Chevroli\u00e8re<\/a> (<a href=\"https:\/\/www.ouest-france.fr\/pays-de-la-loire\/loire-atlantique\/\" rel=\"nofollow noopener\" target=\"_blank\">Loire-Atlantique<\/a>) et l\u2019association Mini Big Forest pr\u00e9voyait la cr\u00e9ation d\u2019une mini-for\u00eat dans le lotissement de Bel-Air. Cette action participative est inscrite dans l\u2019Agenda 21, <a href=\"https:\/\/nantes.maville.com\/actu\/actudet_-dans-cette-ville-de-loire-atlantique-les-deplacements-a-velo-ont-la-cote-_8-7057332_actu.Htm\" rel=\"nofollow noopener\" target=\"_blank\">un projet destin\u00e9, notamment, \u00e0 v\u00e9g\u00e9taliser des espaces urbains.<\/a><\/p>\n<p>Le choix s\u2019est port\u00e9 sur un espace vert du lotissement de Bel-Air, qui fait le lien entre le r\u00e9cent quartier de Beausoleil et le bourg. Objectif\u00a0? Y planter mille arbres sur 500\u00a0m\u00b2, selon la m\u00e9thode du botaniste japonais Akira Miyawaki\u00a0: planter en densit\u00e9 sur de petites surfaces afin de reconstituer les bases d\u2019un \u00e9cosyst\u00e8me imitant la for\u00eat naturelle. L\u2019id\u00e9e \u00e9tait \u00e9galement d\u2019y associer \u00e9coliers et habitants. Apr\u00e8s la pr\u00e9paration du terrain par les b\u00e9n\u00e9voles de l\u2019association, les agents du service espaces verts et quelques b\u00e9n\u00e9voles, la plantation s\u2019est d\u00e9roul\u00e9e vendredi\u00a07 et samedi 8\u00a0novembre 2025. Elle \u00e9tait supervis\u00e9e par Jim Bouchet et St\u00e9phanie Saliou, cofondateurs de Mini Big Forest.<\/p>\n<p>120\u00a0\u00e9l\u00e8ves, 40\u00a0habitants<\/p>\n<p>Les \u00e9l\u00e8ves de quatre classes de l\u2019\u00e9cole Adolphe-Couprie ont \u0153uvr\u00e9 vendredi\u00a0: ils ont plant\u00e9 les 600\u00a0premiers arbres qu\u2019ils verront grandir en m\u00eame temps qu\u2019eux. Certains sont m\u00eame revenus le lendemain avec leurs parents. L\u2019appel aux habitants b\u00e9n\u00e9voles a aussi bien fonctionn\u00e9, puisque plus de quarante\u00a0personnes se sont pr\u00e9sent\u00e9es samedi, plus que les trente\u00a0n\u00e9cessaires au projet\u00a0: \u00a0Des habitants de tous quartiers ou villages, mais aussi des personnes d\u2019autres communes, tr\u00e8s int\u00e9ress\u00e9es par le projet\u00a0\u00bb, se f\u00e9licite Sophie Clouet, adjointe en charge de l\u2019environnement, qui a \u00e9galement chauss\u00e9 bottes et gants pour mettre les mains dans la terre.<\/p>\n<p><strong>Lire aussi\u00a0: <\/strong> <a href=\"https:\/\/www.ouest-france.fr\/jardin\/pour-revitaliser-les-villes-ils-font-pousser-des-mini-forets-au-pied-des-immeubles-5a18b80e-cf5b-11ef-b25c-d23d4d894d38#:~:text=Le%20botaniste%20japonais%20Akira%20Miyawaki,r%C3%A9silience%20face%20au%20changement%20climatique.\" rel=\"nofollow noopener\" target=\"_blank\">Pour revitaliser les villes, ils font pousser des mini-for\u00eats au pied des immeubles<\/a><\/p>\n<p>Apr\u00e8s une rapide formation sur les diff\u00e9rentes essences, ils ont plant\u00e9 les 400\u00a0plants restants\u00a0: \u00a0Des plants d\u2019un ou deux ans, issus de graines du massif armoricain, donc bien acclimat\u00e9s au lieu\u00a0\u00bb, pr\u00e9cise Jim Bouchet. Ch\u00eanes, noisetiers, cormiers, houx, pommiers sauvages et autres n\u2019ont plus maintenant qu\u2019\u00e0 faire leur place.<\/p>\n<p>Un suivi pendant trois ans<\/p>\n<p>Les arbres ont \u00e9t\u00e9 plant\u00e9s sur deux espaces travers\u00e9s par un chemin\u00a0: l\u2019un en forme de goutte d\u2019eau et l\u2019autre, de feuille\u00a0: \u00a0Comme un clin d\u2019\u0153il \u00e0 la devise de la commune\u00a0: L\u2019eau et la terre nous sont propices\u00a0\u00bb, commente l\u2019adjointe. Du c\u00f4t\u00e9 des riverains, on se f\u00e9licite\u00a0: \u00a0Forc\u00e9ment, c\u2019est mieux qu\u2019un immeuble de trois \u00e9tages\u00a0!\u00a0<\/p>\n<p>Des r\u00e9f\u00e9rents b\u00e9n\u00e9voles seront accompagn\u00e9s par Mini Big Forest pour le suivi et l\u2019entretien, durant les trois premi\u00e8res ann\u00e9es, avant de laisser le boisement s\u2019autog\u00e9rer, offrant corridors \u00e9cologiques et \u00eelots de fra\u00eecheur au quartier.<\/p>\n<p>\u00a0<\/p>\n","protected":false},"excerpt":{"rendered":"La convention sign\u00e9e en mai entre la commune de La Chevroli\u00e8re (Loire-Atlantique) et l\u2019association Mini Big Forest pr\u00e9voyait&hellip;\n","protected":false},"author":2,"featured_media":527382,"comment_status":"","ping_status":"","sticky":false,"template":"","format":"standard","meta":{"footnotes":""},"categories":[2818],"tags":[6541,12106,1111,11,3570,33397,1777,674,1011,27,4021,766,12,2636,55,64666,25,3272,7053,4505,59730],"class_list":{"0":"post-527381","1":"post","2":"type-post","3":"status-publish","4":"format-standard","5":"has-post-thumbnail","7":"category-nantes","8":"tag-6541","9":"tag-12106","10":"tag-actu","11":"tag-actualites","12":"tag-arbres","13":"tag-ecoliers","14":"tag-eu","15":"tag-europe","16":"tag-fr","17":"tag-france","18":"tag-habitants","19":"tag-nantes","20":"tag-news","21":"tag-pays-de-la-loire","22":"tag-planter","23":"tag-propice","24":"tag-republique-francaise","25":"tag-saint-nazaire","26":"tag-sud","27":"tag-terre","28":"tag-unissent"},"share_on_mastodon":{"url":"https:\/\/pubeurope.com\/@fr\/115531737143398437","error":""},"_links":{"self":[{"href":"https:\/\/www.europesays.com\/fr\/wp-json\/wp\/v2\/posts\/527381","targetHints":{"allow":["GET"]}}],"collection":[{"href":"https:\/\/www.europesays.com\/fr\/wp-json\/wp\/v2\/posts"}],"about":[{"href":"https:\/\/www.europesays.com\/fr\/wp-json\/wp\/v2\/types\/post"}],"author":[{"embeddable":true,"href":"https:\/\/www.europesays.com\/fr\/wp-json\/wp\/v2\/users\/2"}],"replies":[{"embeddable":true,"href":"https:\/\/www.europesays.com\/fr\/wp-json\/wp\/v2\/comments?post=527381"}],"version-history":[{"count":0,"href":"https:\/\/www.europesays.com\/fr\/wp-json\/wp\/v2\/posts\/527381\/revisions"}],"wp:featuredmedia":[{"embeddable":true,"href":"https:\/\/www.europesays.com\/fr\/wp-json\/wp\/v2\/media\/527382"}],"wp:attachment":[{"href":"https:\/\/www.europesays.com\/fr\/wp-json\/wp\/v2\/media?parent=527381"}],"wp:term":[{"taxonomy":"category","embeddable":true,"href":"https:\/\/www.europesays.com\/fr\/wp-json\/wp\/v2\/categories?post=527381"},{"taxonomy":"post_tag","embeddable":true,"href":"https:\/\/www.europesays.com\/fr\/wp-json\/wp\/v2\/tags?post=527381"}],"curies":[{"name":"wp","href":"https:\/\/api.w.org\/{rel}","templated":true}]}}