{"id":527383,"date":"2025-11-11T15:19:14","date_gmt":"2025-11-11T15:19:14","guid":{"rendered":"https:\/\/www.europesays.com\/fr\/527383\/"},"modified":"2025-11-11T15:19:14","modified_gmt":"2025-11-11T15:19:14","slug":"que-faire-a-nantes-ce-week-end-du-13-au-16-novembre-2025-big-city-nantes","status":"publish","type":"post","link":"https:\/\/www.europesays.com\/fr\/527383\/","title":{"rendered":"Que faire \u00e0 Nantes ce week-end du 13 au 16 novembre 2025 ? \u2013 Big City Nantes"},"content":{"rendered":"<p>Les jours raccourcissent\u2026 mais pas les \u00e9v\u00e8nements \u00e0 Nantes ! Il y a toujours de quoi occuper tes week-ends entre deux sessions chill, plaid &amp; Netflix. Allez, on te dit tout sur que faire \u00e0 Nantes <strong>du 13 au 16 novembre 2025 !<\/strong><\/p>\n<p>Que Faire \u00e0 Nantes ce week-end : le programme des sorties du jeudi 13 au dimanche 16 novembre 2025<\/p>\n<p><strong>C\u00f4t\u00e9 culture,<\/strong> ne loupe pas ce <strong>mercredi 12 novembre<\/strong> : <a href=\"https:\/\/www.bigcitynantes.fr\/que-faire-a-nantes\/spectacle-de-danse-amala-dianor-wo-man-mm\/\" target=\"_blank\" rel=\"noreferrer noopener\">le spectacle de danse<\/a> Amala Dianor, Wo-Man + M&amp;M \u00e0 la Soufflerie ! <br \/>Du<strong> 11 au 15 novembre<\/strong>, rendez-vous au festival D\u00e9routes au lieu Unique ! Viens (re)d\u00e9couvrir la pop ind\u00e9pendante r\u00e9invent\u00e9e sous toutes ses formes !<\/p>\n<p>Les\u00a0<strong>15 et 16 novembre 2025<\/strong>, le Parc des Expositions de Nantes vibrera au rythme de la pop culture avec la 14\u00e8me \u00e9dition d\u2019<strong><a href=\"https:\/\/www.bigcitynantes.fr\/art-to-play-le-plus-grand-festival-manga-gaming-et-pop-culture-de-louest-revient-a-nantes\/\" target=\"_blank\" rel=\"noreferrer noopener\">Art to Play<\/a><\/strong>\u00a0! Du\u00a0<strong>2 octobre 2025 au 27 f\u00e9vrier 2026<\/strong>, au\u00a0Th\u00e9\u00e2tre 100 Noms, viens d\u00e9couvrir\u00a0<strong><a href=\"https:\/\/www.bigcitynantes.fr\/cette-piece-de-theatre-aux-4-molieres-debarque-a-nantes\/\" target=\"_blank\" rel=\"noreferrer noopener\">\u00ab\u00a0Oublie\u2011moi\u00a0\u00bb<\/a><\/strong>, une pi\u00e8ce de th\u00e9\u00e2tre bouleversante prim\u00e9e par 4 Moli\u00e8res en 2023.<\/p>\n<p>Ne loupe pas<a href=\"https:\/\/www.facebook.com\/events\/1909476693325090\/?acontext=%257B%2522event_action_history%2522%253A[%257B%2522surface%2522%253A%2522external_search_engine%2522%257D%252C%257B%2522mechanism%2522%253A%2522discovery_local_tab%2522%252C%2522surface%2522%253A%2522bookmark%2522%257D]%252C%2522ref_notif_type%2522%253Anull%257D\" target=\"_blank\" rel=\"noreferrer noopener\"> les 2 ans du Smile Comedy Club<\/a> ! Un Happy Birthday Show explosif avec : Majid Berhila, Lou-Anne Protin, Eklips, Mathieu Schalk et Rony !<\/p>\n<p><strong>C\u00f4t\u00e9 food,<\/strong> retrouve <strong>le 15 novembre<\/strong> la grande soir\u00e9e d\u2019anniversaire pour<strong><a href=\"https:\/\/www.bigcitynantes.fr\/que-faire-a-nantes\/guindaille-fete-ses-3-ans\/\" target=\"_blank\" rel=\"noreferrer noopener\"> Guindaille<\/a><\/strong> ! Ce m\u00eame samedi, viens faire la f\u00eate avec Copains&amp;Levain et Tapage lors de la <a href=\"https:\/\/www.bigcitynantes.fr\/que-faire-a-nantes\/127991\/\" target=\"_blank\" rel=\"noreferrer noopener\">Tapain<\/a> !<\/p>\n<p><strong>C\u00f4t\u00e9 mode,<\/strong> il faut absolument que tu ailles \u00e0 <a href=\"https:\/\/www.bigcitynantes.fr\/que-faire-a-nantes\/grande-vente-de-vetements-a-partir-de-2e\/\" target=\"_blank\" rel=\"noreferrer noopener\">Piou-Piou Market <\/a>pour chiner un max de p\u00e9pites ! Retrouve une s\u00e9lection vintage et seconde main d\u00e8s 2\u20ac, un march\u00e9 de cr\u00e9ateur\u00b7ices et artisan\u00b7es, et un espace beaut\u00e9 d\u00e9di\u00e9 au selfcare et \u00e0 la cr\u00e9ativit\u00e9.<\/p>\n<p><strong>Le samedi 15 novembre \u00e0 16h30,<\/strong>\u00a0viens vivre la <strong><a href=\"https:\/\/www.bigcitynantes.fr\/que-faire-a-nantes\/inauguration-des-vitrines-animees-de-noel-des-galeries-lafayette-de-nantes\/\" target=\"_blank\" rel=\"noopener\">mythique inauguration <\/a><\/strong>des vitrines anim\u00e9es de No\u00ebl des Galeries Lafayette de Nantes, rue de la Marne.<\/p>\n<p>Tu veux en voir encore plus ? Descends un peu plus bas pour d\u00e9couvrir toute la s\u00e9lection\u00a0<strong>Big City<\/strong>\u00a0et profiter \u00e0 fond de ton mois de sorties ! \u2764\ufe0f<\/p>\n<p>TousJeudiVendrediSamediToute la semaine<\/p>\n","protected":false},"excerpt":{"rendered":"Les jours raccourcissent\u2026 mais pas les \u00e9v\u00e8nements \u00e0 Nantes ! Il y a toujours de quoi occuper tes&hellip;\n","protected":false},"author":2,"featured_media":527384,"comment_status":"","ping_status":"","sticky":false,"template":"","format":"standard","meta":{"footnotes":""},"categories":[2818],"tags":[1111,11,48554,4156,4157,1777,674,1011,27,766,12,2636,25,953,1669,3140,4064],"class_list":{"0":"post-527383","1":"post","2":"type-post","3":"status-publish","4":"format-standard","5":"has-post-thumbnail","7":"category-nantes","8":"tag-actu","9":"tag-actualites","10":"tag-carrousel","11":"tag-concerts","12":"tag-dj-sets","13":"tag-eu","14":"tag-europe","15":"tag-fr","16":"tag-france","17":"tag-nantes","18":"tag-news","19":"tag-pays-de-la-loire","20":"tag-republique-francaise","21":"tag-soiree","22":"tag-sorties","23":"tag-spectacle","24":"tag-week-end"},"share_on_mastodon":{"url":"https:\/\/pubeurope.com\/@fr\/115531740912509171","error":""},"_links":{"self":[{"href":"https:\/\/www.europesays.com\/fr\/wp-json\/wp\/v2\/posts\/527383","targetHints":{"allow":["GET"]}}],"collection":[{"href":"https:\/\/www.europesays.com\/fr\/wp-json\/wp\/v2\/posts"}],"about":[{"href":"https:\/\/www.europesays.com\/fr\/wp-json\/wp\/v2\/types\/post"}],"author":[{"embeddable":true,"href":"https:\/\/www.europesays.com\/fr\/wp-json\/wp\/v2\/users\/2"}],"replies":[{"embeddable":true,"href":"https:\/\/www.europesays.com\/fr\/wp-json\/wp\/v2\/comments?post=527383"}],"version-history":[{"count":0,"href":"https:\/\/www.europesays.com\/fr\/wp-json\/wp\/v2\/posts\/527383\/revisions"}],"wp:featuredmedia":[{"embeddable":true,"href":"https:\/\/www.europesays.com\/fr\/wp-json\/wp\/v2\/media\/527384"}],"wp:attachment":[{"href":"https:\/\/www.europesays.com\/fr\/wp-json\/wp\/v2\/media?parent=527383"}],"wp:term":[{"taxonomy":"category","embeddable":true,"href":"https:\/\/www.europesays.com\/fr\/wp-json\/wp\/v2\/categories?post=527383"},{"taxonomy":"post_tag","embeddable":true,"href":"https:\/\/www.europesays.com\/fr\/wp-json\/wp\/v2\/tags?post=527383"}],"curies":[{"name":"wp","href":"https:\/\/api.w.org\/{rel}","templated":true}]}}