{"id":527388,"date":"2025-11-11T15:22:11","date_gmt":"2025-11-11T15:22:11","guid":{"rendered":"https:\/\/www.europesays.com\/fr\/527388\/"},"modified":"2025-11-11T15:22:11","modified_gmt":"2025-11-11T15:22:11","slug":"toulouse-nouvelle-mode-revient-aux-halles-de-la-cartoucherie","status":"publish","type":"post","link":"https:\/\/www.europesays.com\/fr\/527388\/","title":{"rendered":"Toulouse Nouvelle Mode revient aux Halles de la Cartoucherie"},"content":{"rendered":"<p>Toulouse Nouvelle Mode revient les 14 et 15\u00a0novembre dans la Ville rose. \u00c0 l\u2019heure o\u00f9 entre en vigueur la loi <a href=\"https:\/\/www.vie-publique.fr\/loi\/293332-proposition-de-loi-fast-fashion-impact-environnemental-mode-jetable\" class=\"spip_out\" rel=\"external noopener\" target=\"_blank\">\u00ab\u00a0anti-fast fashion\u00a0\u00bb<\/a>, l\u2019\u00e9v\u00e9nement toulousain invite \u00e0 f\u00e9d\u00e9rer professionnels, \u00e9tudiants et grand public autour d\u2019une question cruciale\u00a0: comment transformer l\u2019industrie textile fran\u00e7aise pour r\u00e9pondre aux enjeux environnementaux, sociaux et \u00e9conomiques de demain\u00a0?<\/p>\n<p>Au programme, conf\u00e9rences, ateliers th\u00e9matiques, village des marques, d\u00e9fil\u00e9 de mode,etc. Plus d\u2019informations <a href=\"https:\/\/www.toulousenouvellemode.fr\/\" class=\"spip_out\" rel=\"external noopener\" target=\"_blank\">en ligne.<\/a><\/p>\n<p>Toulouse Nouvelle Mode. Vendredi 14\u00a0novembre, rencontres professionnelles aux Halles de la Cartoucherie et \u00e0 La Cabane de 9 \u00e0 17 heures, et samedi 15\u00a0novembre, journ\u00e9e grand public aux Halles de la Cartoucherie et parvis, de 10 \u00e0 19 heures.<\/p>\n","protected":false},"excerpt":{"rendered":"Toulouse Nouvelle Mode revient les 14 et 15\u00a0novembre dans la Ville rose. \u00c0 l\u2019heure o\u00f9 entre en vigueur&hellip;\n","protected":false},"author":2,"featured_media":373637,"comment_status":"","ping_status":"","sticky":false,"template":"","format":"standard","meta":{"footnotes":""},"categories":[2816],"tags":[1111,11,1777,674,1011,27,64667,985,12,2680,25,2422,2312],"class_list":{"0":"post-527388","1":"post","2":"type-post","3":"status-publish","4":"format-standard","5":"has-post-thumbnail","7":"category-toulouse","8":"tag-actu","9":"tag-actualites","10":"tag-eu","11":"tag-europe","12":"tag-fr","13":"tag-france","14":"tag-la-cartoucherie","15":"tag-mode","16":"tag-news","17":"tag-occitanie","18":"tag-republique-francaise","19":"tag-textile","20":"tag-toulouse"},"share_on_mastodon":{"url":"https:\/\/pubeurope.com\/@fr\/115531752656637480","error":""},"_links":{"self":[{"href":"https:\/\/www.europesays.com\/fr\/wp-json\/wp\/v2\/posts\/527388","targetHints":{"allow":["GET"]}}],"collection":[{"href":"https:\/\/www.europesays.com\/fr\/wp-json\/wp\/v2\/posts"}],"about":[{"href":"https:\/\/www.europesays.com\/fr\/wp-json\/wp\/v2\/types\/post"}],"author":[{"embeddable":true,"href":"https:\/\/www.europesays.com\/fr\/wp-json\/wp\/v2\/users\/2"}],"replies":[{"embeddable":true,"href":"https:\/\/www.europesays.com\/fr\/wp-json\/wp\/v2\/comments?post=527388"}],"version-history":[{"count":0,"href":"https:\/\/www.europesays.com\/fr\/wp-json\/wp\/v2\/posts\/527388\/revisions"}],"wp:featuredmedia":[{"embeddable":true,"href":"https:\/\/www.europesays.com\/fr\/wp-json\/wp\/v2\/media\/373637"}],"wp:attachment":[{"href":"https:\/\/www.europesays.com\/fr\/wp-json\/wp\/v2\/media?parent=527388"}],"wp:term":[{"taxonomy":"category","embeddable":true,"href":"https:\/\/www.europesays.com\/fr\/wp-json\/wp\/v2\/categories?post=527388"},{"taxonomy":"post_tag","embeddable":true,"href":"https:\/\/www.europesays.com\/fr\/wp-json\/wp\/v2\/tags?post=527388"}],"curies":[{"name":"wp","href":"https:\/\/api.w.org\/{rel}","templated":true}]}}