{"id":527391,"date":"2025-11-11T15:24:10","date_gmt":"2025-11-11T15:24:10","guid":{"rendered":"https:\/\/www.europesays.com\/fr\/527391\/"},"modified":"2025-11-11T15:24:10","modified_gmt":"2025-11-11T15:24:10","slug":"animalis-disponible-a-la-livraison-sur-uber-eats-dans-3-villes","status":"publish","type":"post","link":"https:\/\/www.europesays.com\/fr\/527391\/","title":{"rendered":"Animalis disponible \u00e0 la livraison sur Uber Eats dans 3 villes"},"content":{"rendered":"<p>            Par<br \/>\n        <strong><br \/>\n            <a href=\"https:\/\/actu.fr\/auteur\/margot-nicodeme\" title=\"Consulter tous les articles de Margot Nicod\u00e8me\" target=\"_blank\" rel=\"noopener\">Margot Nicod\u00e8me<\/a><br \/>\n        <\/strong><\/p>\n<p>        Publi\u00e9 le<\/p>\n<p>            11 nov. 2025 \u00e0 16h00        <\/p>\n<p>Leur offrir une friandise, un jouet, un accessoire \u00e0 la derni\u00e8re minute et en quelques clics : <b>les animaux de compagnie<\/b> peuvent d\u00e9sormais profiter du service <b>Uber Eats<\/b> ! L\u2019enseigne Animalis a nou\u00e9 un partenariat avec la plateforme de livraison, et les habitants de<b> 85 villes en France peuvent en b\u00e9n\u00e9ficier<\/b>. Trois d\u2019entre elles se trouvent dans la m\u00e9tropole de <a href=\"https:\/\/actu.fr\/hauts-de-france\/lille_59350\" target=\"_blank\" rel=\"noopener\">Lille<\/a> (Nord).<\/p>\n<p>2 500 r\u00e9f\u00e9rences sur l\u2019application : Animalis d\u00e9barque sur Uber Eats dans la m\u00e9tropole de Lille<\/p>\n<p class=\" wall-content\">Le partenariat est n\u00e9 d\u2019un constat simple : 71% des clients de l\u2019application Uber Eats\u00a0poss\u00e8dent au moins <a href=\"https:\/\/actu.fr\/hauts-de-france\/coudekerque-branche_59155\/un-nouveau-magasin-maxi-zoo-ouvre-dans-le-nord-pres-de-5-000-produits-en-rayon-pour-nos-animaux_63419777.html\" target=\"_blank\" rel=\"noopener\">un animal de compagnie<\/a> (dont 48% un chat et 36% un chien), r\u00e9v\u00e8le Animalis dans un communiqu\u00e9. Que ces utilisateurs soient surpris par une p\u00e9nurie de croquettes, ou qu\u2019ils veuillent r\u00e9compenser spontan\u00e9ment leur petit compagnon, la livraison d\u2019articles en tous genres est \u00e0 port\u00e9e de main.<\/p>\n<p class=\" wall-content\">Dans la m\u00e9tropole de Lille, ce sont les villes de <a href=\"https:\/\/actu.fr\/hauts-de-france\/la-madeleine_59368\" target=\"_blank\" rel=\"noopener\">La Madeleine<\/a>, <a href=\"https:\/\/actu.fr\/hauts-de-france\/villeneuve-d-ascq_59009\" target=\"_blank\" rel=\"noopener\">Villeneuve-d\u2019Ascq<\/a> et <a href=\"https:\/\/actu.fr\/hauts-de-france\/seclin_59560\" target=\"_blank\" rel=\"noopener\">Seclin<\/a> qui sont concern\u00e9es par cette nouveaut\u00e9. \u00ab\u00a0Avec pr\u00e8s de<b> 2 500 r\u00e9f\u00e9rences disponibles sur l\u2019application<\/b>, les clients trouveront tout le n\u00e9cessaire pour choyer notamment leurs chiens et leurs chats, sans oublier les compagnons \u00e0 plumes ou \u00e0 nageoires\u00a0\u00bb, conclut la marque.<\/p>\n<p class=\" wall-content\">Personnalisez votre actualit\u00e9 en ajoutant vos villes et m\u00e9dias en favori avec <a href=\"https:\/\/moncompte.actu.fr\" title=\"D\u00e9couvez Mon Actu\" rel=\"nofollow noopener\" data-trk=\"{&quot;cta&quot;:{&quot;action&quot;:&quot;https:\\\/\\\/moncompte.actu.fr&quot;,&quot;category&quot;:&quot;mon compte&quot;,&quot;from&quot;:&quot;article footer&quot;,&quot;name&quot;:&quot;Mon actu&quot;,&quot;type&quot;:&quot;cta&quot;}}\" target=\"_blank\">Mon Actu<\/a>.<\/p>\n","protected":false},"excerpt":{"rendered":"Par Margot Nicod\u00e8me Publi\u00e9 le 11 nov. 2025 \u00e0 16h00 Leur offrir une friandise, un jouet, un accessoire&hellip;\n","protected":false},"author":2,"featured_media":527392,"comment_status":"","ping_status":"","sticky":false,"template":"","format":"standard","meta":{"footnotes":""},"categories":[2815],"tags":[1111,11,1867,6557,215,33,1777,674,1011,27,811,1307,12,25],"class_list":{"0":"post-527391","1":"post","2":"type-post","3":"status-publish","4":"format-standard","5":"has-post-thumbnail","7":"category-lille","8":"tag-actu","9":"tag-actualites","10":"tag-animaux","11":"tag-bon-plan-a-lille","12":"tag-commerce","13":"tag-economie","14":"tag-eu","15":"tag-europe","16":"tag-fr","17":"tag-france","18":"tag-hauts-de-france","19":"tag-lille","20":"tag-news","21":"tag-republique-francaise"},"share_on_mastodon":{"url":"https:\/\/pubeurope.com\/@fr\/115531760562110439","error":""},"_links":{"self":[{"href":"https:\/\/www.europesays.com\/fr\/wp-json\/wp\/v2\/posts\/527391","targetHints":{"allow":["GET"]}}],"collection":[{"href":"https:\/\/www.europesays.com\/fr\/wp-json\/wp\/v2\/posts"}],"about":[{"href":"https:\/\/www.europesays.com\/fr\/wp-json\/wp\/v2\/types\/post"}],"author":[{"embeddable":true,"href":"https:\/\/www.europesays.com\/fr\/wp-json\/wp\/v2\/users\/2"}],"replies":[{"embeddable":true,"href":"https:\/\/www.europesays.com\/fr\/wp-json\/wp\/v2\/comments?post=527391"}],"version-history":[{"count":0,"href":"https:\/\/www.europesays.com\/fr\/wp-json\/wp\/v2\/posts\/527391\/revisions"}],"wp:featuredmedia":[{"embeddable":true,"href":"https:\/\/www.europesays.com\/fr\/wp-json\/wp\/v2\/media\/527392"}],"wp:attachment":[{"href":"https:\/\/www.europesays.com\/fr\/wp-json\/wp\/v2\/media?parent=527391"}],"wp:term":[{"taxonomy":"category","embeddable":true,"href":"https:\/\/www.europesays.com\/fr\/wp-json\/wp\/v2\/categories?post=527391"},{"taxonomy":"post_tag","embeddable":true,"href":"https:\/\/www.europesays.com\/fr\/wp-json\/wp\/v2\/tags?post=527391"}],"curies":[{"name":"wp","href":"https:\/\/api.w.org\/{rel}","templated":true}]}}