{"id":527395,"date":"2025-11-11T15:26:17","date_gmt":"2025-11-11T15:26:17","guid":{"rendered":"https:\/\/www.europesays.com\/fr\/527395\/"},"modified":"2025-11-11T15:26:17","modified_gmt":"2025-11-11T15:26:17","slug":"les-simones-un-plateau-dhumour-pense-par-les-femmes-au-vigs-a-marseille","status":"publish","type":"post","link":"https:\/\/www.europesays.com\/fr\/527395\/","title":{"rendered":"Les Simones, un plateau d&rsquo;humour pens\u00e9 par les femmes au Vig&rsquo;s \u00e0 Marseille"},"content":{"rendered":"<p>De l\u2019humour au f\u00e9minin lors d\u2019une soir\u00e9e de f\u00eate, c\u2019est ce qui attend les spectateurs du Vig\u2019s ce jeudi 13\u00a0novembre. \u00c0 l\u2019image du Garage Comedy et son plateau Les M\u00e9caniciennes ou encore des soir\u00e9es Les Gadjis organis\u00e9es \u00e0 l\u2019Art D\u00fb, le com\u00e9die club ouvert par <a href=\"https:\/\/www.laprovence.com\/article\/culture-loisirs\/1016576723966414\/marseille-gad-elmaleh-a-inaugure-son-comedie-club-entoure-de-people\" target=\"_blank\" rel=\"noopener\">Gad Elmaleh<\/a> lance \u00e0 son tour une soir\u00e9e d\u00e9di\u00e9e aux femmes, nomm\u00e9e Les Simones.<\/p>\n<p>Avec, aux commandes, la stand-uppeuse aixoise <a href=\"https:\/\/www.laprovence.com\/article\/culture-loisirs\/1095485943614514\/stand-up-marseillais-miss-augine-la-promesse-de-rire-en-famille\" target=\"_blank\" rel=\"noopener\">Marion Augine<\/a>, ex-Miss Augine et r\u00e9sidente du lieu : \u00ab\u00a0J\u2019ai commenc\u00e9 le projet en me demandant ce que serait ma soir\u00e9e id\u00e9ale si je devais sortir avec des copines, tout en voulant amener autre chose que les soir\u00e9es cr\u00e9\u00e9es ailleurs. Et surtout, en prenant en compte les contraintes qu\u2019on peut avoir en tant que maman, comme c\u2019est mon cas. Par exemple avoir plusieurs choses au m\u00eame endroit, ne pas finir trop tard\u2026\u00a0\u00bb<\/p>\n<p>Ainsi, la formule id\u00e9ale a \u00e9t\u00e9 d\u00e9finie\u00a0: une soir\u00e9e comportant <a href=\"https:\/\/www.laprovence.com\/article\/culture-loisirs\/5393349127184414\/avec-le-succes-du-stand-up-les-demandes-de-formation-cartonnent-a-marseille\" target=\"_blank\" rel=\"noopener\">un plateau stand-up<\/a>, un cocktail offert \u00e0 chaque spectateur, un karaok\u00e9 ou un blindtest et une offre de restauration. C\u00f4t\u00e9 public, tout le monde est bienvenu quel que soit son genre. \u00ab\u00a0Mais aussi sur sc\u00e8ne, pointe Marion Augine. Les plateaux seront tr\u00e8s majoritairement compos\u00e9s de femmes, avec des sujets principalement f\u00e9minins. Pour autant on ne va pas se couper d\u2019hommes sympas ou d\u2019invit\u00e9s exceptionnels qui passeraient dans la r\u00e9gion.\u00a0\u00bb<\/p>\n<p>Pour la toute premi\u00e8re soir\u00e9e, Marion Augine officiera en tant que MC \u00ab\u00a0en mode bienveillante, avec l\u2019id\u00e9e de prendre le temps de discuter avec les spectateurs\u00a0\u00bb. Le plateau sera 100% f\u00e9minin avec des artistes confirm\u00e9es de la sc\u00e8ne marseillaise\u00a0: <a href=\"https:\/\/www.laprovence.com\/article\/culture-loisirs\/47951217573060\/anais-gilles-l-humoriste-qui-parle-aux-quadras-ce-vendredi-soir-a-marseille\" target=\"_blank\" rel=\"noopener\">Ana\u00efs Gilles<\/a>, Beacrizzz, Donia, Manon Rosa et Salima Passion. Il reste encore quelques places en vente, tandis que la prochaine date a d\u00e9j\u00e0 \u00e9t\u00e9 fix\u00e9e : ce sera le 18 d\u00e9cembre \u00e0 20\u00a0heures. \u00ab\u00a0Pour le moment, on part sur un rythme mensuel qui pourra \u00e9voluer dans le temps\u00a0\u00bb, indique Marion Augine.<\/p>\n<p>Et pourquoi ce nom, Les Simones\u00a0? \u00ab\u00a0Beaucoup de personnes pensent tout de suite \u00e0 Simone Veil, mais ce n\u2019est pas la raison. Quand Gad Elmaleh et ses associ\u00e9s ont ouvert le Vig\u2019s, c\u2019\u00e9tait un hommage au chanteur marocain Vigon, qui faisait du jazz. On voulait garder cette fibre musicale en rendant hommage \u00e0 Nina Simone qui, en plus, a v\u00e9cu \u00e0 Bouc-Bel-Air puis Carry-le-Rouet.\u00a0\u00bb<\/p>\n<p>Le 13 novembre 2025 \u00e0 20\u00a0h au Vig&rsquo;s, \u00e0 Marseille. 18\u00a0\u20ac, www.levigs.com<\/p>\n","protected":false},"excerpt":{"rendered":"De l\u2019humour au f\u00e9minin lors d\u2019une soir\u00e9e de f\u00eate, c\u2019est ce qui attend les spectateurs du Vig\u2019s ce&hellip;\n","protected":false},"author":2,"featured_media":527396,"comment_status":"","ping_status":"","sticky":false,"template":"","format":"standard","meta":{"footnotes":""},"categories":[2814],"tags":[17,1111,11,251,64669,1777,674,1011,27,151,884,12,5912,43453,7498,882,25,64668],"class_list":{"0":"post-527395","1":"post","2":"type-post","3":"status-publish","4":"format-standard","5":"has-post-thumbnail","7":"category-marseille","8":"tag-17","9":"tag-actu","10":"tag-actualites","11":"tag-culture","12":"tag-dhumour","13":"tag-eu","14":"tag-europe","15":"tag-fr","16":"tag-france","17":"tag-les","18":"tag-marseille","19":"tag-news","20":"tag-par","21":"tag-pense","22":"tag-plateau","23":"tag-provence-alpes-cote-dazur","24":"tag-republique-francaise","25":"tag-simones"},"share_on_mastodon":{"url":"https:\/\/pubeurope.com\/@fr\/115531768722823724","error":""},"_links":{"self":[{"href":"https:\/\/www.europesays.com\/fr\/wp-json\/wp\/v2\/posts\/527395","targetHints":{"allow":["GET"]}}],"collection":[{"href":"https:\/\/www.europesays.com\/fr\/wp-json\/wp\/v2\/posts"}],"about":[{"href":"https:\/\/www.europesays.com\/fr\/wp-json\/wp\/v2\/types\/post"}],"author":[{"embeddable":true,"href":"https:\/\/www.europesays.com\/fr\/wp-json\/wp\/v2\/users\/2"}],"replies":[{"embeddable":true,"href":"https:\/\/www.europesays.com\/fr\/wp-json\/wp\/v2\/comments?post=527395"}],"version-history":[{"count":0,"href":"https:\/\/www.europesays.com\/fr\/wp-json\/wp\/v2\/posts\/527395\/revisions"}],"wp:featuredmedia":[{"embeddable":true,"href":"https:\/\/www.europesays.com\/fr\/wp-json\/wp\/v2\/media\/527396"}],"wp:attachment":[{"href":"https:\/\/www.europesays.com\/fr\/wp-json\/wp\/v2\/media?parent=527395"}],"wp:term":[{"taxonomy":"category","embeddable":true,"href":"https:\/\/www.europesays.com\/fr\/wp-json\/wp\/v2\/categories?post=527395"},{"taxonomy":"post_tag","embeddable":true,"href":"https:\/\/www.europesays.com\/fr\/wp-json\/wp\/v2\/tags?post=527395"}],"curies":[{"name":"wp","href":"https:\/\/api.w.org\/{rel}","templated":true}]}}