{"id":527399,"date":"2025-11-11T15:28:17","date_gmt":"2025-11-11T15:28:17","guid":{"rendered":"https:\/\/www.europesays.com\/fr\/527399\/"},"modified":"2025-11-11T15:28:17","modified_gmt":"2025-11-11T15:28:17","slug":"lyon-selfies-bises-et-plaisanteries-a-la-fin-de-la-ceremonie-du-11-novembre-le-candidat-aulas-joue-les-prolongations-avec-le-public","status":"publish","type":"post","link":"https:\/\/www.europesays.com\/fr\/527399\/","title":{"rendered":"Lyon. Selfies, bises et plaisanteries\u2026 \u00c0 la fin de la c\u00e9r\u00e9monie du 11-Novembre, le candidat Aulas joue les prolongations avec le public"},"content":{"rendered":"<p>C\u2019est l\u2019\u00e9v\u00e9nement dans l\u2019\u00e9v\u00e9nement. O\u00f9 qu\u2019il aille, <a href=\"https:\/\/www.leprogres.fr\/p\/jean-michel-aulas\" target=\"_blank\" rel=\"nofollow noopener\">Jean-Michel Aulas<\/a> ne passe pas inaper\u00e7u. Festival Lumi\u00e8re, gala de charit\u00e9, Vogue des marrons\u2026 Celui qui se pr\u00e9sente comme le candidat sans \u00e9tiquette \u00e0 la mairie de Lyon soutenu par les R\u00e9publicains et les macronistes est ce mardi matin dans les tribunes de la c\u00e9r\u00e9monie de comm\u00e9moration du 11-Novembre, au parc de la T\u00eate-d\u2019Or. Il est venu avec ses troupes de C\u0153ur Lyonnais.<\/p>\n<p>\u00c0 ses c\u00f4t\u00e9s, Isabelle Sabran, l\u2019ancienne charg\u00e9e du protocole \u00e0 la mairie, \u00e9poque <a href=\"https:\/\/www.leprogres.fr\/p\/gerard-collomb\" target=\"_blank\" rel=\"nofollow noopener\">G\u00e9rard Collomb<\/a>. Engag\u00e9e \u00ab\u00a0b\u00e9n\u00e9volement\u00a0\u00bb, elle est en charge du protocole pour la campagne. C\u2019est elle qui l\u2019avait introduite \u00e0 la c\u00e9r\u00e9monie de la Lib\u00e9ration de Lyon, en septembre. Elle qui, ce matin-l\u00e0, lui pr\u00e9sente les responsables des cultes, des associations m\u00e9morielles\u2026<\/p>\n<p>  S\u00e9rail lyonnais<\/p>\n<p>Alors que les officiels se dirigent vers l\u2019\u00eele du souvenir, l\u2019ancien patron de l\u2019OL joue les prolongations devant la porte des enfants du Rh\u00f4ne avec des personnalit\u00e9s du s\u00e9rail lyonnais. Il y a aussi les anonymes. Des jeunes, des hommes, des femmes, des enfants qui sortis du public, sont nombreux \u00e0 faire la queue pour le saluer, l\u2019embrasser, \u00e9changer quelques mots, plaisanter et se prendre en photos. \u00ab\u00a0Il est tr\u00e8s accessible\u00a0\u00bb, dit Isabelle Sabran buvant du petit lait devant sa notori\u00e9t\u00e9.<\/p>\n<p>De loin, quelques \u00e9lus \u00e9cologistes et de gauche assistent \u00e0 la sc\u00e8ne. On murmure\u00a0: \u00ab <a href=\"https:\/\/www.leprogres.fr\/elections\/2025\/11\/02\/c-est-l-offensive-des-droites-dures-le-binome-doucet-runel-fustige-jean-michel-aulas\" target=\"_blank\" rel=\"nofollow noopener\">\u00a0Il est populaire mais qu\u2019en restera-t-il dans six mois, au moment de voter<\/a> \u00a0? Les gens ne voient pas ce qu\u2019il incarne dans cette campagne.\u00a0\u00bb<\/p>\n","protected":false},"excerpt":{"rendered":"C\u2019est l\u2019\u00e9v\u00e9nement dans l\u2019\u00e9v\u00e9nement. O\u00f9 qu\u2019il aille, Jean-Michel Aulas ne passe pas inaper\u00e7u. Festival Lumi\u00e8re, gala de charit\u00e9,&hellip;\n","protected":false},"author":2,"featured_media":527400,"comment_status":"","ping_status":"","sticky":false,"template":"","format":"standard","meta":{"footnotes":""},"categories":[1889],"tags":[1111,11,2430,2757,4188,1777,674,107,1011,27,2428,2756,12,316,25,2429],"class_list":{"0":"post-527399","1":"post","2":"type-post","3":"status-publish","4":"format-standard","5":"has-post-thumbnail","7":"category-lyon","8":"tag-actu","9":"tag-actualites","10":"tag-auvergne-rhone-alpes","11":"tag-edition-lyon-villeurbanne","12":"tag-elections-municipales","13":"tag-eu","14":"tag-europe","15":"tag-fil-info","16":"tag-fr","17":"tag-france","18":"tag-lyon","19":"tag-lyon-bassin","20":"tag-news","21":"tag-politique","22":"tag-republique-francaise","23":"tag-rhone"},"share_on_mastodon":{"url":"https:\/\/pubeurope.com\/@fr\/115531776341600588","error":""},"_links":{"self":[{"href":"https:\/\/www.europesays.com\/fr\/wp-json\/wp\/v2\/posts\/527399","targetHints":{"allow":["GET"]}}],"collection":[{"href":"https:\/\/www.europesays.com\/fr\/wp-json\/wp\/v2\/posts"}],"about":[{"href":"https:\/\/www.europesays.com\/fr\/wp-json\/wp\/v2\/types\/post"}],"author":[{"embeddable":true,"href":"https:\/\/www.europesays.com\/fr\/wp-json\/wp\/v2\/users\/2"}],"replies":[{"embeddable":true,"href":"https:\/\/www.europesays.com\/fr\/wp-json\/wp\/v2\/comments?post=527399"}],"version-history":[{"count":0,"href":"https:\/\/www.europesays.com\/fr\/wp-json\/wp\/v2\/posts\/527399\/revisions"}],"wp:featuredmedia":[{"embeddable":true,"href":"https:\/\/www.europesays.com\/fr\/wp-json\/wp\/v2\/media\/527400"}],"wp:attachment":[{"href":"https:\/\/www.europesays.com\/fr\/wp-json\/wp\/v2\/media?parent=527399"}],"wp:term":[{"taxonomy":"category","embeddable":true,"href":"https:\/\/www.europesays.com\/fr\/wp-json\/wp\/v2\/categories?post=527399"},{"taxonomy":"post_tag","embeddable":true,"href":"https:\/\/www.europesays.com\/fr\/wp-json\/wp\/v2\/tags?post=527399"}],"curies":[{"name":"wp","href":"https:\/\/api.w.org\/{rel}","templated":true}]}}