{"id":527401,"date":"2025-11-11T15:29:19","date_gmt":"2025-11-11T15:29:19","guid":{"rendered":"https:\/\/www.europesays.com\/fr\/527401\/"},"modified":"2025-11-11T15:29:19","modified_gmt":"2025-11-11T15:29:19","slug":"lyon-34-antimilitaristes-presumes-arretes-pour-avoir-voulu-perturber-la-ceremonie-du-11-novembre","status":"publish","type":"post","link":"https:\/\/www.europesays.com\/fr\/527401\/","title":{"rendered":"Lyon. 34 antimilitaristes pr\u00e9sum\u00e9s arr\u00eat\u00e9s pour avoir voulu perturber la c\u00e9r\u00e9monie du 11-Novembre"},"content":{"rendered":"<p>Trente-quatre membres pr\u00e9sum\u00e9s de la mouvance antimilitariste de l\u2019ultra-gauche ont \u00e9t\u00e9 interpell\u00e9s, en marge de la c\u00e9r\u00e9monie de comm\u00e9moration, \u00e0 Lyon, de l\u2019armistice de la Premi\u00e8re Guerre mondiale. Ce jour f\u00e9ri\u00e9 rend d\u00e9sormais hommage \u00e0 tous les morts pour la France. La c\u00e9r\u00e9monie du 11-Novembre s\u2019est tenue mardi matin au parc de la T\u00eate-d\u2019Or (Lyon 6e ).<\/p>\n<p>Selon une source s\u00e9curitaire, le groupe arr\u00eat\u00e9 \u00ab\u00a0voulait perturber la c\u00e9r\u00e9monie\u00a0\u00bb. Les suspects ont \u00e9t\u00e9 transport\u00e9s \u00e0 l\u2019h\u00f4tel de police (Lyon 8e ) o\u00f9 ils ont \u00e9t\u00e9 verbalis\u00e9s pour non-respect d\u2019un arr\u00eat\u00e9 pr\u00e9fectoral d\u2019interdiction de manifestation.<\/p>\n<p>Au final, la comm\u00e9moration n\u2019a \u00e9t\u00e9 \u00e9maill\u00e9e d\u2019aucun incident. Les arrestations ont \u00e9t\u00e9 effectu\u00e9es discr\u00e8tement. Ce risque de manifestation d\u2019antimilitaristes d\u2019ultra-gauche avait \u00e9t\u00e9 identifi\u00e9 par les services de renseignement.<\/p>\n<p>  Un drone mobilis\u00e9<\/p>\n<p>La pr\u00e9f\u00e8te de R\u00e9gion, <a href=\"https:\/\/www.leprogres.fr\/p\/fabienne-buccio\" target=\"_blank\" rel=\"nofollow noopener\">Fabienne Buccio<\/a>, avait en cons\u00e9quence d\u00e9cid\u00e9 de renforcer le dispositif policier, pour couvrir un p\u00e9rim\u00e8tre \u00e9largi, avec la mobilisation de CRS, de la compagnie d\u00e9partementale d\u2019intervention et d\u2019effectifs en civil, ainsi que de militaires de l\u2019op\u00e9ration Sentinelle. Des policiers municipaux s\u00e9curisaient \u00e9galement les lieux. Des contr\u00f4les ont \u00e9t\u00e9 men\u00e9s aux entr\u00e9es du parc, survol\u00e9 par un drone.<\/p>\n<p>Les participants \u00e0 la c\u00e9r\u00e9monie les plus observateurs, qui ont remarqu\u00e9 cette pr\u00e9sence polici\u00e8re renforc\u00e9e, ont certainement pens\u00e9 qu\u2019elle \u00e9tait en lien avec le risque terroriste, \u00e0 l\u2019approche des comm\u00e9morations, jeudi, des dix ans des attentats du 13-Novembre.<\/p>\n","protected":false},"excerpt":{"rendered":"Trente-quatre membres pr\u00e9sum\u00e9s de la mouvance antimilitariste de l\u2019ultra-gauche ont \u00e9t\u00e9 interpell\u00e9s, en marge de la c\u00e9r\u00e9monie de&hellip;\n","protected":false},"author":2,"featured_media":527402,"comment_status":"","ping_status":"","sticky":false,"template":"","format":"standard","meta":{"footnotes":""},"categories":[1889],"tags":[1111,11,2430,2757,1777,674,274,1011,27,2428,2756,12,25,2429],"class_list":{"0":"post-527401","1":"post","2":"type-post","3":"status-publish","4":"format-standard","5":"has-post-thumbnail","7":"category-lyon","8":"tag-actu","9":"tag-actualites","10":"tag-auvergne-rhone-alpes","11":"tag-edition-lyon-villeurbanne","12":"tag-eu","13":"tag-europe","14":"tag-faits-divers-justice","15":"tag-fr","16":"tag-france","17":"tag-lyon","18":"tag-lyon-bassin","19":"tag-news","20":"tag-republique-francaise","21":"tag-rhone"},"share_on_mastodon":{"url":"https:\/\/pubeurope.com\/@fr\/115531780121224262","error":""},"_links":{"self":[{"href":"https:\/\/www.europesays.com\/fr\/wp-json\/wp\/v2\/posts\/527401","targetHints":{"allow":["GET"]}}],"collection":[{"href":"https:\/\/www.europesays.com\/fr\/wp-json\/wp\/v2\/posts"}],"about":[{"href":"https:\/\/www.europesays.com\/fr\/wp-json\/wp\/v2\/types\/post"}],"author":[{"embeddable":true,"href":"https:\/\/www.europesays.com\/fr\/wp-json\/wp\/v2\/users\/2"}],"replies":[{"embeddable":true,"href":"https:\/\/www.europesays.com\/fr\/wp-json\/wp\/v2\/comments?post=527401"}],"version-history":[{"count":0,"href":"https:\/\/www.europesays.com\/fr\/wp-json\/wp\/v2\/posts\/527401\/revisions"}],"wp:featuredmedia":[{"embeddable":true,"href":"https:\/\/www.europesays.com\/fr\/wp-json\/wp\/v2\/media\/527402"}],"wp:attachment":[{"href":"https:\/\/www.europesays.com\/fr\/wp-json\/wp\/v2\/media?parent=527401"}],"wp:term":[{"taxonomy":"category","embeddable":true,"href":"https:\/\/www.europesays.com\/fr\/wp-json\/wp\/v2\/categories?post=527401"},{"taxonomy":"post_tag","embeddable":true,"href":"https:\/\/www.europesays.com\/fr\/wp-json\/wp\/v2\/tags?post=527401"}],"curies":[{"name":"wp","href":"https:\/\/api.w.org\/{rel}","templated":true}]}}