{"id":527405,"date":"2025-11-11T15:33:32","date_gmt":"2025-11-11T15:33:32","guid":{"rendered":"https:\/\/www.europesays.com\/fr\/527405\/"},"modified":"2025-11-11T15:33:32","modified_gmt":"2025-11-11T15:33:32","slug":"a-paris-les-evenements-photo-a-ne-pas-rater-en-ce-mois-de-novembre","status":"publish","type":"post","link":"https:\/\/www.europesays.com\/fr\/527405\/","title":{"rendered":"\u00c0 Paris, les \u00e9v\u00e9nements photo \u00e0 ne pas rater en ce mois de novembre"},"content":{"rendered":"<p class=\"editor-content__paragraph\">C\u2019est un rendez-vous rituel\u00a0: apr\u00e8s les foires d\u2019art contemporain d\u2019octobre, la <strong>photographie<\/strong> est \u00e0 l\u2019honneur au mois de novembre, et notamment durant la p\u00e9riode de la foire \u00e9v\u00e9nement <strong>Paris Photo au Grand Palais<\/strong>, du 13\u00a0au 16.<\/p>\n<p class=\"editor-content__paragraph\">R\u00e9unissant <strong>222\u00a0galeries et \u00e9diteurs<\/strong> venus du monde entier, sa 28e \u00e9dition s\u2019annonce particuli\u00e8rement riche, organis\u00e9e comme toujours en <strong>diff\u00e9rents secteurs<\/strong>\u00a0: \u00ab\u00a0Principal\u00a0\u00bb, \u00ab\u00a0Digital\u00a0\u00bb, \u00ab\u00a0Emergence\u00a0\u00bb, \u00ab\u00a0Editions\u00a0\u00bb et \u00ab\u00a0Voices\u00a0\u00bb \u2013 un parcours curat\u00e9 \u00e0 la mani\u00e8re d\u2019une exposition par Devika Singh, ma\u00eetre de conf\u00e9rences \u00e0 l\u2019Institut Courtauld, et Nadine Wietlisbach, directrice du Fotomuseum Winterthur.<\/p>\n<p>        \u00c0 lire aussi :<br \/>\n        <a class=\"renvoi-explicite__link\" href=\"https:\/\/www.beauxarts.com\/expos\/ce-quil-ne-faut-pas-rater-a-paris-photo-cette-annee\/\" target=\"_blank\" rel=\"noopener\">Ce qu&rsquo;il ne faut pas rater \u00e0 Paris Photo cette ann\u00e9e<\/a><\/p>\n<p>Offprint, a ppr oc he, PhotoSaintGermain\u2026 Des \u00e9v\u00e9nements photo gratuits<\/p>\n<p class=\"editor-content__paragraph\">Mais sinon\u00a0? Ceux qui voudraient \u00e9viter de payer <strong>35 \u00e0 40\u00a0euros l\u2019entr\u00e9e au Grand Palais<\/strong> seront heureux de savoir que de nombreux rendez-vous sont <strong>gratuits<\/strong>. Parmi eux, quelques foires, comme le <strong>salon a ppr oc he<\/strong>, qui investit pour sa 9e \u00e9dition <strong>le Moli\u00e8re<\/strong>, rue de Richelieu, avec une s\u00e9lection resserr\u00e9e.<\/p>\n<p class=\"editor-content__paragraph\">Ou <strong>Offprint Paris<\/strong>, bien install\u00e9 dans le chouette tiers-lieu du 5e arrondissement <strong>C\u00e9sure<\/strong>, et qui invite plus de<strong> 150\u00a0\u00ab\u00a0\u00e9diteurs ind\u00e9pendants, exp\u00e9rimentaux<\/strong> et socialement engag\u00e9s dans les domaines des arts, de l\u2019architecture, du design, des sciences humaines et de la culture visuelle\u00a0\u00bb.<\/p>\n<p>    <img loading=\"lazy\" decoding=\"async\" class=\"image__img\" src=\"https:\/\/www.europesays.com\/fr\/wp-content\/uploads\/2025\/11\/webandras-ladocsi-beach-2023--courtesy-of-artist-galerie-obsession-964x1180.jpg\" alt=\"Andra\u0301s Ladocsi, Beach\" width=\"964\" height=\"1180\"\/><\/p>\n<p>Andra\u0301s Ladocsi, Beach, 2023<\/p>\n<p>    i<\/p>\n<p class=\"legende__cartel\">Pr\u00e9sent\u00e9 \u00e0 Paris Photo 2025\u00a0\u2022 Courtesy Andra\u0301s Ladocsi &amp; Galerie Obsession, Paris<\/p>\n<p class=\"editor-content__paragraph\">Amateurs de belles publications\u00a0? Rendez-vous du 12\u00a0au 16\u00a0sur les berges de Seine et le <strong style=\"font-size: 1.125rem;\">bateau Concorde-Atlantique<\/strong>, pas pour y faire la f\u00eate (quoique) mais pour y d\u00e9couvrir le<strong style=\"font-size: 1.125rem;\"> salon Polycopies<\/strong>, sp\u00e9cialis\u00e9 en <strong style=\"font-size: 1.125rem;\">livres de photographie<\/strong>. <\/p>\n<p class=\"editor-content__paragraph\">Toujours sur la rive gauche, on en profitera pour faire un tour au<strong style=\"font-size: 1.125rem;\"> festival PhotoSaintGermain<\/strong>, qui rassemble plusieurs dizaines de centres culturels, galeries et librairies dans un vaste parcours, la plupart offrant leurs murs \u00e0 un solo show.<\/p>\n<p>Des parcours \u00e0 Paris\u2026<\/p>\n<p class=\"editor-content__paragraph\">On sautera ainsi de la <strong>mairie du 7e arrondissement<\/strong> (Anne-Lise Broyer) au Centre culturel irlandais (Daragh Soden), en faisait un d\u00e9tour par <strong>l\u2019Institut national des jeunes aveugles<\/strong> (Sixtine de Th\u00e9), la galerie Mad\u00e9 (Alexandre Silberman) et Le Minotaure (Florence Henri), avant de finir sur les hauteurs montagneuses de la librairie des Alpes (Maurice Schobinger). C\u00f4t\u00e9 chair fra\u00eeche, on passera une t\u00eate \u00e0 l\u2019<strong>Atelier de S\u00e8vres<\/strong> ou \u00e0 l\u2019<strong>\u00c9cole nationale sup\u00e9rieure d\u2019architecture Paris\u2011Malaquais<\/strong> pour d\u00e9couvrir une s\u00e9lection de travaux d\u2019\u00e9tudiants.<\/p>\n<p>    <img loading=\"lazy\" decoding=\"async\" class=\"image__img\" src=\"https:\/\/www.europesays.com\/fr\/wp-content\/uploads\/2025\/11\/webphotodays_salpetriere_balague_bd_003_credit-photo-julie-balague-964x643.jpg\" alt=\"Exposition de Julie Balagu\u00e9 \u00e0 la Chapelle Saint-Louis de la Salp\u00eatri\u00e8re pour Photo Days\" width=\"964\" height=\"643\"\/><\/p>\n<p>Exposition de Julie Balagu\u00e9 \u00e0 la Chapelle Saint-Louis de la Salp\u00eatri\u00e8re pour Photo Days, 2025<\/p>\n<p>    i<\/p>\n<p class=\"editor-content__paragraph\">Jouant elles aussi la carte du parcours entre diff\u00e9rents lieux (gratuits), les <strong>Rencontres photographiques du 10e arrondissement<\/strong> nous font repasser sur la rive droite pour d\u00e9couvrir des expositions au <strong>Point \u00e9ph\u00e9m\u00e8re<\/strong> (Sonia Reveyaz), aux <strong>R\u00e9collets<\/strong> (Esad Akda\u011f) ou encore \u00e0 <strong>Chapelle XIV<\/strong> (Ninon Hivert).<\/p>\n<p>        \u00c0 lire aussi :<br \/>\n        <a class=\"renvoi-explicite__link\" href=\"https:\/\/www.beauxarts.com\/expos\/5-expos-photo-en-galeries-a-paris-qui-nous-font-flasher\/\" target=\"_blank\" rel=\"noopener\">5 expos photo en galeries \u00e0 Paris qui nous font flasher<\/a><\/p>\n<p>Et dans toute la r\u00e9gion parisienne<\/p>\n<p class=\"editor-content__paragraph\">Enfin, le<strong> festival Photo Days<\/strong> r\u00e9unit lui aussi des lieux<strong> de toute l\u2019\u00cele-de-France<\/strong>, avec des <strong>galeries<\/strong> (Cl\u00e9mentine de la F\u00e9ronni\u00e8re dans le 4e, Fisheye dans le 10e, Thaddaeus Ropac dans le 3e, cette derni\u00e8re s\u2019ouvrant aux superbes images de <a href=\"https:\/\/www.beauxarts.com\/grand-format\/constantin-brancusi-en-2-minutes\/\" target=\"_blank\" rel=\"noopener\">Constantin Brancusi<\/a>), mais aussi des <strong>institutions<\/strong> (mus\u00e9e Carnavalet, MAC VAL\u2026) et des <strong>\u00ab\u00a0lieux atypiques\u00a0\u00bb<\/strong>, comme l\u2019Adagp, la Chapelle de Clairefontaine, le Studio Frank Horvat ou encore le Transfo d\u2019Emma\u00fcs.<\/p>\n<p>    <img loading=\"lazy\" decoding=\"async\" class=\"image__img\" src=\"https:\/\/www.europesays.com\/fr\/wp-content\/uploads\/2025\/11\/webclaudia-andujar-sem-titulo-da-serie-rua-direita-1970--courtesy-of-artist-galeria-vermelho-2-964x6.jpeg\" alt=\"Claudia Andujar, Sem ti\u0301tulo \u2013 da se\u0301rie Rua Direita\" width=\"964\" height=\"643\"\/><\/p>\n<p>Claudia Andujar, Sem ti\u0301tulo \u2013 da se\u0301rie Rua Direita, 1970<\/p>\n<p>    i<\/p>\n<p class=\"legende__cartel\">Pr\u00e9sent\u00e9e \u00e0 Paris Photo 2025\u00a0\u2022 Courtesy Claudia Andujar &amp; Galeria Vermelho, S\u00e3o Paulo<\/p>\n<p class=\"editor-content__paragraph\">Bref, impossible d\u2019envisager de tout voir en une seule balade, mais <a href=\"https:\/\/photodays.paris\/\" target=\"_blank\" rel=\"noopener\">le site de Photo Days<\/a> offre un bel aper\u00e7u de toutes les <strong>actualit\u00e9s photo d\u2019\u00cele-de-France<\/strong> durant<strong>\u00a0le mois de novembre<\/strong>. \u00c0 vos d\u00e9clics\u00a0!<\/p>\n<p>        \u00c0 lire aussi :<br \/>\n        <a class=\"renvoi-explicite__link\" href=\"https:\/\/www.beauxarts.com\/expos\/7-expos-et-festivals-photo-en-france-qui-nous-ont-tape-dans-loeil\/\" target=\"_blank\" rel=\"noopener\">7 expos et festivals photo en France qui nous ont tap\u00e9 dans l&rsquo;\u0153il<\/a><\/p>\n<p class=\"annexe-content__subtitle\">Du 13 au 16 novembre 2025 au Grand Palais<\/p>\n<p>Plus d\u2019informations <a href=\"https:\/\/www.parisphoto.com\/fr-fr.html\" target=\"_blank\" rel=\"noopener\">sur le site de Paris Photo<\/a><\/p>\n<p class=\"annexe-content__subtitle\">Du 13 au 16 novembre 2025 au Moli\u00e8re<\/p>\n<p>Plus d\u2019informations <a href=\"https:\/\/www.approche.paris\/\" target=\"_blank\" rel=\"noopener\">sur le site du salon a ppr oc he<\/a><\/p>\n<p class=\"annexe-content__subtitle\">Du 13 au 16 novembre 2025 \u00e0 C\u00e9sure<\/p>\n<p>Plus d\u2019informations <a href=\"https:\/\/www.offprint.org\/\" target=\"_blank\" rel=\"noopener\">sur le site d\u2019Offprint Paris<\/a><\/p>\n<p class=\"annexe-content__subtitle\">Du 12 au 16 novembre 2025 sur les berges de Seine<\/p>\n<p>Plus d\u2019informations <a href=\"http:\/\/www.polycopies.net\/\" target=\"_blank\" rel=\"noopener\">sur le salon Polycopies<\/a><\/p>\n<p>  Arrow<\/p>\n<p>Festival PhotoSaintGermain<\/p>\n<p class=\"annexe-content__subtitle\">Du 6 au 30 novembre 2025 dans diff\u00e9rents lieux de Saint-Germain-des-Pr\u00e9s<\/p>\n<p>Plus d\u2019informations <a href=\"https:\/\/www.photosaintgermain.com\/\" target=\"_blank\" rel=\"noopener\">sur le site du festival PhotoSaintGermain<\/a><\/p>\n<p>  Arrow<\/p>\n<p>Rencontres photographiques du 10e<\/p>\n<p class=\"annexe-content__subtitle\">Durant tout le mois de novembre 2025 dans diff\u00e9rents lieux du  10e arrondissement<\/p>\n<p>Plus d\u2019informations <a href=\"https:\/\/www.rencontresphotodu10.fr\/\" target=\"_blank\" rel=\"noopener\">sur le site des Rencontres photographiques du 10e<\/a><\/p>\n<p>  Arrow<\/p>\n<p>Festival Photo Days<\/p>\n<p class=\"annexe-content__subtitle\">Du 3 au 30 novembre 2025 dans toute l&rsquo;\u00cele-de-France<\/p>\n<p>Plus d\u2019informations <a href=\"https:\/\/photodays.paris\/\" target=\"_blank\" rel=\"noopener\">sur le site du festival Photo Days<\/a><\/p>\n","protected":false},"excerpt":{"rendered":"C\u2019est un rendez-vous rituel\u00a0: apr\u00e8s les foires d\u2019art contemporain d\u2019octobre, la photographie est \u00e0 l\u2019honneur au mois de&hellip;\n","protected":false},"author":2,"featured_media":527406,"comment_status":"","ping_status":"","sticky":false,"template":"","format":"standard","meta":{"footnotes":""},"categories":[1888],"tags":[1111,1928,11,1927,1777,674,8181,1011,27,12,1926,626,1925,1756,25],"class_list":{"0":"post-527405","1":"post","2":"type-post","3":"status-publish","4":"format-standard","5":"has-post-thumbnail","7":"category-paris","8":"tag-actu","9":"tag-actu-paris","10":"tag-actualites","11":"tag-actualites-paris","12":"tag-eu","13":"tag-europe","14":"tag-foires","15":"tag-fr","16":"tag-france","17":"tag-news","18":"tag-news-paris","19":"tag-paris","20":"tag-paris-news","21":"tag-photographie","22":"tag-republique-francaise"},"share_on_mastodon":{"url":"https:\/\/pubeurope.com\/@fr\/115531796464504897","error":""},"_links":{"self":[{"href":"https:\/\/www.europesays.com\/fr\/wp-json\/wp\/v2\/posts\/527405","targetHints":{"allow":["GET"]}}],"collection":[{"href":"https:\/\/www.europesays.com\/fr\/wp-json\/wp\/v2\/posts"}],"about":[{"href":"https:\/\/www.europesays.com\/fr\/wp-json\/wp\/v2\/types\/post"}],"author":[{"embeddable":true,"href":"https:\/\/www.europesays.com\/fr\/wp-json\/wp\/v2\/users\/2"}],"replies":[{"embeddable":true,"href":"https:\/\/www.europesays.com\/fr\/wp-json\/wp\/v2\/comments?post=527405"}],"version-history":[{"count":0,"href":"https:\/\/www.europesays.com\/fr\/wp-json\/wp\/v2\/posts\/527405\/revisions"}],"wp:featuredmedia":[{"embeddable":true,"href":"https:\/\/www.europesays.com\/fr\/wp-json\/wp\/v2\/media\/527406"}],"wp:attachment":[{"href":"https:\/\/www.europesays.com\/fr\/wp-json\/wp\/v2\/media?parent=527405"}],"wp:term":[{"taxonomy":"category","embeddable":true,"href":"https:\/\/www.europesays.com\/fr\/wp-json\/wp\/v2\/categories?post=527405"},{"taxonomy":"post_tag","embeddable":true,"href":"https:\/\/www.europesays.com\/fr\/wp-json\/wp\/v2\/tags?post=527405"}],"curies":[{"name":"wp","href":"https:\/\/api.w.org\/{rel}","templated":true}]}}