{"id":527407,"date":"2025-11-11T15:35:19","date_gmt":"2025-11-11T15:35:19","guid":{"rendered":"https:\/\/www.europesays.com\/fr\/527407\/"},"modified":"2025-11-11T15:35:19","modified_gmt":"2025-11-11T15:35:19","slug":"emmanuel-macron-recoit-mahmoud-abbas-a-paris-2","status":"publish","type":"post","link":"https:\/\/www.europesays.com\/fr\/527407\/","title":{"rendered":"Emmanuel Macron re\u00e7oit Mahmoud Abbas \u00e0 Paris"},"content":{"rendered":"<p class=\"mb-4 text-lg md:leading-8 break-words\">Emmanuel Macron re\u00e7oit ce mardi \u00e0 Paris Mahmoud Abbas.<\/p>\n<p class=\"mb-4 text-lg md:leading-8 break-words\">La visite du Pr\u00e9sident de l\u2019Autorit\u00e9 palestinienne s\u2019inscrit, selon un communiqu\u00e9 de l\u2019\u00c9lys\u00e9e, \u00ab\u00a0dans la continuit\u00e9 de la <a href=\"https:\/\/fr.news.yahoo.com\/france-mairies-font-flotter-drapeau-133031240.html\" data-ylk=\"slk:reconnaissance de l\u2019\u00c9tat palestinien;elm:context_link;itc:0;sec:content-canvas;outcm:mb_qualified_link;_E:mb_qualified_link;ct:story;\" class=\"link  yahoo-link\" target=\"_blank\" rel=\"noopener\">reconnaissance de l\u2019\u00c9tat palestinien<\/a>\u00ab\u00a0.<\/p>\n<p class=\"mb-4 text-lg md:leading-8 break-words\">Le communiqu\u00e9 pr\u00e9cise que les discussions entre les deux hommes porteront en premier lieu sur \u00ab\u00a0la mise en \u0153uvre d\u2019un plan de paix et de s\u00e9curit\u00e9 pour tous au Moyen-Orient\u00a0\u00bb.<\/p>\n<p class=\"mb-4 text-lg md:leading-8 break-words\"><b class=\"c-widget-related__title__text\">Related<\/b><\/p>\n<p class=\"mb-4 text-lg md:leading-8 break-words\">Emmanuel Macron \u00e9voquera, par ailleurs, la n\u00e9cessit\u00e9 d\u2019\u00a0\u00bbun acc\u00e8s continu \u00e0 l\u2019aide humanitaire \u00e0 Gaza\u00a0\u00bb et la question de \u00ab\u00a0la r\u00e9forme de l\u2019Autorit\u00e9 palestinienne\u00a0\u00bb.<\/p>\n<p class=\"mb-4 text-lg md:leading-8 break-words\">L\u2019ambassade d\u2019Isra\u00ebl en France estime, dans un communiqu\u00e9 publi\u00e9 sur X, que Mahmoud Abbas \u00ab\u00a0manipule la France\u00a0\u00bb et qualifie le Pr\u00e9sident de l\u2019Autorit\u00e9 palestinienne de \u00ab\u00a0n\u00e9gationniste de la Shoah\u00a0\u00bb dont la cote de popularit\u00e9 est \u00ab\u00a0inf\u00e9rieure \u00e0 15 %\u00a0\u00bb et qui se maintient au pouvoir \u00ab\u00a0depuis 20 ans\u00a0\u00bb.<\/p>\n<p class=\"mb-4 text-lg md:leading-8 break-words\">Le communiqu\u00e9 assure \u00e9galement que l\u2019Autorit\u00e9 palestinienne utilise une partie des fonds allou\u00e9s par la France et les autres pays europ\u00e9ens pour \u00ab\u00a0financer le train de vie fastueux d\u2019Abbas (\u2026) et r\u00e9mun\u00e9rer des terroristes selon le principe du \u00ab\u00a0Pay for Slay\u00a0\u00bb.\u00a0\u00bb<\/p>\n<p class=\"mb-4 text-lg md:leading-8 break-words\">Le \u00ab\u00a0Pay for Say\u00a0\u00bb d\u00e9signe le \u00ab\u00a0Fonds des martyrs\u00a0\u00bb, un m\u00e9canisme d&rsquo;aide aux familles des d\u00e9tenus et ou des Palestiniens d\u00e9c\u00e9d\u00e9s dans le cadre d&rsquo;actes de violence contre des Isra\u00e9liens, officiellement abrog\u00e9, en f\u00e9vrier, par l\u2019Autorit\u00e9 palestinienne mais qui, selon Isra\u00ebl, continue de fonctionner.<\/p>\n","protected":false},"excerpt":{"rendered":"Emmanuel Macron re\u00e7oit ce mardi \u00e0 Paris Mahmoud Abbas. La visite du Pr\u00e9sident de l\u2019Autorit\u00e9 palestinienne s\u2019inscrit, selon&hellip;\n","protected":false},"author":2,"featured_media":527408,"comment_status":"","ping_status":"","sticky":false,"template":"","format":"standard","meta":{"footnotes":""},"categories":[1888],"tags":[1111,1928,11,1927,32033,1073,1777,674,1011,27,9791,10059,12,1926,626,1925,25],"class_list":{"0":"post-527407","1":"post","2":"type-post","3":"status-publish","4":"format-standard","5":"has-post-thumbnail","7":"category-paris","8":"tag-actu","9":"tag-actu-paris","10":"tag-actualites","11":"tag-actualites-paris","12":"tag-cote-de-popularite","13":"tag-emmanuel-macron","14":"tag-eu","15":"tag-europe","16":"tag-fr","17":"tag-france","18":"tag-la-france","19":"tag-mahmoud-abbas","20":"tag-news","21":"tag-news-paris","22":"tag-paris","23":"tag-paris-news","24":"tag-republique-francaise"},"share_on_mastodon":{"url":"https:\/\/pubeurope.com\/@fr\/115531803709527969","error":""},"_links":{"self":[{"href":"https:\/\/www.europesays.com\/fr\/wp-json\/wp\/v2\/posts\/527407","targetHints":{"allow":["GET"]}}],"collection":[{"href":"https:\/\/www.europesays.com\/fr\/wp-json\/wp\/v2\/posts"}],"about":[{"href":"https:\/\/www.europesays.com\/fr\/wp-json\/wp\/v2\/types\/post"}],"author":[{"embeddable":true,"href":"https:\/\/www.europesays.com\/fr\/wp-json\/wp\/v2\/users\/2"}],"replies":[{"embeddable":true,"href":"https:\/\/www.europesays.com\/fr\/wp-json\/wp\/v2\/comments?post=527407"}],"version-history":[{"count":0,"href":"https:\/\/www.europesays.com\/fr\/wp-json\/wp\/v2\/posts\/527407\/revisions"}],"wp:featuredmedia":[{"embeddable":true,"href":"https:\/\/www.europesays.com\/fr\/wp-json\/wp\/v2\/media\/527408"}],"wp:attachment":[{"href":"https:\/\/www.europesays.com\/fr\/wp-json\/wp\/v2\/media?parent=527407"}],"wp:term":[{"taxonomy":"category","embeddable":true,"href":"https:\/\/www.europesays.com\/fr\/wp-json\/wp\/v2\/categories?post=527407"},{"taxonomy":"post_tag","embeddable":true,"href":"https:\/\/www.europesays.com\/fr\/wp-json\/wp\/v2\/tags?post=527407"}],"curies":[{"name":"wp","href":"https:\/\/api.w.org\/{rel}","templated":true}]}}