{"id":527413,"date":"2025-11-11T15:40:23","date_gmt":"2025-11-11T15:40:23","guid":{"rendered":"https:\/\/www.europesays.com\/fr\/527413\/"},"modified":"2025-11-11T15:40:23","modified_gmt":"2025-11-11T15:40:23","slug":"guerre-en-ukraine-la-russie-cherche-a-semparer-de-pokrovsk-en-massant-pres-de-150-000-soldats","status":"publish","type":"post","link":"https:\/\/www.europesays.com\/fr\/527413\/","title":{"rendered":"Guerre en Ukraine: la Russie cherche \u00e0 s\u2019emparer de Pokrovsk en massant pr\u00e8s de 150 000 soldats"},"content":{"rendered":"<p>Les temps sont durs sur la ligne de front <a class=\"Link \" href=\"https:\/\/www.lopinion.fr\/international\/ukraine-sortir-dune-guerre-sans-fin-par-zaki-laidi\" data-cms-ai=\"0\" rel=\"nofollow noopener\" target=\"_blank\">en Ukraine<\/a>, sp\u00e9cialement autour de Pokrovsk. Sur les pr\u00e8s de 700\u202f000 soldats pr\u00e9sents sur le territoire ukrainien, Moscou en aurait envoy\u00e9 150\u202f000 vers Pokrovsk, indique le <a class=\"Link \" href=\"https:\/\/nypost.com\/2025\/11\/10\/world-news\/russians-pour-150k-troops-into-latest-drive-to-overrun-ukraine-in-donetsk-really-a-tense-situation\/\" target=\"_blank\" data-cms-ai=\"0\" rel=\"nofollow noopener\">New York Post<\/a>. Ils seraient soutenus par des unit\u00e9s m\u00e9canis\u00e9es et quatre brigades d\u2019infanterie de marine. De quoi rendre la t\u00e2che ardue \u00e0 l\u2019arm\u00e9e ukrainienne qui d\u00e9fend co\u00fbte que co\u00fbte ce verrou cl\u00e9. <a class=\"Link \" href=\"https:\/\/www.lopinion.fr\/economie\/ou-va-la-russie-par-frederic-charillon\" data-cms-ai=\"0\" rel=\"nofollow noopener\" target=\"_blank\">Moscou<\/a> cherche \u00e0 encercler la ville afin de couper les lignes d\u2019approvisionnement. Une fois assi\u00e9g\u00e9e, la cit\u00e9 de Pokrovsk pourrait tomber.<\/p>\n<p>\u00ab\u00a0La situation sur la ligne de front est vraiment tendue, l\u2019ennemi menant une op\u00e9ration offensive strat\u00e9gique. [Les Russes] ont rassembl\u00e9 la majorit\u00e9 de leurs forces, cr\u00e9ant une sup\u00e9riorit\u00e9 num\u00e9rique afin de percer notre ligne de d\u00e9fense\u2026 et de s\u2019emparer de la zone\u00a0\u00bb, pr\u00e9cise Oleksandr Syrsky, le commandant en chef de l\u2019arm\u00e9e ukrainienne au quotidien am\u00e9ricain. Et le grad\u00e9 d\u2019ajouter\u00a0: \u00ab\u00a0Notre t\u00e2che est de faire en sorte que leur capacit\u00e9 de mobilisation soit \u00e9gale ou inf\u00e9rieure au nombre de pertes qu\u2019ils subissent\u00a0\u00bb.<\/p>\n<p><b>Drones kamikazes.<\/b> Des nouvelles plus proches encore du front parviennent gr\u00e2ce au 7e corps de r\u00e9action rapide ukrainien. Ces \u00ab\u00a0derniers jours, les Russes ont intensifi\u00e9 leurs efforts pour p\u00e9n\u00e9trer dans Pokrovsk sur des \u00e9quipements l\u00e9gers \u00e0 travers la banlieue sud. Pour cela, l\u2019ennemi a utilis\u00e9 des conditions m\u00e9t\u00e9orologiques d\u00e9favorables, dont un brouillard \u00e9pais qui r\u00e9duit les possibilit\u00e9s de reconnaissance a\u00e9rienne\u00a0\u00bb, explique ce dernier dans un communiqu\u00e9. Au total, toujours selon le 7e corps de r\u00e9action rapide ukrainien, il y aurait \u00ab\u00a0actuellement plus de 300 Russes dans la ville. Leur objectif reste inchang\u00e9\u00a0: atteindre les fronti\u00e8res septentrionales de Pokrovsk pour une nouvelle tentative d\u2019entourer l\u2019agglom\u00e9ration\u00a0\u00bb.<\/p>\n<p>Face \u00e0 cette situation difficile sur la ligne de front, alors que la Russie a lanc\u00e9 119 drones contre le territoire ukrainien dans la nuit du lundi 10 au mardi 11 novembre, rapporte <a class=\"Link \" href=\"https:\/\/www.lemonde.fr\/international\/live\/2025\/11\/11\/en-direct-guerre-en-ukraine-nouvelles-attaques-de-l-armee-ukrainienne-contre-des-raffineries-en-russie_6652765_3210.html\" target=\"_blank\" data-cms-ai=\"0\" rel=\"nofollow noopener\">Le Monde<\/a>, Kiev se montre r\u00e9actif et poursuit de nouvelles attaques contre des raffineries en Russie. La raffinerie de p\u00e9trole (NPR) Rosnef dans l\u2019oblast de Saratov a ainsi \u00e9t\u00e9 attaqu\u00e9e par des drones pendant la nuit et la matin\u00e9e du 11 novembre. Toujours dans la matin\u00e9e, des drones kamikazes ont \u00e9t\u00e9 lanc\u00e9s contre la raffinerie de p\u00e9trole Orsknefteorgsintez \u00e0 Orsk.<\/p>\n","protected":false},"excerpt":{"rendered":"Les temps sont durs sur la ligne de front en Ukraine, sp\u00e9cialement autour de Pokrovsk. Sur les pr\u00e8s&hellip;\n","protected":false},"author":2,"featured_media":527414,"comment_status":"","ping_status":"","sticky":false,"template":"","format":"standard","meta":{"footnotes":""},"categories":[1591],"tags":[11,1887,12,1885,1886,132],"class_list":{"0":"post-527413","1":"post","2":"type-post","3":"status-publish","4":"format-standard","5":"has-post-thumbnail","7":"category-russie","8":"tag-actualites","9":"tag-federation-de-russie","10":"tag-news","11":"tag-russia","12":"tag-russian-federation","13":"tag-russie"},"share_on_mastodon":{"url":"https:\/\/pubeurope.com\/@fr\/115531823487099745","error":""},"_links":{"self":[{"href":"https:\/\/www.europesays.com\/fr\/wp-json\/wp\/v2\/posts\/527413","targetHints":{"allow":["GET"]}}],"collection":[{"href":"https:\/\/www.europesays.com\/fr\/wp-json\/wp\/v2\/posts"}],"about":[{"href":"https:\/\/www.europesays.com\/fr\/wp-json\/wp\/v2\/types\/post"}],"author":[{"embeddable":true,"href":"https:\/\/www.europesays.com\/fr\/wp-json\/wp\/v2\/users\/2"}],"replies":[{"embeddable":true,"href":"https:\/\/www.europesays.com\/fr\/wp-json\/wp\/v2\/comments?post=527413"}],"version-history":[{"count":0,"href":"https:\/\/www.europesays.com\/fr\/wp-json\/wp\/v2\/posts\/527413\/revisions"}],"wp:featuredmedia":[{"embeddable":true,"href":"https:\/\/www.europesays.com\/fr\/wp-json\/wp\/v2\/media\/527414"}],"wp:attachment":[{"href":"https:\/\/www.europesays.com\/fr\/wp-json\/wp\/v2\/media?parent=527413"}],"wp:term":[{"taxonomy":"category","embeddable":true,"href":"https:\/\/www.europesays.com\/fr\/wp-json\/wp\/v2\/categories?post=527413"},{"taxonomy":"post_tag","embeddable":true,"href":"https:\/\/www.europesays.com\/fr\/wp-json\/wp\/v2\/tags?post=527413"}],"curies":[{"name":"wp","href":"https:\/\/api.w.org\/{rel}","templated":true}]}}