{"id":527417,"date":"2025-11-11T15:42:18","date_gmt":"2025-11-11T15:42:18","guid":{"rendered":"https:\/\/www.europesays.com\/fr\/527417\/"},"modified":"2025-11-11T15:42:18","modified_gmt":"2025-11-11T15:42:18","slug":"pourquoi-les-etats-unis-et-liran-sont-si-concernes-par-les-elections-legislatives-en-irak","status":"publish","type":"post","link":"https:\/\/www.europesays.com\/fr\/527417\/","title":{"rendered":"Pourquoi les \u00c9tats-Unis et l\u2019Iran sont si concern\u00e9s par les \u00e9lections l\u00e9gislatives en Irak\u00a0?"},"content":{"rendered":"<p>1 Quel est l\u2019enjeu pour l\u2019Iran et les \u00c9tats-Unis\u00a0?<\/p>\n<p>Comme son pr\u00e9d\u00e9cesseur, <a href=\"https:\/\/www.letelegramme.fr\/monde\/irak-abdel-latif-rachid-elu-president-de-la-republique-344818.php\" target=\"_blank\" rel=\"noopener\">Mohamed Chia al-Soudani<\/a>, le nouveau Premier ministre devra maintenir l\u2019\u00e9quilibre d\u00e9licat entre les alli\u00e9s de l\u2019Irak, Iran et \u00c9tats-Unis. Depuis l\u2019invasion am\u00e9ricaine, l\u2019Iran a vu ses alli\u00e9s chiites s\u2019installer dans les cercles du pouvoir \u00e0 Bagdad. Pendant plus de deux d\u00e9cennies, T\u00e9h\u00e9ran a exerc\u00e9 une influence majeure en Irak, o\u00f9 il ne soutient pas seulement d\u2019influentes personnalit\u00e9s politiques mais aussi des groupes arm\u00e9s. Mais \u00ab\u00a0les Iraniens n\u2019ont jamais \u00e9t\u00e9 aussi faibles\u00a0\u00bb depuis 2003, estime l\u2019analyste politique Hamzeh Hadad, un Irakien bas\u00e9 aux \u00c9tats-Unis.<\/p>\n<p>Depuis le d\u00e9but de la guerre \u00e0 Gaza, en 2023, les alli\u00e9s de la R\u00e9publique islamique &#8211; Hamas, Hezbollah au Liban, Houthis au Y\u00e9men &#8211; ont subi de lourdes pertes face \u00e0 Isra\u00ebl, qui a aussi men\u00e9 en juin une guerre de 12 jours contre l\u2019Iran. T\u00e9h\u00e9ran a en outre perdu un alli\u00e9 majeur avec la chute de Bachar al-Assad en Syrie fin 2024.<\/p>\n<p>Les Iraniens \u00ab\u00a0savent qu\u2019il n\u2019est pas dans leur int\u00e9r\u00eat de trop s\u2019ing\u00e9rer publiquement\u00a0\u00bb en Irak, leur seul alli\u00e9 r\u00e9gional qu\u2019Isra\u00ebl n\u2019a pas dans sa ligne de mire, selon Hamzeh Hadad. Mais l\u2019Iran \u00ab\u00a0n\u2019a pas n\u00e9cessairement \u00e0 montrer sa force. Il est tout simplement devenu naturel pour les dirigeants irakiens de donner la priorit\u00e9 \u00e0 l\u2019Iran\u00a0\u00bb, ajoute-t-il.<\/p>\n<p>Aujourd\u2019hui, l\u2019Iran a plusieurs int\u00e9r\u00eats en Irak\u00a0: conserver son influence, d\u00e9fier l\u2019ennemi am\u00e9ricain avec de puissants groupes arm\u00e9s soutenus par T\u00e9h\u00e9ran et maintenir le march\u00e9 irakien ouvert aux produits de son \u00e9conomie exsangue.<\/p>\n<p>Les \u00c9tats-Unis cherchent, \u00e0 l\u2019inverse, \u00e0 affaiblir l\u2019influence iranienne. Ils font depuis longtemps pression sur Bagdad pour le d\u00e9sarmement des groupes soutenus par l\u2019Iran et, en sanctionnant des entit\u00e9s et banques irakiennes, s\u2019emploient \u00e0 affaiblir la capacit\u00e9 de T\u00e9h\u00e9ran \u00e0 contourner les sanctions internationales. Une strat\u00e9gie qu\u2019ils devraient poursuivre.<\/p>\n<p>2 Quelles sont les prochaines \u00e9tapes apr\u00e8s cette \u00e9lection\u00a0?<\/p>\n<p>Les Irakiens ont \u00e9t\u00e9 appel\u00e9s, ce mardi 11 novembre, \u00e0 voter pour \u00e9lire un nouveau Parlement. Une fois les r\u00e9sultats de ces \u00e9lections ratifi\u00e9s par la Cour supr\u00eame (les premiers r\u00e9sultats sont attendus ce mercredi, dans l\u2019apr\u00e8s-midi), les nouveaux d\u00e9put\u00e9s devront, deux semaines plus tard, pr\u00eater serment et choisir le pr\u00e9sident du Parlement, traditionnellement issu de la communaut\u00e9 sunnite. Sous 30 jours, le Parlement doit ensuite \u00e9lire, \u00e0 la majorit\u00e9 des deux tiers, le chef de l\u2019\u00c9tat, un Kurde. Celui-ci doit nommer sous 15 jours un Premier ministre. D\u00e9sign\u00e9 par le principal bloc parlementaire chiite, il dispose d\u2019un mois pour former un gouvernement et demander la confiance au Parlement.<\/p>\n<p>Le processus est souvent compliqu\u00e9, et ses \u00e9tapes retard\u00e9es, par les querelles politiques entre factions rivales, qui peuvent aussi gagner la rue.<\/p>\n<p>3 Comment se forme le gouvernement\u00a0?<\/p>\n<p>Les pr\u00e9c\u00e9dentes d\u00e9signations d\u2019un Premier ministre et formations de gouvernement ne se sont pas faites sans mal. Dans les l\u00e9gislatures pr\u00e9c\u00e9dentes, les partis de la majorit\u00e9 chiite ont conclu des alliances pour travailler ensemble et former un gouvernement. Aucune coalition ne pouvant de fait pr\u00e9tendre \u00e0 une majorit\u00e9 absolue, en raison de la composition communautaire du pays, le prochain dirigeant sera \u00e9lu par celle qui pourra former, avec des alli\u00e9s, le bloc le plus important.<\/p>\n","protected":false},"excerpt":{"rendered":"1 Quel est l\u2019enjeu pour l\u2019Iran et les \u00c9tats-Unis\u00a0? Comme son pr\u00e9d\u00e9cesseur, Mohamed Chia al-Soudani, le nouveau Premier&hellip;\n","protected":false},"author":2,"featured_media":527418,"comment_status":"","ping_status":"","sticky":false,"template":"","format":"standard","meta":{"footnotes":""},"categories":[1589],"tags":[11,765,73,1866,74,12,1864,1865,1863,308],"class_list":{"0":"post-527417","1":"post","2":"type-post","3":"status-publish","4":"format-standard","5":"has-post-thumbnail","7":"category-etats-unis","8":"tag-actualites","9":"tag-en-continu","10":"tag-etats-unis","11":"tag-etats-unis-damerique","12":"tag-monde","13":"tag-news","14":"tag-united-states","15":"tag-united-states-of-america","16":"tag-us","17":"tag-usa"},"share_on_mastodon":{"url":"https:\/\/pubeurope.com\/@fr\/115531831340820164","error":""},"_links":{"self":[{"href":"https:\/\/www.europesays.com\/fr\/wp-json\/wp\/v2\/posts\/527417","targetHints":{"allow":["GET"]}}],"collection":[{"href":"https:\/\/www.europesays.com\/fr\/wp-json\/wp\/v2\/posts"}],"about":[{"href":"https:\/\/www.europesays.com\/fr\/wp-json\/wp\/v2\/types\/post"}],"author":[{"embeddable":true,"href":"https:\/\/www.europesays.com\/fr\/wp-json\/wp\/v2\/users\/2"}],"replies":[{"embeddable":true,"href":"https:\/\/www.europesays.com\/fr\/wp-json\/wp\/v2\/comments?post=527417"}],"version-history":[{"count":0,"href":"https:\/\/www.europesays.com\/fr\/wp-json\/wp\/v2\/posts\/527417\/revisions"}],"wp:featuredmedia":[{"embeddable":true,"href":"https:\/\/www.europesays.com\/fr\/wp-json\/wp\/v2\/media\/527418"}],"wp:attachment":[{"href":"https:\/\/www.europesays.com\/fr\/wp-json\/wp\/v2\/media?parent=527417"}],"wp:term":[{"taxonomy":"category","embeddable":true,"href":"https:\/\/www.europesays.com\/fr\/wp-json\/wp\/v2\/categories?post=527417"},{"taxonomy":"post_tag","embeddable":true,"href":"https:\/\/www.europesays.com\/fr\/wp-json\/wp\/v2\/tags?post=527417"}],"curies":[{"name":"wp","href":"https:\/\/api.w.org\/{rel}","templated":true}]}}