{"id":527421,"date":"2025-11-11T15:44:12","date_gmt":"2025-11-11T15:44:12","guid":{"rendered":"https:\/\/www.europesays.com\/fr\/527421\/"},"modified":"2025-11-11T15:44:12","modified_gmt":"2025-11-11T15:44:12","slug":"allemagne-la-justice-condamne-openai-pour-usage-illegal-de-paroles-de-chansons-linfo-re","status":"publish","type":"post","link":"https:\/\/www.europesays.com\/fr\/527421\/","title":{"rendered":"Allemagne : la justice condamne OpenAI pour usage ill\u00e9gal de paroles de chansons &#8211; LINFO.re"},"content":{"rendered":"<p>Le tribunal de Munich a statu\u00e9 ce mardi 11 novembre 2025 contre la maison m\u00e8re de Chat GPT, estimant que l\u2019entreprise am\u00e9ricaine avait viol\u00e9 le droit d\u2019auteur.<\/p>\n<p>\t\t\t\t\t\t<strong>Reproduction de paroles sans autorisation<\/strong><\/p>\n<p style=\"text-align: justify;\">Cette affaire, initi\u00e9e par la <strong>GEMA<\/strong>, organisation repr\u00e9sentant pr\u00e8s de 100 000 cr\u00e9ateurs allemands, constitue une premi\u00e8re en Europe. La plainte, d\u00e9pos\u00e9e en novembre 2024, visait l\u2019utilisation d\u2019\u0153uvres musicales dans l\u2019entra\u00eenement des mod\u00e8les d\u2019intelligence artificielle d\u2019<a href=\"https:\/\/www.linfo.re\/magazine\/high-tech\/chatgpt-atlas-openai-lance-un-nouveau-navigateur-pour-defier-google\" target=\"_blank\" rel=\"noopener\"><strong>OpenAI<\/strong><\/a><a href=\"https:\/\/www.linfo.re\/magazine\/high-tech\/chatgpt-atlas-openai-lance-un-nouveau-navigateur-pour-defier-google\" target=\"_blank\" rel=\"noopener\"><strong>.<\/strong><\/a><\/p>\n<p><strong>Des pratiques jug\u00e9es ill\u00e9gales<\/strong><\/p>\n<p style=\"text-align: justify;\">Selon la d\u00e9cision du tribunal, les mod\u00e8les linguistiques de la soci\u00e9t\u00e9 et les r\u00e9ponses du chatbot <a href=\"https:\/\/www.linfo.re\/la-reunion\/societe\/chatgpt-un-outil-indispensable-au-quotidien\" target=\"_blank\" rel=\"noopener\"><strong>ChatGPT<\/strong><\/a> int\u00e8grent et <strong>restituent des textes prot\u00e9g\u00e9s sans licence<\/strong> ni r\u00e9mun\u00e9ration. La cour s\u2019appuie sur une jurisprudence de la CJUE, consid\u00e9rant qu\u2019une perception indirecte suffit \u00e0 \u00e9tablir une reproduction.<\/p>\n<p><strong>Une d\u00e9cision \u00e0 port\u00e9e mondiale<\/strong><\/p>\n<p style=\"text-align: justify;\"><strong>OpenAI<\/strong>, qui revendique 700 millions d\u2019utilisateurs hebdomadaires, a ni\u00e9 toute infraction, affirmant que ses syst\u00e8mes n\u2019enregistrent pas d\u2019\u0153uvres individuelles. La GEMA salue cependant une victoire majeure pour la protection des auteurs et appelle \u00e0 une r\u00e9gulation renforc\u00e9e dans le cadre du r\u00e8glement europ\u00e9en sur l\u2019IA (AI Act). Pour les cr\u00e9ateurs, \u00ab\u00a0la subsistance\u00a0\u00bb est en jeu. Ce jugement renforce les appels \u00e0 une r\u00e9gulation plus stricte du secteur.<\/p>\n<p style=\"text-align: justify;\">Sources\u00a0: TV5 Monde, BFMTV<\/p>\n<p style=\"text-align: justify;\">Retrouvez le dossier sur le <a href=\"https:\/\/www.linfo.re\/magazine\/high-tech\/https:\/\/www.linfo.re\/magazine\/high-tech\/\" target=\"_blank\" rel=\"noopener\"><strong>High tech<\/strong><\/a>\u00a0<\/p>\n","protected":false},"excerpt":{"rendered":"Le tribunal de Munich a statu\u00e9 ce mardi 11 novembre 2025 contre la maison m\u00e8re de Chat GPT,&hellip;\n","protected":false},"author":2,"featured_media":527422,"comment_status":"","ping_status":"","sticky":false,"template":"","format":"standard","meta":{"footnotes":""},"categories":[1587],"tags":[47,11,672,1804,1805,1803,1777,674,1801,142,1922,223,1031,12,1802],"class_list":{"0":"post-527421","1":"post","2":"type-post","3":"status-publish","4":"format-standard","5":"has-post-thumbnail","7":"category-allemagne","8":"tag-actualite","9":"tag-actualites","10":"tag-allemagne","11":"tag-bundesrepublik-deutschland","12":"tag-de","13":"tag-deutschland","14":"tag-eu","15":"tag-europe","16":"tag-germany","17":"tag-high-tech","18":"tag-info","19":"tag-intelligence-artificielle","20":"tag-magazine","21":"tag-news","22":"tag-republique-federale-dallemagne"},"share_on_mastodon":{"url":"https:\/\/pubeurope.com\/@fr\/115531839246912131","error":""},"_links":{"self":[{"href":"https:\/\/www.europesays.com\/fr\/wp-json\/wp\/v2\/posts\/527421","targetHints":{"allow":["GET"]}}],"collection":[{"href":"https:\/\/www.europesays.com\/fr\/wp-json\/wp\/v2\/posts"}],"about":[{"href":"https:\/\/www.europesays.com\/fr\/wp-json\/wp\/v2\/types\/post"}],"author":[{"embeddable":true,"href":"https:\/\/www.europesays.com\/fr\/wp-json\/wp\/v2\/users\/2"}],"replies":[{"embeddable":true,"href":"https:\/\/www.europesays.com\/fr\/wp-json\/wp\/v2\/comments?post=527421"}],"version-history":[{"count":0,"href":"https:\/\/www.europesays.com\/fr\/wp-json\/wp\/v2\/posts\/527421\/revisions"}],"wp:featuredmedia":[{"embeddable":true,"href":"https:\/\/www.europesays.com\/fr\/wp-json\/wp\/v2\/media\/527422"}],"wp:attachment":[{"href":"https:\/\/www.europesays.com\/fr\/wp-json\/wp\/v2\/media?parent=527421"}],"wp:term":[{"taxonomy":"category","embeddable":true,"href":"https:\/\/www.europesays.com\/fr\/wp-json\/wp\/v2\/categories?post=527421"},{"taxonomy":"post_tag","embeddable":true,"href":"https:\/\/www.europesays.com\/fr\/wp-json\/wp\/v2\/tags?post=527421"}],"curies":[{"name":"wp","href":"https:\/\/api.w.org\/{rel}","templated":true}]}}