{"id":527423,"date":"2025-11-11T15:45:22","date_gmt":"2025-11-11T15:45:22","guid":{"rendered":"https:\/\/www.europesays.com\/fr\/527423\/"},"modified":"2025-11-11T15:45:22","modified_gmt":"2025-11-11T15:45:22","slug":"cac40-locomotive-de-leurope-bondit-de-26-en-48h-bat-le-nasdaq-11-11-2025-a-1627","status":"publish","type":"post","link":"https:\/\/www.europesays.com\/fr\/527423\/","title":{"rendered":"CAC40 : locomotive de l&rsquo;Europe, bondit de +2,6% en 48H, bat le Nasdaq &#8211; 11\/11\/2025 \u00e0 16:27"},"content":{"rendered":"<p>                                                                Apr\u00e8s avoir gagn\u00e9 1,3% hier, la Bourse de Paris double la mise en ce 11 novembre, dans des volumes insignifiants (900MnsE en 7 heures) mais personne n&rsquo;ose  vendre quoi que ce soit quand les locomotives du luxe repartent \u00e0 pleine vapeur : +3,5%% pour Herm\u00e8s et  LVMH ou encore +2,6% pour Kering&#8230; puis St Gobain et Stellantis.<br \/>\n<br \/>M\u00eame si ce mardi est jour f\u00e9ri\u00e9, les volumes d&rsquo;\u00e9change sont tellement inexistants que cela contribue \u00e0 accentuer la volatilit\u00e9&#8230; et le CAC40 qui repasse au-dessus des 8.160Pts r\u00e9alise une meilleure performance que le Nasdaq ou le S&amp;P500 sur 48H, alors que le pr\u00e9texte du rebond du d\u00e9but de la semaine r\u00e9side dans l&rsquo;optimisme li\u00e9 \u00e0 la cessation  du &lsquo;shutdown&rsquo; aux Etats-Unis : le S\u00e9nat am\u00e9ricain s&rsquo;est prononc\u00e9 dans la nuit en faveur d&rsquo;un texte de loi visant \u00e0 mettre fin au blocage partiel des administrations f\u00e9d\u00e9rales apr\u00e8s 41 jours de paralysie.<\/p>\n<p>Wall Street, contrairement \u00e0 Paris qui tire toute l&rsquo;Europe (l&rsquo;E-Stoxx50 gagne +1% gr\u00e2ce aux 3 composantes &lsquo;luxe&rsquo; fran\u00e7aises) se montre beaucoup plus h\u00e9sitant depuis l&rsquo;ouverture avec -0,3% pour le &lsquo;S&amp;P&rsquo; et -0,6% pour le Nasdaq.<br \/>\n<br \/>L&rsquo;indice VIX de la volatilit\u00e9, le barom\u00e8tre de la peur \u00e0 Wall Street, qui s&rsquo;\u00e9tait tendu vers 22,7 vendredi, a rechut\u00e9 vers 17,5 ce mardi (inchang\u00e9 \u00e0 16H15), soit une baisse de 22% en quelques heures de cotations prises en continu.\n<\/p>\n<p>Qu&rsquo;est-ce qui va donc si bien pour les valeurs fran\u00e7aises au point que Wall Street ne parvient pas \u00e0 tenir le rythme ?<br \/>\n<br \/>Le compromis qui met fin au &lsquo;shutdown&rsquo; conclu par les s\u00e9nateurs \u00e0 60 voix pour et 40 contre, doit maintenant \u00eatre approuv\u00e9 par la Chambre des repr\u00e9sentants, o\u00f9 les r\u00e9publicains disposent de la majorit\u00e9, avant sa promulgation d\u00e9finitive par le pr\u00e9sident Donald Trump.\n<\/p>\n<p>&lsquo;Cela veut dire que le gouvernement am\u00e9ricain pourrait rouvrir d\u00e8s mercredi, apr\u00e8s le jour de l&rsquo;Armistice, si la Chambre des repr\u00e9sentants devait soutenir le texte qui vise \u00e0 financer les services publics&rsquo;, indique Kenneth Broux, le responsable de la recherche devises et taux \u00e0 la Soci\u00e9t\u00e9 G\u00e9n\u00e9rale, bas\u00e9 \u00e0 Londres.\n<\/p>\n<p>L&rsquo;accord permet d&rsquo;am\u00e9liorer les perspectives pour la croissance \u00e9conomique am\u00e9ricaine \u00e0 un moment, celui de la fin de l&rsquo;ann\u00e9e, o\u00f9 les march\u00e9s d&rsquo;actions am\u00e9ricains prennent g\u00e9n\u00e9ralement le chemin de la hausse, ce qui constitue un \u00e9l\u00e9ment porteur.\n<\/p>\n<p>La r\u00e9ouverture des services publics pourrait par ailleurs annoncer une d\u00e9ferlante de statistiques \u00e9conomiques dans les jours \u00e0 venir apr\u00e8s quasiment six semaines de disette. D&rsquo;apr\u00e8s Kenneth Broux, l&rsquo;analyste de SG, le D\u00e9partement am\u00e9ricain du travail pourrait publier le rapport sur l&#8217;emploi pour le mois de septembre d\u00e8s ce vendredi.\n<\/p>\n<p>Reste \u00e0 savoir si la fin du blocage budg\u00e9taire aux Etats-Unis permettra aux march\u00e9s boursiers mondiaux de se remettre sur de bons rails apr\u00e8s les tumultes de la semaine derni\u00e8re.\n<\/p>\n<p>&lsquo;Ce ne sont pas les niveaux de valorisations qui poussent les march\u00e9s en territoire baissier, ce sont les r\u00e9cessions&rsquo;, rappelle Neil Wilson, strat\u00e9giste chez Saxo Banque.\n<\/p>\n<p>&lsquo;C&rsquo;est la raison pour laquelle les cons\u00e9quences du &lsquo;shutdown&rsquo; commen\u00e7aient \u00e0 inqui\u00e9ter Wall Street&rsquo;, souligne-t-il.\n<\/p>\n<p>Sur le compartiment obligataire, on observe des variations assez paradoxales : le &rsquo;30 ans&rsquo; se tend de +1Pt vers 4,712% mais le &rsquo;10 ans&rsquo; efface -3,5Pts vers 4,0760%.<br \/>\n<br \/>En Europe, le Bund \u00e0 10 ans se d\u00e9tend de -1,5Pt \u00e0 2,657% tout comme l&rsquo;OAT de m\u00eame \u00e9ch\u00e9ance, \u00e0 3,422%.\n<\/p>\n<p>\u00c0 Londres, le Brent rebondit vigoureusement de 1,5%, \u00e0 65 USD le baril.<br \/>\n<br \/>L&rsquo;euro red\u00e9colle de +0,35% face au billet vert, \u00e0 1,1600 USD, l&rsquo;Or reste stable vers 4.110$\/Oz.\n<\/p>\n<p>Dans l&rsquo;actualit\u00e9 des soci\u00e9t\u00e9s tricolores, Medincell a annonc\u00e9 hier soir son inclusion dans l&rsquo;indice MSCI World Small Cap \u00e0 compter du 24 novembre 2025. Cet indice regroupe les soci\u00e9t\u00e9s \u00e0 petite capitalisation les plus liquides et performantes de 23 march\u00e9s d\u00e9velopp\u00e9s.<br \/>\n<br \/>La soci\u00e9t\u00e9 de private equity Audacia annonce un partenariat avec l&rsquo;OEuvre nationale du Bleuet de France, &lsquo;symbole national de la m\u00e9moire et de la solidarit\u00e9 envers le monde combattant&rsquo;, via son nouveau fonds d\u00e9di\u00e9 \u00e0 la d\u00e9fense et \u00e0 la souverainet\u00e9 industrielle, Straton.<\/p>\n","protected":false},"excerpt":{"rendered":"Apr\u00e8s avoir gagn\u00e9 1,3% hier, la Bourse de Paris double la mise en ce 11 novembre, dans des&hellip;\n","protected":false},"author":2,"featured_media":17400,"comment_status":"","ping_status":"","sticky":false,"template":"","format":"standard","meta":{"footnotes":""},"categories":[1586],"tags":[400,11,398,408,405,1777,674,1011,27,403,402,399,404,12,25,401,406,407],"class_list":{"0":"post-527423","1":"post","2":"type-post","3":"status-publish","4":"format-standard","5":"has-post-thumbnail","7":"category-europe","8":"tag-action-cac-40","9":"tag-actualites","10":"tag-bourse-de-paris","11":"tag-boursorama","12":"tag-cotations","13":"tag-eu","14":"tag-europe","15":"tag-fr","16":"tag-france","17":"tag-indices-devises","18":"tag-investir","19":"tag-investissement","20":"tag-marche-boursier","21":"tag-news","22":"tag-republique-francaise","23":"tag-sicav","24":"tag-trackers","25":"tag-warrants"},"share_on_mastodon":{"url":"https:\/\/pubeurope.com\/@fr\/115531843548488201","error":""},"_links":{"self":[{"href":"https:\/\/www.europesays.com\/fr\/wp-json\/wp\/v2\/posts\/527423","targetHints":{"allow":["GET"]}}],"collection":[{"href":"https:\/\/www.europesays.com\/fr\/wp-json\/wp\/v2\/posts"}],"about":[{"href":"https:\/\/www.europesays.com\/fr\/wp-json\/wp\/v2\/types\/post"}],"author":[{"embeddable":true,"href":"https:\/\/www.europesays.com\/fr\/wp-json\/wp\/v2\/users\/2"}],"replies":[{"embeddable":true,"href":"https:\/\/www.europesays.com\/fr\/wp-json\/wp\/v2\/comments?post=527423"}],"version-history":[{"count":0,"href":"https:\/\/www.europesays.com\/fr\/wp-json\/wp\/v2\/posts\/527423\/revisions"}],"wp:featuredmedia":[{"embeddable":true,"href":"https:\/\/www.europesays.com\/fr\/wp-json\/wp\/v2\/media\/17400"}],"wp:attachment":[{"href":"https:\/\/www.europesays.com\/fr\/wp-json\/wp\/v2\/media?parent=527423"}],"wp:term":[{"taxonomy":"category","embeddable":true,"href":"https:\/\/www.europesays.com\/fr\/wp-json\/wp\/v2\/categories?post=527423"},{"taxonomy":"post_tag","embeddable":true,"href":"https:\/\/www.europesays.com\/fr\/wp-json\/wp\/v2\/tags?post=527423"}],"curies":[{"name":"wp","href":"https:\/\/api.w.org\/{rel}","templated":true}]}}